{"id":6899,"date":"2019-07-12T10:10:01","date_gmt":"2019-07-12T10:10:01","guid":{"rendered":"http:\/\/www.uhu.es\/biblioteca\/labuhardilla\/?p=6899"},"modified":"2019-07-25T09:44:12","modified_gmt":"2019-07-25T09:44:12","slug":"102-donaciones-y-un-lapiz","status":"publish","type":"post","link":"https:\/\/www.uhu.es\/biblioteca\/labuhardilla\/?p=6899","title":{"rendered":"102 donaciones y un l\u00e1piz"},"content":{"rendered":"\n<div class=\"wp-block-image\"><figure class=\"alignleft is-resized\"><img loading=\"lazy\" src=\"http:\/\/www.uhu.es\/biblioteca\/labuhardilla\/wp-content\/uploads\/2019\/07\/enara_l\u00e1pices-solidarios-412x1024.jpg\" alt=\"L\u00e1pices Solidarios\" class=\"wp-image-6900\" width=\"249\" height=\"619\" srcset=\"https:\/\/www.uhu.es\/biblioteca\/labuhardilla\/wp-content\/uploads\/2019\/07\/enara_l\u00e1pices-solidarios-412x1024.jpg 412w, https:\/\/www.uhu.es\/biblioteca\/labuhardilla\/wp-content\/uploads\/2019\/07\/enara_l\u00e1pices-solidarios-121x300.jpg 121w, https:\/\/www.uhu.es\/biblioteca\/labuhardilla\/wp-content\/uploads\/2019\/07\/enara_l\u00e1pices-solidarios.jpg 600w\" sizes=\"(max-width: 249px) 100vw, 249px\" \/><\/figure><\/div>\n\n\n\n<p style=\"font-size:18px;text-align:left\" class=\"has-background has-very-light-gray-background-color\">Hace unos meses, la  Biblioteca de la Universidad de Huelva lanz\u00f3 una campa\u00f1a para convertir las sanciones en actos solidarios.  Se trata de una iniciativa enmarcada dentro de lo que conocemos como Biblioteca Social e inspirada en otra llevada a cabo por la Universidad de Granada. <\/p>\n\n\n\n<p style=\"font-size:18px\" class=\"has-text-color has-background has-very-dark-gray-color has-very-light-gray-background-color\"><br><br>  Los usuarios de la biblioteca podr\u00e1n anular la sanci\u00f3n que provoca el retraso de la devoluci\u00f3n de los libros (que es uno de los casos m\u00e1s habituales) mediante la entrega de l\u00e1pices, bol\u00edgrafos, cuadernos\u2026 Ese material se le hace llegar a la <a rel=\"noreferrer noopener\" aria-label=\" (abre en una nueva pesta\u00f1a)\" href=\"https:\/\/guiasbuh.uhu.es\/c.php?g=673189&amp;p=4785135\" target=\"_blank\">Asociaci\u00f3n Agua Viva<\/a>,  \u00a0cuya finalidad es la inserci\u00f3n sociolaboral de colectivos desfavorecidos. <\/p>\n\n\n\n<p style=\"background-color:#e4eaec;font-size:18px\" class=\"has-background\"><br> Con este sistema se pretende convertir los descuidos en solidaridad. Quienes hayan cometido esos \u201cdescuidos\u201d se  pueden informar en <a rel=\"noreferrer noopener\" aria-label=\"esta gu\u00eda (abre en una nueva pesta\u00f1a)\" href=\"https:\/\/guiasbuh.uhu.es\/c.php?g=673189&amp;p=4785133\" target=\"_blank\">esta gu\u00eda<\/a> sobre el procedimiento para poder seguir utilizando el servicio de pr\u00e9stamo de la biblioteca.<br> <br> <\/p>\n\n\n\n<div class=\"wp-block-image\"><figure class=\"aligncenter is-resized\"><img loading=\"lazy\" src=\"http:\/\/www.uhu.es\/biblioteca\/labuhardilla\/wp-content\/uploads\/2019\/07\/Tabla-de-Cambio.png\" alt=\"\" class=\"wp-image-6902\" width=\"574\" height=\"238\" srcset=\"https:\/\/www.uhu.es\/biblioteca\/labuhardilla\/wp-content\/uploads\/2019\/07\/Tabla-de-Cambio.png 600w, https:\/\/www.uhu.es\/biblioteca\/labuhardilla\/wp-content\/uploads\/2019\/07\/Tabla-de-Cambio-300x125.png 300w\" sizes=\"(max-width: 574px) 100vw, 574px\" \/><figcaption>Tabla de equivalencias<\/figcaption><\/figure><\/div>\n\n\n\n<div class=\"wp-block-image\"><figure class=\"alignright is-resized\"><img loading=\"lazy\" src=\"http:\/\/www.uhu.es\/biblioteca\/labuhardilla\/wp-content\/uploads\/2019\/07\/WhatsApp-Image-2019-06-05-at-16.52.50-1-1024x768.jpeg\" alt=\"\" class=\"wp-image-6904\" width=\"373\" height=\"280\" srcset=\"https:\/\/www.uhu.es\/biblioteca\/labuhardilla\/wp-content\/uploads\/2019\/07\/WhatsApp-Image-2019-06-05-at-16.52.50-1-1024x768.jpeg 1024w, https:\/\/www.uhu.es\/biblioteca\/labuhardilla\/wp-content\/uploads\/2019\/07\/WhatsApp-Image-2019-06-05-at-16.52.50-1-300x225.jpeg 300w, https:\/\/www.uhu.es\/biblioteca\/labuhardilla\/wp-content\/uploads\/2019\/07\/WhatsApp-Image-2019-06-05-at-16.52.50-1-768x576.jpeg 768w, https:\/\/www.uhu.es\/biblioteca\/labuhardilla\/wp-content\/uploads\/2019\/07\/WhatsApp-Image-2019-06-05-at-16.52.50-1.jpeg 1599w\" sizes=\"(max-width: 373px) 100vw, 373px\" \/><figcaption>Material entregado a la Asociaci\u00f3n AguaViva<\/figcaption><\/figure><\/div>\n\n\n\n<p style=\"font-size:18px\" class=\"has-background has-very-light-gray-background-color\">Los resultados hasta el momento han sido muy satisfactorios, nuestros usuarios\/as han tra\u00eddo, incluso voluntariamente, material escolar (no es necesario estar sancionado para colaborar). La iniciativa de la Biblioteca de la Universidad de Huelva, que se desarrolla en los campus del Carmen y Merced adem\u00e1s de las salas de lectura , est\u00e1 teniendo una excelente respuesta entre los usuarios\/as de la misma, en su mayor\u00eda estudiantes de la propia instituci\u00f3n acad\u00e9mica, que valoran muy positivamente una idea con fines solidarios que, adem\u00e1s, les permite volver a hacer uso del servicio de pr\u00e9stamo.<\/p>\n\n\n\n<h3 style=\"text-align:center\"> Tras 6 meses de campa\u00f1a, hemos realizado la primera entrega de material escolar a la <a rel=\"noreferrer noopener\" href=\"https:\/\/guiasbuh.uhu.es\/c.php?g=673189&amp;p=4785135\" target=\"_blank\">Asociaci\u00f3n Agua Viva<\/a>.  <\/h3>\n\n\n\n<div class=\"wp-block-image\"><figure class=\"aligncenter is-resized\"><img loading=\"lazy\" src=\"http:\/\/www.uhu.es\/biblioteca\/labuhardilla\/wp-content\/uploads\/2019\/07\/koiki.png\" alt=\"\" class=\"wp-image-6903\" width=\"406\" height=\"478\" srcset=\"https:\/\/www.uhu.es\/biblioteca\/labuhardilla\/wp-content\/uploads\/2019\/07\/koiki.png 499w, https:\/\/www.uhu.es\/biblioteca\/labuhardilla\/wp-content\/uploads\/2019\/07\/koiki-255x300.png 255w\" sizes=\"(max-width: 406px) 100vw, 406px\" \/><figcaption>Primera entrega de material escolar a la Asociaci\u00f3n AguaViva<\/figcaption><\/figure><\/div>\n\n\n\n<pre class=\"wp-block-preformatted\"><\/pre>\n","protected":false},"excerpt":{"rendered":"<p>Hace unos meses, la Biblioteca de la Universidad de Huelva lanz\u00f3 una campa\u00f1a para convertir las sanciones en actos solidarios. Se trata de una iniciativa enmarcada dentro de lo que conocemos como Biblioteca Social e inspirada en otra llevada a cabo por la Universidad de Granada. Los usuarios de la biblioteca podr\u00e1n anular la sanci\u00f3n&nbsp;<span class=\"excerpt_more\"><a href=\"https:\/\/www.uhu.es\/biblioteca\/labuhardilla\/?p=6899\">[Seguir leyendo&#8230;]<\/a><\/span><\/p>\n","protected":false},"author":4,"featured_media":6917,"comment_status":"open","ping_status":"open","sticky":false,"template":"","format":"standard","meta":{"_s2mail":"yes"},"categories":[3,6],"tags":[270,269,268,249],"_links":{"self":[{"href":"https:\/\/www.uhu.es\/biblioteca\/labuhardilla\/index.php?rest_route=\/wp\/v2\/posts\/6899"}],"collection":[{"href":"https:\/\/www.uhu.es\/biblioteca\/labuhardilla\/index.php?rest_route=\/wp\/v2\/posts"}],"about":[{"href":"https:\/\/www.uhu.es\/biblioteca\/labuhardilla\/index.php?rest_route=\/wp\/v2\/types\/post"}],"author":[{"embeddable":true,"href":"https:\/\/www.uhu.es\/biblioteca\/labuhardilla\/index.php?rest_route=\/wp\/v2\/users\/4"}],"replies":[{"embeddable":true,"href":"https:\/\/www.uhu.es\/biblioteca\/labuhardilla\/index.php?rest_route=%2Fwp%2Fv2%2Fcomments&post=6899"}],"version-history":[{"count":15,"href":"https:\/\/www.uhu.es\/biblioteca\/labuhardilla\/index.php?rest_route=\/wp\/v2\/posts\/6899\/revisions"}],"predecessor-version":[{"id":6920,"href":"https:\/\/www.uhu.es\/biblioteca\/labuhardilla\/index.php?rest_route=\/wp\/v2\/posts\/6899\/revisions\/6920"}],"wp:featuredmedia":[{"embeddable":true,"href":"https:\/\/www.uhu.es\/biblioteca\/labuhardilla\/index.php?rest_route=\/wp\/v2\/media\/6917"}],"wp:attachment":[{"href":"https:\/\/www.uhu.es\/biblioteca\/labuhardilla\/index.php?rest_route=%2Fwp%2Fv2%2Fmedia&parent=6899"}],"wp:term":[{"taxonomy":"category","embeddable":true,"href":"https:\/\/www.uhu.es\/biblioteca\/labuhardilla\/index.php?rest_route=%2Fwp%2Fv2%2Fcategories&post=6899"},{"taxonomy":"post_tag","embeddable":true,"href":"https:\/\/www.uhu.es\/biblioteca\/labuhardilla\/index.php?rest_route=%2Fwp%2Fv2%2Ftags&post=6899"}],"curies":[{"name":"wp","href":"https:\/\/api.w.org\/{rel}","templated":true}]}}