{"id":7089,"date":"2019-11-07T12:45:29","date_gmt":"2019-11-07T12:45:29","guid":{"rendered":"http:\/\/www.uhu.es\/biblioteca\/labuhardilla\/?p=7089"},"modified":"2022-09-02T11:56:18","modified_gmt":"2022-09-02T11:56:18","slug":"asia-en-la-biblioteca","status":"publish","type":"post","link":"https:\/\/www.uhu.es\/biblioteca\/labuhardilla\/?p=7089","title":{"rendered":"Asia en la biblioteca"},"content":{"rendered":"\n<p><strong>El cine asi\u00e1tico es a\u00fan un gran desconocido para el gran p\u00fablico, la escasa oferta comercial y su poca presencia fuera de c\u00edrculos especializados no permite captar su aut\u00e9ntico valor, a pesar de los elogios de cr\u00edticos y estudiosos.<\/strong> <\/p>\n\n\n\n<p><strong>En lo que se refiere a la literatura hay que destacar que la literatura japonesa, desde hace ya unos a\u00f1os, est\u00e1 de moda, y ha venido para quedarse. Es imposible reducir los t\u00edtulos indispensables de la literatura japonesa contempor\u00e1nea. Esta peque\u00f1a lista solo desea dar a conocer a algunos de los textos m\u00e1s destacados de las letras niponas.<\/strong><\/p>\n\n\n\n<p><strong>Durante este \u00faltimo trimestre<\/strong><strong> la Biblioteca Universitaria ha programado una selecci\u00f3n tem\u00e1tica centrada en Asia Oriental, destacando dos pa\u00edses con culturas milenarias como son China y Jap\u00f3n. Nuestro prop\u00f3sito es acercar a la comunidad universitaria la cinematograf\u00eda y literatura de ambos pa\u00edses.<\/strong><\/p>\n\n\n\n<p class=\"has-background has-medium-font-size\" style=\"background-color:#7cb1c9\"><strong>Asia Oriental de Cine<\/strong><\/p>\n\n\n\n<figure class=\"wp-block-gallery alignright has-nested-images columns-default is-cropped\">\n<figure class=\"wp-block-image\"><img loading=\"lazy\" width=\"300\" height=\"424\" data-id=\"7115\"  src=\"http:\/\/www.uhu.es\/biblioteca\/labuhardilla\/wp-content\/uploads\/2019\/11\/Akira-773829285-large.jpg\" alt=\"\" class=\"wp-image-7115\" srcset=\"https:\/\/www.uhu.es\/biblioteca\/labuhardilla\/wp-content\/uploads\/2019\/11\/Akira-773829285-large.jpg 300w, https:\/\/www.uhu.es\/biblioteca\/labuhardilla\/wp-content\/uploads\/2019\/11\/Akira-773829285-large-212x300.jpg 212w\" sizes=\"(max-width: 300px) 100vw, 300px\" \/><\/figure>\n<\/figure>\n\n\n\n<p><a href=\"https:\/\/cbua-uhu.primo.exlibrisgroup.com\/discovery\/fulldisplay?docid=alma991003551769704993&amp;context=L&amp;vid=34CBUA_UHU:VU1&amp;search_scope=MyInst_and_CI&amp;tab=Everything&amp;lang=es\"><strong>Akira<\/strong><\/a><\/p>\n\n\n\n<p><strong>A\u00f1o 2019. Neo-Tokyo es una ciudad construida sobre las ruinas de la antigua capital japonesa destruida tras la Tercera Guerra Mundial. Jap\u00f3n es un pa\u00eds al borde del colapso que sufre continuas crisis pol\u00edticas. En secreto, un equipo de cient\u00edficos ha reanudado por orden del ej\u00e9rcito un experimento para encontrar a individuos que puedan controlar el arma definitiva: una fuerza denominada &#8220;la energ\u00eda absoluta&#8221;. Pero los habitantes de Neo-Tokyo tienen otras cosas de las que preocuparse. Uno de ellos es Kaneda, un joven pandillero l\u00edder de una banda de motoristas. Durante una pelea, su mejor amigo, Tetsuo, sufre un extra\u00f1o accidente y termina ingresado en unas instalaciones militares. All\u00ed los cient\u00edficos descubrir\u00e1n que es el poseedor de la energ\u00eda absoluta. Pero Tetsuo, que no se resigna a convertirse en un conejillo de indias, muy pronto se convertir\u00e1 en la amenaza m\u00e1s grande que el mundo ha conocido. (FILMAFFINITY)<\/strong><\/p>\n\n\n\n<p><a href=\"https:\/\/cbua-uhu.primo.exlibrisgroup.com\/discovery\/fulldisplay?docid=alma991008254589704993&amp;context=L&amp;vid=34CBUA_UHU:VU1&amp;lang=es&amp;search_scope=MyInst_and_CI&amp;adaptor=Local%20Search%20Engine&amp;tab=Everything&amp;query=title,contains,Un%20Asunto%20de%20Familia,AND&amp;mode=advanced&amp;offset=0\"><strong>Un asunto de familia<\/strong><\/a><\/p>\n\n\n\n<p><strong>Osamu y su hijo se encuentran con una ni\u00f1a en mitad de un fr\u00edo glacial. Al principio, y despu\u00e9s de ser reacia a albergar a la ni\u00f1a, la esposa de Osamu aceptar\u00e1 cuidarla cuando se entere de las dificultades que afronta. Aunque la familia es pobre y apenas gana suficiente dinero para sobrevivir a trav\u00e9s de peque\u00f1os delitos, parecen vivir felices juntos, hasta que un accidente imprevisto revela secretos ocultos, poniendo a prueba los lazos que les unen.<\/strong><strong> Pel\u00edcula enviada por Jap\u00f3n a los Oscar para competir en la categor\u00eda de &#8216;Mejor pel\u00edcula de habla no inglesa.&#8221; (FILMAFFINITY)<\/strong><\/p>\n\n\n\n<p><a href=\"https:\/\/cbua-uhu.primo.exlibrisgroup.com\/discovery\/fulldisplay?docid=alma991008254588504993&amp;context=L&amp;vid=34CBUA_UHU:VU1&amp;lang=es&amp;search_scope=MyInst_and_CI&amp;adaptor=Local%20Search%20Engine&amp;tab=Everything&amp;query=title,contains,balada%20de%20narayama,AND&amp;mode=advanced&amp;offset=0\"><strong>La balada de Narayama = (Narayama Bushi-ko)<\/strong><\/a><\/p>\n\n\n\n<p><strong>Era una vieja ley del pueblo, de un tiempo tan lejano que ya nadie lo recordaba; al alcanzar los 70 a\u00f1os los ancianos deb\u00edan abandonar el pueblo para ir a vivir en la cima de la monta\u00f1a Narayama. Una sentencia de muerte despiadada que sum\u00eda en la tristeza y la desesperaci\u00f3n a las familias cuando ten\u00edan que enviar a sus mayores a la monta\u00f1a. Orin tiene 69 a\u00f1os y se acerca el momento de partir hacia la monta\u00f1a, pero todav\u00eda tiene que encontrar una mujer a su hijo. Remake de la pel\u00edcula &#8220;Narayama bushiko&#8221;, dirigida en 1958 por Keisuke Kinoshita. (FILMAFFINITY)<\/strong><\/p>\n\n\n\n<figure class=\"wp-block-gallery alignleft has-nested-images columns-default is-cropped\">\n<figure class=\"wp-block-image\"><img loading=\"lazy\" width=\"348\" height=\"490\" data-id=\"7114\"  src=\"http:\/\/www.uhu.es\/biblioteca\/labuhardilla\/wp-content\/uploads\/2019\/11\/Cuando_una_mujer_sube_la_escalera-755188607-large.jpg\" alt=\"\" class=\"wp-image-7114\" srcset=\"https:\/\/www.uhu.es\/biblioteca\/labuhardilla\/wp-content\/uploads\/2019\/11\/Cuando_una_mujer_sube_la_escalera-755188607-large.jpg 348w, https:\/\/www.uhu.es\/biblioteca\/labuhardilla\/wp-content\/uploads\/2019\/11\/Cuando_una_mujer_sube_la_escalera-755188607-large-213x300.jpg 213w\" sizes=\"(max-width: 348px) 100vw, 348px\" \/><\/figure>\n<\/figure>\n\n\n\n<p><a href=\"https:\/\/cbua-uhu.primo.exlibrisgroup.com\/discovery\/fulldisplay?docid=alma991008254588904993&amp;context=L&amp;vid=34CBUA_UHU:VU1&amp;search_scope=MyInst_and_CI&amp;tab=Everything&amp;lang=es\"><strong>Cuando una Mujer Sube una Escalera<\/strong><\/a><\/p>\n\n\n\n<p><strong>Keiko acaba de quedarse viuda y tiene que valerse por s\u00ed misma. Encuentra un empleo como anfitriona en un local de Tokio, pero adem\u00e1s de cubrir sus propios gastos debe ayudar econ\u00f3micamente a un hermano enfermo y sin trabajo. Tras seducir a un rico cliente, una joven geisha deja el trabajo, cosa bastante habitual. En cambio, Keiko, que desea honrar la memoria de su marido, se niega a relacionarse con los ricos clientes de la casa. (FILMAFFINITY)<\/strong><\/p>\n\n\n\n<p><a href=\"https:\/\/cbua-uhu.primo.exlibrisgroup.com\/discovery\/fulldisplay?docid=alma991008254587704993&amp;context=L&amp;vid=34CBUA_UHU:VU1&amp;search_scope=MyInst_and_CI&amp;tab=Everything&amp;lang=es\"><strong>El Club de la Buena Estrella<\/strong><\/a><\/p>\n\n\n\n<p><strong>Narra la historia de cuatro familias cuyas vidas est\u00e1n llenas de amor, tragedia, magia e intensidad. De los campos devastados por la guerra en la China de principios de siglo a la actualidad de las calles de San Francisco, las esperanzas, sue\u00f1os y triunfos de dos generaciones salen a la luz a trav\u00e9s de los asombrosos acontecimientos que marcaron sus vidas. (FILMAFFINITY)<\/strong><\/p>\n\n\n\n<figure class=\"wp-block-gallery alignright has-nested-images columns-default is-cropped\">\n<figure class=\"wp-block-image\"><img loading=\"lazy\" width=\"1024\" height=\"577\" data-id=\"7113\"  src=\"http:\/\/www.uhu.es\/biblioteca\/labuhardilla\/wp-content\/uploads\/2019\/11\/descarga-1024x577.jpg\" alt=\"\" class=\"wp-image-7113\" srcset=\"https:\/\/www.uhu.es\/biblioteca\/labuhardilla\/wp-content\/uploads\/2019\/11\/descarga-1024x577.jpg 1024w, https:\/\/www.uhu.es\/biblioteca\/labuhardilla\/wp-content\/uploads\/2019\/11\/descarga-300x169.jpg 300w, https:\/\/www.uhu.es\/biblioteca\/labuhardilla\/wp-content\/uploads\/2019\/11\/descarga-768x432.jpg 768w, https:\/\/www.uhu.es\/biblioteca\/labuhardilla\/wp-content\/uploads\/2019\/11\/descarga.jpg 1600w\" sizes=\"(max-width: 1024px) 100vw, 1024px\" \/><\/figure>\n<\/figure>\n\n\n\n<p><a href=\"https:\/\/cbua-uhu.primo.exlibrisgroup.com\/discovery\/fulldisplay?docid=alma991003669229704993&amp;context=L&amp;vid=34CBUA_UHU:VU1&amp;lang=es&amp;search_scope=MyInst_and_CI&amp;adaptor=Local%20Search%20Engine&amp;tab=Everything&amp;query=title,contains,una%20familia%20de%20tokio,AND&amp;mode=advanced&amp;offset=0\"><strong>Una familia de Tokio<\/strong><\/a><\/p>\n\n\n\n<p><strong>El viejo Shukichi Hirayama (Hashizume) y su esposa Tomiko (Yoshiyuki) viven en una peque\u00f1a isla. Aunque no les gusta la vida urbana, van a Tokio a pasar unos d\u00edas con sus hijos. El mayor (Masahiko Nishimura) dirige un hospital; la mediana (Tomoko Nakajima) es due\u00f1a de un sal\u00f3n de belleza, y el peque\u00f1o (Satoshi Tsumabuki) trabaja en el teatro. Remake de &#8220;Cuentos de Tokio&#8221; de Yasujiro Ozu. (FILMAFFINITY)<\/strong><\/p>\n\n\n\n<p><a href=\"https:\/\/cbua-uhu.primo.exlibrisgroup.com\/discovery\/fulldisplay?docid=alma991008254589804993&amp;context=U&amp;vid=34CBUA_UHU:VU1&amp;lang=es\"><strong>Hacia la Luz<\/strong><\/a><\/p>\n\n\n\n<p><strong>Narra una historia de amor entre un fot\u00f3grafo que est\u00e1 perdiendo la vista y una joven un poco desconectada de la sociedad. (FILMAFFINITY)<\/strong><\/p>\n\n\n\n<p><a href=\"https:\/\/cbua-uhu.primo.exlibrisgroup.com\/discovery\/fulldisplay?docid=alma991008254588804993&amp;context=L&amp;vid=34CBUA_UHU:VU1&amp;search_scope=MyInst_and_CI&amp;tab=Everything&amp;lang=es\"><strong>Hana-Bi<\/strong><\/a><\/p>\n\n\n\n<p><strong>Un polic\u00eda llamado Nishi (Takeshi Kitano) se enfrenta a la enfermedad terminal de su esposa, al drama de un compa\u00f1ero que ha quedado parapl\u00e9jico en una redada y a un grupo de mafiosos que le siguen la pista. (FILMAFFINITY)<\/strong><\/p>\n\n\n\n<p><strong><a href=\"https:\/\/cbua-uhu.primo.exlibrisgroup.com\/discovery\/fulldisplay?docid=alma991008254589304993&amp;context=L&amp;vid=34CBUA_UHU:VU1&amp;lang=es&amp;search_scope=MyInst_and_CI&amp;adaptor=Local%20Search%20Engine&amp;tab=Everything&amp;query=title,contains,La%20Maldici%C3%B3n%20de%20la%20Flor%20Dorada,AND&amp;mode=advanced&amp;offset=0\">La maldici\u00f3n de la flor dorada <\/a><\/strong><\/p>\n\n\n\n<p><strong>China, siglo X. En la v\u00edspera del Festival Chong Yang, miles de crisantemos amarillos inundan el palacio imperial. El emperador y su segundo hijo, el pr\u00edncipe Jai, regresan inesperadamente a palacio despu\u00e9s de tres a\u00f1os en el frente. Su pretexto es celebrar las fiestas con la familia, pero, teniendo en cuenta la fr\u00eda relaci\u00f3n que existe entre el emperador y su mujer parece que esta visita encierra otras razones oculta<\/strong><\/p>\n\n\n\n<figure class=\"wp-block-gallery alignleft has-nested-images columns-default is-cropped\">\n<figure class=\"wp-block-image\"><img loading=\"lazy\" width=\"599\" height=\"842\" data-id=\"7112\"  src=\"http:\/\/www.uhu.es\/biblioteca\/labuhardilla\/wp-content\/uploads\/2019\/11\/mientras-ellas-duermen.jpg\" alt=\"\" class=\"wp-image-7112\" srcset=\"https:\/\/www.uhu.es\/biblioteca\/labuhardilla\/wp-content\/uploads\/2019\/11\/mientras-ellas-duermen.jpg 599w, https:\/\/www.uhu.es\/biblioteca\/labuhardilla\/wp-content\/uploads\/2019\/11\/mientras-ellas-duermen-213x300.jpg 213w\" sizes=\"(max-width: 599px) 100vw, 599px\" \/><\/figure>\n<\/figure>\n\n\n\n<p><a href=\"https:\/\/cbua-uhu.primo.exlibrisgroup.com\/discovery\/fulldisplay?docid=alma991008254589504993&amp;context=L&amp;vid=34CBUA_UHU:VU1&amp;search_scope=MyInst_and_CI&amp;tab=Everything&amp;lang=es\"><strong>Mientras Ellas Duermen<\/strong><\/a><\/p>\n\n\n\n<p><strong>Adaptaci\u00f3n de la novela de Javier Mar\u00edas, que trata sobre una pareja formada por un hombre maduro y una mujer mucho m\u00e1s joven que \u00e9l, los cuales se convierten en la obsesi\u00f3n de un escritor en un complejo tur\u00edstico. (FILMAFFINITY)<\/strong><\/p>\n\n\n\n<p><a href=\"https:\/\/cbua-uhu.primo.exlibrisgroup.com\/discovery\/fulldisplay?docid=alma991008254588404993&amp;context=L&amp;vid=34CBUA_UHU:VU1&amp;lang=es&amp;search_scope=MyInst_and_CI&amp;adaptor=Local%20Search%20Engine&amp;tab=Everything&amp;query=title,contains,Un%20Monstruo%20en%20mi%20Puerta,AND&amp;mode=advanced&amp;offset=0\"><strong>Un monstruo en mi puerta<\/strong><\/a><\/p>\n\n\n\n<p><strong>Despu\u00e9s de un accidente, Young-nam, joven agente de polic\u00eda de Se\u00fal, es enviada a un pueblito costero. Desde que llega, conoce a una adolescente poco expresiva que la intriga. En su nuevo entorno, Young-nam conoce al padrastro de Dohee, un hombre violento y alcoh\u00f3lico que explota a los trabajadores inmigrantes. Para proteger a Dohee del maltrato de su padrastro, Young-nam le da alojamiento. La joven descubre entonces las diferentes facetas de la personalidad de Dohee\u2026 (FILMAFFINITY)<\/strong><\/p>\n\n\n\n<p><a href=\"https:\/\/cbua-uhu.primo.exlibrisgroup.com\/discovery\/fulldisplay?docid=alma991008254588004993&amp;context=L&amp;vid=34CBUA_UHU:VU1&amp;lang=es&amp;search_scope=MyInst_and_CI&amp;adaptor=Local%20Search%20Engine&amp;tab=Everything&amp;query=title,contains,Mundo%20de%20Kanako,AND&amp;mode=advanced&amp;offset=0\"><strong>El mundo de Kanako<\/strong><\/a><\/p>\n\n\n\n<figure class=\"wp-block-gallery alignright has-nested-images columns-default is-cropped\">\n<figure class=\"wp-block-image\"><img loading=\"lazy\" width=\"620\" height=\"877\" data-id=\"7111\"  src=\"http:\/\/www.uhu.es\/biblioteca\/labuhardilla\/wp-content\/uploads\/2019\/11\/kawaki_the_world_of_kanako-600227786-large.jpg\" alt=\"\" class=\"wp-image-7111\" srcset=\"https:\/\/www.uhu.es\/biblioteca\/labuhardilla\/wp-content\/uploads\/2019\/11\/kawaki_the_world_of_kanako-600227786-large.jpg 620w, https:\/\/www.uhu.es\/biblioteca\/labuhardilla\/wp-content\/uploads\/2019\/11\/kawaki_the_world_of_kanako-600227786-large-212x300.jpg 212w\" sizes=\"(max-width: 620px) 100vw, 620px\" \/><\/figure>\n<\/figure>\n\n\n\n<p><strong>Cuando Kanako, hija pr\u00f3diga y alumna intachable, desaparece, su madre no duda en llamar a su exmarido, un polic\u00eda poco ortodoxo. A medida que la investigaci\u00f3n avanza, la imagen idealizada de Kanako se va resquebrajando, dejando entrever que, bajo la excelencia, la chica esconde otra vida, m\u00e1s oscura y secreta. (FILMAFFINITY)<\/strong><\/p>\n\n\n\n<p><strong><a href=\"https:\/\/cbua-uhu.primo.exlibrisgroup.com\/discovery\/fulldisplay?docid=alma991008254589404993&amp;context=L&amp;vid=34CBUA_UHU:VU1&amp;lang=es&amp;search_scope=MyInst_and_CI&amp;adaptor=Local%20Search%20Engine&amp;tab=Everything&amp;query=title,contains,Nagasaki,%20Recuerdos%20de%20mi%20Hijo,AND&amp;mode=advanced&amp;offset=0\">Nagasaki<\/a><\/strong><\/p>\n\n\n\n<p><strong>Nobuko trabaja en Nagasaki como comadrona. Su hijo muri\u00f3 tres a\u00f1os atr\u00e1s a causa de la bomba at\u00f3mica. En el aniversario de la misma, el d\u00eda 9 de Agosto, su hijo se le aparece de nuevo. (FILMAFFINITY)<\/strong><\/p>\n\n\n\n<p><strong><a href=\"https:\/\/columbus.uhu.es\/permalink\/34CBUA_UHU\/m2gn5r\/alma991008254588604993\" target=\"_blank\" rel=\"noreferrer noopener\" aria-label=\"La novia del cabello blanco (abre en una nueva pesta\u00f1a)\">La novia del cabello blanco<\/a><\/strong><\/p>\n\n\n\n<p><strong>Basada en un cl\u00e1sico de la literatura china, narra la historia de Lian, una hermosa joven criada por los lobos en las monta\u00f1as de Wudang, y de Zhuo, un joven y valiente guerrero. Cuando Zhuo era ni\u00f1o, el canto de una chica misteriosa le salva de ser devorado por una manada de lobos, pero Lian desaparece antes de que Zhuo pueda agradec\u00e9rselo. Los a\u00f1os pasan y llega el momento en que Zhuo se une al ej\u00e9rcito revolucionario para derrocar a la malvada dinast\u00eda Mo, gobernadad por Ji, un emperador mutante que ha raptado a Lian para aprovechar su magia contra el ej\u00e9rcito de rebeldes. Cuando Lian se niega a atacar a Zhuo, el emperador ordena que la torturen hasta morir. Pero el destino vuelve a unir a Lian y a Zhuo, lo que desata la ira del emperador, cuya parte masculina est\u00e1 secretamente enamorada de Lian. Celoso, Ji prepara su venganza. (FILMAFFINITY)<\/strong><\/p>\n\n\n\n<p><a href=\"https:\/\/cbua-uhu.primo.exlibrisgroup.com\/discovery\/fulldisplay?docid=alma991008254588304993&amp;context=L&amp;vid=34CBUA_UHU:VU1&amp;lang=es&amp;search_scope=MyInst_and_CI&amp;adaptor=Local%20Search%20Engine&amp;tab=Everything&amp;query=title,contains,Oda%20a%20mi%20Padre,AND&amp;mode=advanced&amp;offset=0\"><strong>Oda a mi padre<\/strong><\/a><\/p>\n\n\n\n<p><strong>En diciembre de 1950, cuando comienza la guerra de Corea, un ni\u00f1o se separa forzosamente de su padre, y le promete cuidar de la familia. A pesar del paso de los a\u00f1os, nunca olvidar\u00e1 su promesa. (FILMAFFINITY)<\/strong><\/p>\n\n\n\n<figure class=\"wp-block-gallery alignright has-nested-images columns-default is-cropped\">\n<figure class=\"wp-block-image\"><img loading=\"lazy\" width=\"195\" height=\"276\" data-id=\"7110\"  src=\"http:\/\/www.uhu.es\/biblioteca\/labuhardilla\/wp-content\/uploads\/2019\/11\/oldboy.gif\" alt=\"\" class=\"wp-image-7110\"\/><\/figure>\n<\/figure>\n\n\n\n<p><a href=\"https:\/\/cbua-uhu.primo.exlibrisgroup.com\/discovery\/fulldisplay?docid=alma991008254589104993&amp;context=L&amp;vid=34CBUA_UHU:VU1&amp;lang=es&amp;search_scope=MyInst_and_CI&amp;adaptor=Local%20Search%20Engine&amp;tab=Everything&amp;query=title,contains,Old%20Boy,AND&amp;mode=advanced&amp;offset=0\"><strong>Old Boy<\/strong><\/a><\/p>\n\n\n\n<p><strong>Un d\u00eda del a\u00f1o 1988, Oh Dae-su, un hombre que lleva una vida de lo m\u00e1s normal con su mujer y su hija, es secuestrado delante de su casa. Cuando se despierta est\u00e1 encerrado, sin saber d\u00f3nde ni porqu\u00e9. Mientras Dae-su intenta aclarar qu\u00e9 le ha pasado, se queda horrorizado en las noticias al oir que su esposa ha sido brutalmente asesinada. La polic\u00eda explica que Dae-su es el principal sospechoso ya que se ha encontrado sangre suya en el lugar del crimen. El tiempo pasa y decide escribir todo lo que ha hecho en su vida que haya podido causar dolor a otros. Mientras escribe murmura: &#8220;He hecho da\u00f1o a demasiadas personas. Seguro que el hombre que ha matado a mi mujer y me tiene aqu\u00ed, es una de ellas&#8221;.<\/strong><\/p>\n\n\n\n<p><a href=\"https:\/\/cbua-uhu.alma.exlibrisgroup.com\/infra\/action\/pageAction.login.choose_unit.xml.do?pageViewMode=Edit&amp;xmlFileName=login.choose_unit.xml\"><strong>Una pasteler\u00eda en Tokio<\/strong><\/a><\/p>\n\n\n\n<p><strong>Sentaro dirige una peque\u00f1a pasteler\u00eda que sirve dorayakis (pastelitos rellenos de salsa de frijoles rojos y dulces llamados &#8220;an&#8221;). Cuando una anciana, Tokue, se ofrece a ayudarla en su cocina, \u00e9l accede de mala gana. Pero Tokue demostrar\u00e1 tener magia en las manos cuando se trata de hacer &#8220;an&#8221;. Gracias a su receta secreta, el peque\u00f1o negocio comienza a florecer. Con el paso del tiempo, Sentaro y Tokue abrir\u00e1n sus corazones el uno al otro para revelar viejas heridas.<\/strong><\/p>\n\n\n\n<figure class=\"wp-block-gallery alignleft has-nested-images columns-default is-cropped\">\n<figure class=\"wp-block-image\"><img loading=\"lazy\" width=\"620\" height=\"877\" data-id=\"7099\"  src=\"http:\/\/www.uhu.es\/biblioteca\/labuhardilla\/wp-content\/uploads\/2019\/11\/manbiki_kazoku_shoplifters-229736245-large.jpg\" alt=\"\" class=\"wp-image-7099\" srcset=\"https:\/\/www.uhu.es\/biblioteca\/labuhardilla\/wp-content\/uploads\/2019\/11\/manbiki_kazoku_shoplifters-229736245-large.jpg 620w, https:\/\/www.uhu.es\/biblioteca\/labuhardilla\/wp-content\/uploads\/2019\/11\/manbiki_kazoku_shoplifters-229736245-large-212x300.jpg 212w\" sizes=\"(max-width: 620px) 100vw, 620px\" \/><\/figure>\n<\/figure>\n\n\n\n<p><a href=\"https:\/\/cbua-uhu.primo.exlibrisgroup.com\/discovery\/fulldisplay?docid=alma991008254587904993&amp;context=L&amp;vid=34CBUA_UHU:VU1&amp;lang=es&amp;search_scope=MyInst_and_CI&amp;adaptor=Local%20Search%20Engine&amp;tab=Everything&amp;query=title,contains,princesa,AND&amp;facet=rtype,include,videos&amp;mode=advanced&amp;offset=0\"><strong>Princesa = (Han Gong-Ju)<\/strong><\/a><\/p>\n\n\n\n<p><strong>Han Gong-ju (Chun Woo-hee) es una joven estudiante obligada a abandonar su escuela tras un misterioso incidente del que todo el mundo la se\u00f1ala como culpable. Con sus padres ilocalizables, es llevada a un peque\u00f1o pueblo donde se queda a vivir con la madre de uno de sus profesores. Poco a poco ir\u00e1 acostumbr\u00e1ndose a su nueva vida y haciendo nuevos amigos, entre ellos Eun-hee, una divertida compa\u00f1era de clase que la empujar\u00e1 a unirse a su grupo de m\u00fasica. Pero el pasado que Han Gong-ju ha dejado atr\u00e1s pronto volver\u00e1 para atormentarla<\/strong><\/p>\n\n\n\n<p><a href=\"https:\/\/cbua-uhu.primo.exlibrisgroup.com\/discovery\/fulldisplay?docid=alma991003999259704993&amp;context=L&amp;vid=34CBUA_UHU:VU1&amp;lang=es&amp;search_scope=MyInst_and_CI&amp;adaptor=Local%20Search%20Engine&amp;tab=Everything&amp;query=title,contains,la%20princesa%20mononoke,AND&amp;mode=advanced&amp;offset=0\"><strong>La Princesa Mononoke. Princess Mononoke<\/strong><\/a><\/p>\n\n\n\n<p> <strong>Tras sufrir el ataque de un monstruo jabal\u00ed maldito, el joven Ashitaka emprende el camino en busca de la cura que detenga la infecci\u00f3n.<\/strong> <strong>Mientras los humanos est\u00e1n acabando con los bosques y los dioses convertidos en temibles bestias hacen todo lo posible por protegerlo encabezados por Mononoke, una princesa guerrera. Ashitaka deber\u00e1 escoger bando y decidir si ayudar a los hombres o las deidades intentando detener la maldici\u00f3n de su herida que se extiende por su cuerpo sin cuartel.<\/strong><\/p>\n\n\n\n<p><a href=\"https:\/\/cbua-uhu.primo.exlibrisgroup.com\/discovery\/fulldisplay?docid=alma991008254588704993&amp;context=L&amp;vid=34CBUA_UHU:VU1&amp;lang=es&amp;search_scope=MyInst_and_CI&amp;adaptor=Local%20Search%20Engine&amp;tab=Everything&amp;query=title,contains,Regreso%20a%20Casa,AND&amp;mode=advanced&amp;offset=0\"><strong>Regreso a casa = Coming home<\/strong><\/a><\/p>\n\n\n\n<p><strong>A <\/strong><strong>&nbsp;principios de los a\u00f1os setenta, Lu se escapa de un campo de trabajo en un intento de volver con su familia, a la que lleva a\u00f1os sin ver. Su hija intenta impedir el reencuentro por miedo a que afecte a su carrera como bailarina, y consigue que su padre y su madre no se vean. Unos a\u00f1os despu\u00e9s, al final de la Revoluci\u00f3n Cultural, Lu por fin puede regresar a casa legalmente y reunirse con su familia. Pero no todo transcurre como espera. Su esposa Feng ha estado enferma y no le reconoce. Sin embargo, no ha olvidado a su esposo, le recuerda tal y como era en el pasado y espera su regreso. Lu decide resucitar el pasado con su mujer para que recupere la memoria.<\/strong><\/p>\n\n\n\n<figure class=\"wp-block-gallery alignright has-nested-images columns-default is-cropped\">\n<figure class=\"wp-block-image\"><img loading=\"lazy\" width=\"195\" height=\"276\" data-id=\"7100\"  src=\"http:\/\/www.uhu.es\/biblioteca\/labuhardilla\/wp-content\/uploads\/2019\/11\/Shinobi.jpg\" alt=\"\" class=\"wp-image-7100\"\/><\/figure>\n<\/figure>\n\n\n\n<p><a href=\"https:\/\/cbua-uhu.primo.exlibrisgroup.com\/discovery\/fulldisplay?docid=alma991008254587804993&amp;context=L&amp;vid=34CBUA_UHU:VU1&amp;lang=es&amp;search_scope=MyInst_and_CI&amp;adaptor=Local%20Search%20Engine&amp;tab=Everything&amp;query=title,contains,Shinobi,AND&amp;mode=advanced&amp;offset=0\"><strong>Shinobi<\/strong><\/a><\/p>\n\n\n\n<p><strong>A\u00f1o 1614. Jap\u00f3n es finalmente un pa\u00eds unificado bajo el primer shogun, Tokugawa Gennosuke de Kohga y Oboro de iga, son la \u00faltima esperanza de dos aldeas aisladas de ninja wracked por una tragedia sin fin y un ciclo de venganza. La bendici\u00f3n de su amor debe haber tra\u00eddo paz a la gente sufridora. Sin embargo, la conspiraci\u00f3n traida por Tokugawa una vez m\u00e1s rasga las dos aldeas aparte. Gennosuke habla constantemente a favor de la paz, mientras Oboro coge la opci\u00f3n de luchar para resolver el conflicto.<\/strong><\/p>\n\n\n\n<p><a href=\"https:\/\/cbua-uhu.primo.exlibrisgroup.com\/discovery\/fulldisplay?docid=alma991008254588104993&amp;context=L&amp;vid=34CBUA_UHU:VU1&amp;lang=es&amp;search_scope=MyInst_and_CI&amp;adaptor=Local%20Search%20Engine&amp;tab=Everything&amp;query=title,contains,El%20%C3%9Altimo%20Lobo,AND&amp;mode=advanced&amp;offset=0\"><strong>El \u00faltimo lobo<\/strong><\/a><\/p>\n\n\n\n<p><strong>En 1967, Chen Zhen, un joven estudiante de Pek\u00edn, es enviado a vivir entre los pastores n\u00f3madas de Mongolia Interior. Chen tiene mucho que aprender sobre el modo de vida en esa tierra ilimitada y hostil, sobre la noci\u00f3n de comunidad, de libertad y de responsabilidad, y sobre la criatura m\u00e1s temida y venerada de las estepas: el lobo. Seducido por la compleja y casi m\u00edstica relaci\u00f3n entre estas criaturas sagradas y los pastores, capturar\u00e1 una cr\u00eda de lobo con la idea de domesticarlo. Pero la relaci\u00f3n entre el hombre y el animal, el modo de vida tradicional de la tribu e incluso el futuro de la Tierra se ven amenazados cuando un oficial del gobierno central decide eliminar a los lobos de la regi\u00f3n.<\/strong><\/p>\n\n\n\n<p><a href=\"https:\/\/cbua-uhu.primo.exlibrisgroup.com\/discovery\/fulldisplay?docid=alma991003999299704993&amp;context=L&amp;vid=34CBUA_UHU:VU1&amp;lang=es&amp;search_scope=MyInst_and_CI&amp;adaptor=Local%20Search%20Engine&amp;tab=Everything&amp;query=title,contains,la%20tumba%20de%20las%20luciernagas,AND&amp;mode=advanced&amp;offset=0\"><strong>La Tumba de las luci\u00e9rnagas<\/strong><\/a><\/p>\n\n\n\n<p><strong>Segunda Guerra Mundial (1939-1945). Seita y Setsuko son hijos de un oficial de la marina japonesa. Un d\u00eda, durante un bombardeo, no consiguen llegar a tiempo al b\u00fanker donde su madre los espera. Cuando despu\u00e9s buscan a su madre, la encuentran malherida en la escuela, que ha sido convertida en un hospital de urgencia. Tras la muerte de su madre y una breve estancia en casa de su t\u00eda, los ni\u00f1os vagar\u00e1n sin casa y sin rumbo.<\/strong><\/p>\n\n\n\n<figure class=\"wp-block-gallery alignleft has-nested-images columns-default is-cropped\">\n<figure class=\"wp-block-image\"><img loading=\"lazy\" width=\"195\" height=\"276\" data-id=\"7108\"  src=\"http:\/\/www.uhu.es\/biblioteca\/labuhardilla\/wp-content\/uploads\/2019\/11\/yo-no-soy.jpg\" alt=\"\" class=\"wp-image-7108\"\/><\/figure>\n<\/figure>\n\n\n\n<p><a href=\"https:\/\/cbua-uhu.primo.exlibrisgroup.com\/discovery\/fulldisplay?docid=alma991008254589204993&amp;context=L&amp;vid=34CBUA_UHU:VU1&amp;lang=es&amp;search_scope=MyInst_and_CI&amp;adaptor=Local%20Search%20Engine&amp;tab=Everything&amp;query=title,contains,Yo%20no%20soy%20Madame%20Bovary,AND&amp;mode=advanced&amp;offset=0\"><strong>Yo no soy Madame Bovary<\/strong><\/a><\/p>\n\n\n\n<p><strong>Li Xuelian monta un falso divorcio para obtener un segundo apartamento, pero su marido se vuelve a casar inesperadamente. Despu\u00e9s de recurrir al juzgado sin \u00e9xito, Li emprende un absurdo periplo de diez a\u00f1os.<\/strong><\/p>\n\n\n\n<hr class=\"wp-block-separator\"\/>\n\n\n\n<p><\/p>\n\n\n\n<p class=\"has-background has-medium-font-size\" style=\"background-color:#7cb1c9\"><strong>Asia Oriental en sus libros<\/strong><\/p>\n\n\n\n<figure class=\"wp-block-gallery alignright has-nested-images columns-default is-cropped\">\n<figure class=\"wp-block-image\"><img loading=\"lazy\" width=\"324\" height=\"500\" data-id=\"7101\"  src=\"http:\/\/www.uhu.es\/biblioteca\/labuhardilla\/wp-content\/uploads\/2019\/11\/41ea6b6395L.jpg\" alt=\"\" class=\"wp-image-7101\" srcset=\"https:\/\/www.uhu.es\/biblioteca\/labuhardilla\/wp-content\/uploads\/2019\/11\/41ea6b6395L.jpg 324w, https:\/\/www.uhu.es\/biblioteca\/labuhardilla\/wp-content\/uploads\/2019\/11\/41ea6b6395L-194x300.jpg 194w\" sizes=\"(max-width: 324px) 100vw, 324px\" \/><\/figure>\n<\/figure>\n\n\n\n<p><a href=\"https:\/\/cbua-uhu.primo.exlibrisgroup.com\/discovery\/fulldisplay?vid=34CBUA_UHU:VU1&amp;search_scope=MyInst_and_CI&amp;tab=Everything&amp;docid=alma991003998549704993&amp;lang=es&amp;context=L&amp;adaptor=Local%20Search%20Engine&amp;query=any,contains,9788483832967&amp;offset=0&amp;virtualBrowse=true\"><strong>Norwegian Wood. Murakami, Haruki<\/strong><\/a><strong>&nbsp;<\/strong><\/p>\n\n\n\n<p><strong>Norwegian Wood es una novela del autor japon\u00e9s Haruki Murakami del a\u00f1o 1987. La novela es una historia nost\u00e1lgica que trata los temas de la p\u00e9rdida y la sexualidad. La historia est\u00e1 narrada por su protagonista, Toru Watanabe, que evoca en la novela el tiempo en que residi\u00f3 en Tokio durante su primer a\u00f1o como estudiante universitario. A trav\u00e9s de los recuerdos de Toru, el lector es testigo del desarrollo de sus relaciones con dos mujeres muy distintas: Naoko, una chica bella, con una vida emocional agitada, y la sociable y animada Midori.<\/strong><\/p>\n\n\n\n<figure class=\"wp-block-gallery alignleft has-nested-images columns-default is-cropped\">\n<figure class=\"wp-block-image\"><img loading=\"lazy\" width=\"326\" height=\"499\" data-id=\"7102\"  src=\"http:\/\/www.uhu.es\/biblioteca\/labuhardilla\/wp-content\/uploads\/2019\/11\/51C3Iey9-uL._SX324_BO1204203200_.jpg\" alt=\"\" class=\"wp-image-7102\" srcset=\"https:\/\/www.uhu.es\/biblioteca\/labuhardilla\/wp-content\/uploads\/2019\/11\/51C3Iey9-uL._SX324_BO1204203200_.jpg 326w, https:\/\/www.uhu.es\/biblioteca\/labuhardilla\/wp-content\/uploads\/2019\/11\/51C3Iey9-uL._SX324_BO1204203200_-196x300.jpg 196w\" sizes=\"(max-width: 326px) 100vw, 326px\" \/><\/figure>\n<\/figure>\n\n\n\n<p><a href=\"https:\/\/cbua-uhu.primo.exlibrisgroup.com\/discovery\/fulldisplay?vid=34CBUA_UHU:VU1&amp;search_scope=MyInst_and_CI&amp;tab=Everything&amp;docid=alma991003994789704993&amp;lang=es&amp;context=L&amp;adaptor=Local%20Search%20Engine&amp;query=any,contains,9788483832967&amp;offset=0&amp;virtualBrowse=true\"><strong>Kafka en la orilla. Murakami, Haruki<\/strong><\/a><strong>&nbsp;<\/strong><\/p>\n\n\n\n<p><strong>La historia consta de dos historias diferentes, pero relacionadas entre s\u00ed. La narrativa avanza y retrocede entre las historias, alternando cap\u00edtulos para contar cada historia.<\/strong><\/p>\n\n\n\n<p><strong>Los cap\u00edtulos impares cuentan la historia de Kafka Tamura, nombre inspirado en Franz Kafka, un joven de 15 a\u00f1os que abandona la casa de su padre, un famoso escultor convencido de que su hijo habr\u00eda de repetir el mismo infeliz destino de Edipo, y de la sensaci\u00f3n de vac\u00edo que le producen la ausencia de su madre y hermana. Despu\u00e9s de una serie de peripecias, donde conoce a Sakura, una joven peluquera, encontrar\u00e1 refugio, gracias a Oshima (el bibliotecario) y a la misteriosa y solitaria se\u00f1orita Saeki, en la tranquila biblioteca privada de Takamatsu. Pasa sus d\u00edas tranquilo leyendo Las mil y una noches adem\u00e1s de la colecci\u00f3n de las obras de Natsume S\u014dseki, hasta que un d\u00eda la polic\u00eda empieza a investigarlo por su extra\u00f1a conexi\u00f3n con un macabro asesinato.<\/strong><\/p>\n\n\n\n<p><strong>Los cap\u00edtulos pares hablan sobre la tr\u00e1gica vida de Satoru Nakata, un anciano discapacitado desde la Segunda Guerra Mundial por un extra\u00f1o accidente en una excursi\u00f3n escolar por el bosque. Se dedica a buscar gatos perdidos en su barrio. El caso particular de una gatita hace que emprenda una b\u00fasqueda que lo llevar\u00e1 lejos de su casa, m\u00e1s exactamente, a las rutas de Jap\u00f3n. En su camino se encuentra con un camionero que acepta acercarlo a su destino, Hoshino, pero que termina encari\u00f1\u00e1ndose con Nakata.<\/strong><\/p>\n\n\n\n<p><strong>Los destinos de ambos, Kafka Tamura y Nakata, seguir\u00e1n un curso de colisi\u00f3n inminente, pero en un plano metaf\u00edsico m\u00e1s que real.<\/strong><\/p>\n\n\n\n<figure class=\"wp-block-gallery alignright has-nested-images columns-default is-cropped\">\n<figure class=\"wp-block-image\"><img loading=\"lazy\" width=\"229\" height=\"320\" data-id=\"7103\"  src=\"http:\/\/www.uhu.es\/biblioteca\/labuhardilla\/wp-content\/uploads\/2019\/11\/9781910856161.jpg\" alt=\"\" class=\"wp-image-7103\" srcset=\"https:\/\/www.uhu.es\/biblioteca\/labuhardilla\/wp-content\/uploads\/2019\/11\/9781910856161.jpg 229w, https:\/\/www.uhu.es\/biblioteca\/labuhardilla\/wp-content\/uploads\/2019\/11\/9781910856161-215x300.jpg 215w\" sizes=\"(max-width: 229px) 100vw, 229px\" \/><\/figure>\n<\/figure>\n\n\n\n<p><a href=\"https:\/\/cbua-uhu.primo.exlibrisgroup.com\/discovery\/fulldisplay?docid=alma991001533289704993&amp;context=L&amp;vid=34CBUA_UHU:VU1&amp;lang=es&amp;search_scope=MyInst_and_CI&amp;adaptor=Local%20Search%20Engine&amp;tab=Everything&amp;query=any,contains,barrio%20lejano\"><strong>Barrio lejano. Taniguchi, Jiro<\/strong><\/a><\/p>\n\n\n\n<p><strong>Barrio lejano es un manga del japon\u00e9s Jir\u014d Taniguchi publicado en 1998. Existe una traducci\u00f3n al espa\u00f1ol, en dos tomos, realizada por Keiko Suzuki y M. Barrera .<\/strong><\/p>\n\n\n\n<p><strong>Se cuenta la historia de un hombre de 48 a\u00f1os que accidentalmente toma un tren que le lleva a la ciudad donde vivi\u00f3 sus primeros a\u00f1os, donde vuelve a una adolescencia que observa con otros ojos por la experiencia ya vivida.<\/strong><\/p>\n\n\n\n<p><a href=\"https:\/\/cbua-uhu.primo.exlibrisgroup.com\/discovery\/fulldisplay?docid=alma991003304539704993&amp;context=L&amp;vid=34CBUA_UHU:VU1&amp;lang=es&amp;search_scope=MyInst_and_CI&amp;adaptor=Local%20Search%20Engine&amp;isFrbr=true&amp;tab=Everything&amp;query=any,contains,sed%20de%20amor&amp;offset=0\"><strong>Sed de amor. Mishima, Yukio <\/strong><\/a><\/p>\n\n\n\n<p><strong>Novela urdida en torno a la pasi\u00f3n y la destrucci\u00f3n, &#8220;Sed de amor&#8221; (1950) narra la historia de Etsuko, quien, viuda, ha de trasladarse a la finca de su suegro Yakichi, ante cuya autoridad natural como cabeza de familia se plegar\u00e1 para acabar manteniendo una relaci\u00f3n sexual dominada por la sumisi\u00f3n, aunque es de Saburo, un joven e ingenuo sirviente, de quien se enamora perdidamente. Con estos elementos aborda Yukio Mishima una de sus primeras exploraciones en torno a asuntos recurrentes en su obra, como el amor y el odio, el deseo y los celos, as\u00ed como el veneno que instilan en las relaciones humanas la obsesi\u00f3n y la frustraci\u00f3n.<\/strong><\/p>\n\n\n\n<figure class=\"wp-block-gallery alignleft has-nested-images columns-default is-cropped\">\n<figure class=\"wp-block-image\"><img loading=\"lazy\" width=\"600\" height=\"909\" data-id=\"7104\"  src=\"http:\/\/www.uhu.es\/biblioteca\/labuhardilla\/wp-content\/uploads\/2019\/11\/flores-de-verano.jpg\" alt=\"\" class=\"wp-image-7104\" srcset=\"https:\/\/www.uhu.es\/biblioteca\/labuhardilla\/wp-content\/uploads\/2019\/11\/flores-de-verano.jpg 600w, https:\/\/www.uhu.es\/biblioteca\/labuhardilla\/wp-content\/uploads\/2019\/11\/flores-de-verano-198x300.jpg 198w\" sizes=\"(max-width: 600px) 100vw, 600px\" \/><\/figure>\n<\/figure>\n\n\n\n<p><a href=\"https:\/\/cbua-uhu.primo.exlibrisgroup.com\/discovery\/fulldisplay?docid=alma991003042719704993&amp;context=L&amp;vid=34CBUA_UHU:VU1&amp;search_scope=MyInst_and_CI&amp;tab=Everything&amp;lang=es\"><strong>Flores de verano. Hara, Tamiki<\/strong><\/a><strong>&nbsp;<\/strong><\/p>\n\n\n\n<p><strong>Esta obra, de una crudeza inusual, sufri\u00f3 durante a\u00f1os la censura que prohib\u00eda a los japoneses publicar ning\u00fan tipo de escrito sobre la guerra. Es la primera vez que se traduce al castellano.<\/strong><\/p>\n\n\n\n<p><strong>Tamiki Hara se hallaba en Hiroshima el d\u00eda 6 de agosto de 1945 a las ocho y quince minutos, momento en que estall\u00f3 la bomba que impondr\u00eda una nueva manera de contemplar el mundo. Como \u00e9l mismo describe en su impactante Flores de verano (obra ganadora del Premio Takitaro Minakami), en ese instante el autor se hallaba en una casa construida por su padre, lo suficientemente lejos del lugar de la explosi\u00f3n, gracias a lo cual pudo sobrevivir. Vali\u00e9ndose de tres momentos narrativos diferentes, Hara narra el antes, el durante y el despu\u00e9s de la tragedia. Con un lenguaje exento de florituras, dur\u00edsimo, preciso y contundente, pero lleno de una hermosura casi po\u00e9tica, el autor narra c\u00f3mo afloran a su alrededor la confusi\u00f3n, la destrucci\u00f3n, el horror, y lo mejor y lo peor de la condici\u00f3n humana.<\/strong><\/p>\n\n\n\n<figure class=\"wp-block-gallery alignright has-nested-images columns-default is-cropped\">\n<figure class=\"wp-block-image\"><img loading=\"lazy\" width=\"317\" height=\"499\" data-id=\"7105\"  src=\"http:\/\/www.uhu.es\/biblioteca\/labuhardilla\/wp-content\/uploads\/2019\/11\/51XCxa8935L._SX315_BO1204203200_.jpg\" alt=\"\" class=\"wp-image-7105\" srcset=\"https:\/\/www.uhu.es\/biblioteca\/labuhardilla\/wp-content\/uploads\/2019\/11\/51XCxa8935L._SX315_BO1204203200_.jpg 317w, https:\/\/www.uhu.es\/biblioteca\/labuhardilla\/wp-content\/uploads\/2019\/11\/51XCxa8935L._SX315_BO1204203200_-191x300.jpg 191w\" sizes=\"(max-width: 317px) 100vw, 317px\" \/><\/figure>\n<\/figure>\n\n\n\n<p><a href=\"https:\/\/cbua-uhu.primo.exlibrisgroup.com\/discovery\/fulldisplay?docid=alma991000206989704993&amp;context=L&amp;vid=34CBUA_UHU:VU1&amp;lang=es&amp;search_scope=MyInst_and_CI&amp;adaptor=Local%20Search%20Engine&amp;tab=Everything&amp;query=any,contains,memorias%20de%20una\"><strong>Memorias de una geisha. Golden, Arthur<\/strong><\/a><strong>&nbsp;<\/strong><\/p>\n\n\n\n<p><strong>Memorias de una geisha cuenta la historia de una geisha que trabajaba en Kioto antes de la Segunda Guerra Mundial. La protagonista, Chiyo, y su hermana mayor, Satsu, viven en un pueblo a las orillas del Mar del Jap\u00f3n, Yoroido. Son conducidas a Gion por un hombre llamado se\u00f1or Bekku. Satsu es vendida a un burdel y Chiyo a una okiya (una casa para las geishas).<\/strong><\/p>\n\n\n\n<figure class=\"wp-block-gallery alignleft has-nested-images columns-default is-cropped\">\n<figure class=\"wp-block-image\"><img loading=\"lazy\" width=\"613\" height=\"1024\" data-id=\"7106\"  src=\"http:\/\/www.uhu.es\/biblioteca\/labuhardilla\/wp-content\/uploads\/2019\/11\/tapa-el-sonido-de-la-montana-001-613x1024.jpg\" alt=\"\" class=\"wp-image-7106\" srcset=\"https:\/\/www.uhu.es\/biblioteca\/labuhardilla\/wp-content\/uploads\/2019\/11\/tapa-el-sonido-de-la-montana-001-613x1024.jpg 613w, https:\/\/www.uhu.es\/biblioteca\/labuhardilla\/wp-content\/uploads\/2019\/11\/tapa-el-sonido-de-la-montana-001-180x300.jpg 180w, https:\/\/www.uhu.es\/biblioteca\/labuhardilla\/wp-content\/uploads\/2019\/11\/tapa-el-sonido-de-la-montana-001-768x1284.jpg 768w, https:\/\/www.uhu.es\/biblioteca\/labuhardilla\/wp-content\/uploads\/2019\/11\/tapa-el-sonido-de-la-montana-001.jpg 800w\" sizes=\"(max-width: 613px) 100vw, 613px\" \/><\/figure>\n<\/figure>\n\n\n\n<p><a href=\"https:\/\/cbua-uhu.primo.exlibrisgroup.com\/discovery\/fulldisplay?docid=alma991003303509704993&amp;context=L&amp;vid=34CBUA_UHU:VU1&amp;lang=es&amp;search_scope=MyInst_and_CI&amp;adaptor=Local%20Search%20Engine&amp;tab=Everything&amp;query=any,contains,sonido%20de%20la%20monta%C3%B1a&amp;offset=0\"><strong>El sonido de la monta\u00f1a. Kawabata, Yasunari <\/strong><\/a><\/p>\n\n\n\n<p><strong>El sonido se interrumpi\u00f3 y, de repente, tuvo miedo. Quer\u00eda interrogarse, con calma y determinaci\u00f3n, si hab\u00eda sido el sonido del viento, el rumor del mar o un zumbido dentro de sus o\u00eddos. Pero hab\u00eda sido otra cosa, de eso estaba seguro: la monta\u00f1a. La constelaci\u00f3n aparentemente fija de las relaciones familiares, el encanto de la naturaleza, el amor y la pasi\u00f3n son algunos elementos de esta novela hipn\u00f3tica que provoca una fascinaci\u00f3n inusitada, a la vez que inquieta profundamente.<\/strong><\/p>\n\n\n\n<p><strong>Trata sobre Ogata Shingo, un hombre de m\u00e1s de sesenta a\u00f1os que siente la fatiga del cuerpo y la mente y la p\u00e9rdida de la memoria de los actos simples, de fechas de acontecimientos o, repentinamente, c\u00f3mo hacerse la corbata. Y es que la novela fue publicada en 1954, tiempos en que los problemas de la edad se presentaban con mayor anticipaci\u00f3n que en 2011. Asimismo, se interroga sobre los fracasos matrimoniales de sus hijos, a la vez que tiene una estrecha relaci\u00f3n que lo une a su nuera Kikuko, residente en su hogar. Consternado por la vida que llevan sus hijos, se cuestiona si \u00e9l ha tenido alguna relaci\u00f3n con esos rumbos, as\u00ed como advierte los cambios profundos que se viv\u00edan en Jap\u00f3n tras su derrota en la segunda guerra mundial.<\/strong><br><\/p>\n","protected":false},"excerpt":{"rendered":"<p>El cine asi\u00e1tico es a\u00fan un gran desconocido para el gran p\u00fablico, la escasa oferta comercial y su poca presencia fuera de c\u00edrculos especializados no permite captar su aut\u00e9ntico valor, a pesar de los elogios de cr\u00edticos y estudiosos. En lo que se refiere a la literatura hay que destacar que la literatura japonesa, desde&nbsp;<span class=\"excerpt_more\"><a href=\"https:\/\/www.uhu.es\/biblioteca\/labuhardilla\/?p=7089\">[Seguir leyendo&#8230;]<\/a><\/span><\/p>\n","protected":false},"author":4,"featured_media":7093,"comment_status":"open","ping_status":"open","sticky":true,"template":"","format":"standard","meta":{"_s2mail":"yes"},"categories":[3,6],"tags":[60,274,100,222],"_links":{"self":[{"href":"https:\/\/www.uhu.es\/biblioteca\/labuhardilla\/index.php?rest_route=\/wp\/v2\/posts\/7089"}],"collection":[{"href":"https:\/\/www.uhu.es\/biblioteca\/labuhardilla\/index.php?rest_route=\/wp\/v2\/posts"}],"about":[{"href":"https:\/\/www.uhu.es\/biblioteca\/labuhardilla\/index.php?rest_route=\/wp\/v2\/types\/post"}],"author":[{"embeddable":true,"href":"https:\/\/www.uhu.es\/biblioteca\/labuhardilla\/index.php?rest_route=\/wp\/v2\/users\/4"}],"replies":[{"embeddable":true,"href":"https:\/\/www.uhu.es\/biblioteca\/labuhardilla\/index.php?rest_route=%2Fwp%2Fv2%2Fcomments&post=7089"}],"version-history":[{"count":13,"href":"https:\/\/www.uhu.es\/biblioteca\/labuhardilla\/index.php?rest_route=\/wp\/v2\/posts\/7089\/revisions"}],"predecessor-version":[{"id":8226,"href":"https:\/\/www.uhu.es\/biblioteca\/labuhardilla\/index.php?rest_route=\/wp\/v2\/posts\/7089\/revisions\/8226"}],"wp:featuredmedia":[{"embeddable":true,"href":"https:\/\/www.uhu.es\/biblioteca\/labuhardilla\/index.php?rest_route=\/wp\/v2\/media\/7093"}],"wp:attachment":[{"href":"https:\/\/www.uhu.es\/biblioteca\/labuhardilla\/index.php?rest_route=%2Fwp%2Fv2%2Fmedia&parent=7089"}],"wp:term":[{"taxonomy":"category","embeddable":true,"href":"https:\/\/www.uhu.es\/biblioteca\/labuhardilla\/index.php?rest_route=%2Fwp%2Fv2%2Fcategories&post=7089"},{"taxonomy":"post_tag","embeddable":true,"href":"https:\/\/www.uhu.es\/biblioteca\/labuhardilla\/index.php?rest_route=%2Fwp%2Fv2%2Ftags&post=7089"}],"curies":[{"name":"wp","href":"https:\/\/api.w.org\/{rel}","templated":true}]}}