{"id":72,"date":"2011-12-13T09:43:27","date_gmt":"2011-12-13T09:43:27","guid":{"rendered":"http:\/\/www.uhu.es\/biblioteca\/blog\/?p=72"},"modified":"2012-10-05T10:38:38","modified_gmt":"2012-10-05T10:38:38","slug":"entrevistamos-a-nuestros-usuarios-dr-jose-tierra-orta","status":"publish","type":"post","link":"https:\/\/www.uhu.es\/biblioteca\/labuhardilla\/?p=72","title":{"rendered":"Entrevistamos a nuestros usuarios: Dr. Jos\u00e9 Tierra Orta"},"content":{"rendered":"<p>Hemos querido incluir esta secci\u00f3n\u00a0 con el objeto de dar a conocer la opini\u00f3n de nuestros usuarios respecto a la Biblioteca. Nos interesa saber el uso que hacen de ella, qu\u00e9 podr\u00edamos mejorar, qu\u00e9 les gusta , qu\u00e9 no les gusta\u2026 Para ello, hemos empezado con una entrevista a uno de nuestros profesores de la UHU, el Dr. Jos\u00e9 Tierra Orta.<\/p>\n<p><a href=\"http:\/\/www.uhu.es\/biblioteca\/blog\/wp-content\/uploads\/2011\/12\/josetierraorta.jpg\" rel='prettyPhoto[gallery1]'><img loading=\"lazy\" class=\"aligncenter size-full wp-image-126\" title=\"josetierraorta\" src=\"http:\/\/www.uhu.es\/biblioteca\/blog\/wp-content\/uploads\/2011\/12\/josetierraorta.jpg\" alt=\"\" width=\"620\" height=\"290\" \/><\/a><\/p>\n<p><em>Profesor Titular de Universidad de la Universidad de Huelva. Es Maestro, Licenciado en Educaci\u00f3n F\u00edsica (Universidad Polit\u00e9cnica de Madrid) y Doctor en Psicopedagog\u00eda (Universidad de Huelva). Forma parte del Grupo de Investigaci\u00f3n: Actividad F\u00edsico Deportiva en\u00a0 Primaria.<\/em><\/p>\n<p><strong>\u00bfC\u00f3mo recuerda su primera visita a la BUH ?<\/strong><\/p>\n<p>Mis recuerdos se remontan a la antigua Escuela Universitaria de Formaci\u00f3n del Profesorado donde no exist\u00eda, y no digamos en el edificio anterior en el patio de un centro escolar de nuestra ciudad. Despu\u00e9s, en el edificio de Cantero Cuadrado y finalmente en este Campus, en nuestra Facultad estaba en el bloque n\u00ba 4 de la Facultad de Ciencias de la Educaci\u00f3n, denominada por entonces Humanidades y CC. de la Educaci\u00f3n.<\/p>\n<p>El salto de calidad que se produjo con el edificio actual fue tremendo, nos parec\u00eda grand\u00edsimo, cosa que a los pocos a\u00f1os, nos pudimos percatar que era todo lo contrario, que el incremento constante que se produc\u00eda en nuestra querida Universidad, hizo que en pocos a\u00f1os se quedase peque\u00f1a.<\/p>\n<p>Recuerdo con agrado y admiraci\u00f3n, el que por fin tuvi\u00e9semos una Biblioteca como Dios manda, acorde con nuestra universidad, como al entrar en ella y comprobar la cantidad de libros y estanter\u00edas que exist\u00eda me dej\u00f3 fascinado y satisfecho, \u00a1por fin ten\u00edamos una gran biblioteca!<\/p>\n<p><strong>\u00bfQu\u00e9 valora m\u00e1s y que echa en falta en la BUH?<\/strong><\/p>\n<p>Lo que m\u00e1s valoro es el trato de todo el personal de la misma, que cubren todas las necesidades que se les demanda, bien tramitando las peticiones, bien solucion\u00e1ndolas y busc\u00e1ndolas ellos mismos.<\/p>\n<p><strong>\u00bfSabe qu\u00e9 es la Biblioteca 2.0? \u00bfAcude a la Biblioteca o la utiliza m\u00e1s a trav\u00e9s de internet (consultas al cat\u00e1logo, reservas, uso de bases de datos, revistas electr\u00f3nicas&#8230;)?<\/strong><\/p>\n<p>El modelo de funcionamiento de una biblioteca 2.0, a mi entender lo que pretende es que se pueda responder r\u00e1pidamente a las necesidades de los usuarios de la misma.<\/p>\n<p><strong>\u00bfComunica a sus alumnos la importancia de la Biblioteca para sus estudios?<\/strong><\/p>\n<p>Siempre lo hacemos, pues en el propio Departamento, todos los a\u00f1os se recuerda el tema y qui\u00e9n ser\u00e1 el encargado o encargada de ense\u00f1ar y llevar a los alumnos este recurso.<\/p>\n<p>En el Grado de Ciencias del Deporte, lo estamos llevando de manera m\u00e1s amplia.<\/p>\n<p><strong>Por \u00faltimo, \u00bfpuede recomendarnos alguna biblioteca que haya visitado y le haya gustado especialmente?<\/strong><\/p>\n<p>La de Facultad de Ciencias del Deporte de Granada y el\u00a0 Archivo General de la Administraci\u00f3n en Alcal\u00e1 de Henares.<\/p>\n","protected":false},"excerpt":{"rendered":"<p>Hemos querido incluir esta secci\u00f3n\u00a0 con el objeto de dar a conocer la opini\u00f3n de nuestros usuarios respecto a la Biblioteca. Nos interesa saber el uso que hacen de ella, qu\u00e9 podr\u00edamos mejorar, qu\u00e9 les gusta , qu\u00e9 no les gusta\u2026 Para ello, hemos empezado con una entrevista a uno de nuestros profesores de la&nbsp;<span class=\"excerpt_more\"><a href=\"https:\/\/www.uhu.es\/biblioteca\/labuhardilla\/?p=72\">[Seguir leyendo&#8230;]<\/a><\/span><\/p>\n","protected":false},"author":1,"featured_media":0,"comment_status":"open","ping_status":"open","sticky":false,"template":"","format":"standard","meta":{"_s2mail":"yes"},"categories":[6,5],"tags":[11,12],"_links":{"self":[{"href":"https:\/\/www.uhu.es\/biblioteca\/labuhardilla\/index.php?rest_route=\/wp\/v2\/posts\/72"}],"collection":[{"href":"https:\/\/www.uhu.es\/biblioteca\/labuhardilla\/index.php?rest_route=\/wp\/v2\/posts"}],"about":[{"href":"https:\/\/www.uhu.es\/biblioteca\/labuhardilla\/index.php?rest_route=\/wp\/v2\/types\/post"}],"author":[{"embeddable":true,"href":"https:\/\/www.uhu.es\/biblioteca\/labuhardilla\/index.php?rest_route=\/wp\/v2\/users\/1"}],"replies":[{"embeddable":true,"href":"https:\/\/www.uhu.es\/biblioteca\/labuhardilla\/index.php?rest_route=%2Fwp%2Fv2%2Fcomments&post=72"}],"version-history":[{"count":2,"href":"https:\/\/www.uhu.es\/biblioteca\/labuhardilla\/index.php?rest_route=\/wp\/v2\/posts\/72\/revisions"}],"predecessor-version":[{"id":130,"href":"https:\/\/www.uhu.es\/biblioteca\/labuhardilla\/index.php?rest_route=\/wp\/v2\/posts\/72\/revisions\/130"}],"wp:attachment":[{"href":"https:\/\/www.uhu.es\/biblioteca\/labuhardilla\/index.php?rest_route=%2Fwp%2Fv2%2Fmedia&parent=72"}],"wp:term":[{"taxonomy":"category","embeddable":true,"href":"https:\/\/www.uhu.es\/biblioteca\/labuhardilla\/index.php?rest_route=%2Fwp%2Fv2%2Fcategories&post=72"},{"taxonomy":"post_tag","embeddable":true,"href":"https:\/\/www.uhu.es\/biblioteca\/labuhardilla\/index.php?rest_route=%2Fwp%2Fv2%2Ftags&post=72"}],"curies":[{"name":"wp","href":"https:\/\/api.w.org\/{rel}","templated":true}]}}