{"id":7217,"date":"2020-01-23T10:45:13","date_gmt":"2020-01-23T10:45:13","guid":{"rendered":"http:\/\/www.uhu.es\/biblioteca\/labuhardilla\/?p=7217"},"modified":"2020-01-24T10:37:12","modified_gmt":"2020-01-24T10:37:12","slug":"donacion-manuel-angel-vazquez-medel","status":"publish","type":"post","link":"https:\/\/www.uhu.es\/biblioteca\/labuhardilla\/?p=7217","title":{"rendered":"Donaci\u00f3n Manuel \u00c1ngel V\u00e1zquez Medel"},"content":{"rendered":"\n<div class=\"wp-block-media-text alignwide\" style=\"grid-template-columns:75% auto\"><figure class=\"wp-block-media-text__media\"><img loading=\"lazy\" width=\"702\" height=\"336\" src=\"http:\/\/www.uhu.es\/biblioteca\/labuhardilla\/wp-content\/uploads\/2020\/01\/pilar-y-dem\u00e1s.jpg\" alt=\"\" class=\"wp-image-7221\" srcset=\"https:\/\/www.uhu.es\/biblioteca\/labuhardilla\/wp-content\/uploads\/2020\/01\/pilar-y-dem\u00e1s.jpg 702w, https:\/\/www.uhu.es\/biblioteca\/labuhardilla\/wp-content\/uploads\/2020\/01\/pilar-y-dem\u00e1s-300x144.jpg 300w\" sizes=\"(max-width: 702px) 100vw, 702px\" \/><\/figure><div class=\"wp-block-media-text__content\">\n<p style=\"font-size:14px;text-align:center\" class=\"has-text-color has-luminous-vivid-orange-color\">De izquierda a derecha: Pilar Sastre, Isabel Lara, M\u00aa Antonia Pe\u00f1a, M. A. V\u00e1zquez Medel, Juan Alguacil Ojeda<\/p>\n<\/div><\/div>\n\n\n\n<p class=\"has-normal-font-size\">Hemos empezado 2020 con la firma del&nbsp;<strong><a rel=\"noreferrer noopener\" aria-label=\" (abre en una nueva pesta\u00f1a)\" href=\"http:\/\/uhu.es\/canaluhu\/vazquez-medel-biblioteca\/?fbclid=IwAR2TBzpOXtn-qUGh_qCUhdXd62cEejVqhmtC6MMe-I2105KP_3r2qdrXUgU\" target=\"_blank\">convenio de la donaci\u00f3n del Fondo del Catedr\u00e1tico Manuel \u00c1ngel V\u00e1zquez Medel a la Universidad de Huelva<\/a><\/strong>. Dicho convenio se ha firmado en la Biblioteca, con la presencia del propio V\u00e1zquez Medel, la Rectora de la Universidad de Huelva, Mar\u00eda Antonia Pe\u00f1a, el Vicerrector de Investigaci\u00f3n y Transferencia, Juan Alguacil,&nbsp;la Directora de la Biblioteca Universitaria, Isabel Lara y la Directora del \u00c1rea de Gesti\u00f3n de Recursos de Informaci\u00f3n, Pilar Sastre.&nbsp; <\/p>\n\n\n\n<p class=\"has-normal-font-size\">La zona de&nbsp;<a href=\"https:\/\/columbus.uhu.es\/discovery\/search?query=any,contains,%20(*)%20&amp;tab=coleccion_impresa&amp;search_scope=coleccion_impresa&amp;sortby=title&amp;vid=34CBUA_UHU:VU1&amp;mfacet=tlevel,include,available_p,1&amp;mfacet=library,include,4993%E2%80%93189345170004993,1&amp;mfacet=location_code,include,4993%E2%80%93189345170004993%E2%80%93b%20novedade,2&amp;lang=es&amp;offset=0&amp;came_from=sort\" target=\"_blank\" rel=\"noreferrer noopener\">Exposici\u00f3n de Novedades<\/a>, en la Sala de Lectura de la\nPlanta baja de la biblioteca fue la elegida para la firma y las declaraciones,\ncon gran presencia de medios de comunicaci\u00f3n.<\/p>\n\n\n\n<figure class=\"wp-block-image\"><img loading=\"lazy\" width=\"1024\" height=\"768\" src=\"http:\/\/www.uhu.es\/biblioteca\/labuhardilla\/wp-content\/uploads\/2020\/01\/periodista-1-1024x768.jpg\" alt=\"\" class=\"wp-image-7222\" srcset=\"https:\/\/www.uhu.es\/biblioteca\/labuhardilla\/wp-content\/uploads\/2020\/01\/periodista-1-1024x768.jpg 1024w, https:\/\/www.uhu.es\/biblioteca\/labuhardilla\/wp-content\/uploads\/2020\/01\/periodista-1-300x225.jpg 300w, https:\/\/www.uhu.es\/biblioteca\/labuhardilla\/wp-content\/uploads\/2020\/01\/periodista-1-768x576.jpg 768w, https:\/\/www.uhu.es\/biblioteca\/labuhardilla\/wp-content\/uploads\/2020\/01\/periodista-1.jpg 1599w\" sizes=\"(max-width: 1024px) 100vw, 1024px\" \/><\/figure>\n\n\n\n<p class=\"has-normal-font-size\">M.A. V\u00e1zquez Medel se\u00f1al\u00f3 que su biblioteca es fundamentalmente de Ciencias Sociales y Humanidades, y que espera que \u201ca medida que se vayan documentando e inventariando, los libros puedan ser un instrumento de agitaci\u00f3n cultural e intelectual, sobre todo para los j\u00f3venes, que con esta colecci\u00f3n podr\u00e1n estar en contacto con obras dif\u00edciles de hallar, y que no se encuentran en internet\u201d. <\/p>\n\n\n\n<p class=\"has-normal-font-size\">Se trata de su biblioteca y mediateca personal, unos 10.000 ejemplares entre monograf\u00edas, obras de referencia y algunas colecciones de revistas, junto con unos 4000 t\u00edtulos de pel\u00edculas y registros sonoros.<\/p>\n\n\n\n<p class=\"has-normal-font-size\">\n\n\n\n\n\n\n\n\n\n\n\n\n\n\n\n\nEn la colecci\u00f3n que recibe la Biblioteca\nUniversitaria, se encuentran ejemplares de la Literatura Universal y Comparada,\ncon especial presencia de autores como Fernando Pessoa, Samuel Beckett, Jos\u00e9\nSaramago o Antonio Tabucchi, mientras que, en el grupo de Literatura Espa\u00f1ola e\nHispanoamericana, se encuentran obras de Fernando de Herrera, Cervantes,\nAntonio Machado, Juan Ram\u00f3n Jim\u00e9nez, la Generaci\u00f3n del 27 o Francisco Ayala,\ncon espacio tambi\u00e9n para la Filosof\u00eda de Heidegger, Gadamer, Ortega y Gasset o\nMar\u00eda Zambrano\n\n\n\n<\/p>\n\n\n\n<p class=\"has-normal-font-size\">Es una donaci\u00f3n importante, tanto por su volumen, variedad tem\u00e1tica y documental as\u00ed como por la figura del donante, onubense de nacimiento, catedr\u00e1tico de la Universidad de Sevilla, escritor, comunicador&#8230; <\/p>\n\n\n\n<ul class=\"wp-block-gallery columns-3 is-cropped\"><li class=\"blocks-gallery-item\"><figure><img loading=\"lazy\" width=\"1024\" height=\"682\" src=\"http:\/\/www.uhu.es\/biblioteca\/labuhardilla\/wp-content\/uploads\/2020\/01\/3be713cd-ddfd-48ab-90e3-b49ac327948a-1024x682.jpg\" alt=\"Fondo V\u00e1zquez Medel\" data-id=\"7244\" data-link=\"http:\/\/www.uhu.es\/biblioteca\/labuhardilla\/?attachment_id=7244\" class=\"wp-image-7244\" srcset=\"https:\/\/www.uhu.es\/biblioteca\/labuhardilla\/wp-content\/uploads\/2020\/01\/3be713cd-ddfd-48ab-90e3-b49ac327948a-1024x682.jpg 1024w, https:\/\/www.uhu.es\/biblioteca\/labuhardilla\/wp-content\/uploads\/2020\/01\/3be713cd-ddfd-48ab-90e3-b49ac327948a-300x200.jpg 300w, https:\/\/www.uhu.es\/biblioteca\/labuhardilla\/wp-content\/uploads\/2020\/01\/3be713cd-ddfd-48ab-90e3-b49ac327948a-768x512.jpg 768w, https:\/\/www.uhu.es\/biblioteca\/labuhardilla\/wp-content\/uploads\/2020\/01\/3be713cd-ddfd-48ab-90e3-b49ac327948a-150x100.jpg 150w, https:\/\/www.uhu.es\/biblioteca\/labuhardilla\/wp-content\/uploads\/2020\/01\/3be713cd-ddfd-48ab-90e3-b49ac327948a.jpg 1600w\" sizes=\"(max-width: 1024px) 100vw, 1024px\" \/><\/figure><\/li><li class=\"blocks-gallery-item\"><figure><img loading=\"lazy\" width=\"1024\" height=\"682\" src=\"http:\/\/www.uhu.es\/biblioteca\/labuhardilla\/wp-content\/uploads\/2020\/01\/f7181a43-d115-477c-a059-89ebe8ddc39d-1024x682.jpg\" alt=\"\" data-id=\"7252\" data-link=\"http:\/\/www.uhu.es\/biblioteca\/labuhardilla\/?attachment_id=7252\" class=\"wp-image-7252\" srcset=\"https:\/\/www.uhu.es\/biblioteca\/labuhardilla\/wp-content\/uploads\/2020\/01\/f7181a43-d115-477c-a059-89ebe8ddc39d-1024x682.jpg 1024w, https:\/\/www.uhu.es\/biblioteca\/labuhardilla\/wp-content\/uploads\/2020\/01\/f7181a43-d115-477c-a059-89ebe8ddc39d-300x200.jpg 300w, https:\/\/www.uhu.es\/biblioteca\/labuhardilla\/wp-content\/uploads\/2020\/01\/f7181a43-d115-477c-a059-89ebe8ddc39d-768x512.jpg 768w, https:\/\/www.uhu.es\/biblioteca\/labuhardilla\/wp-content\/uploads\/2020\/01\/f7181a43-d115-477c-a059-89ebe8ddc39d-150x100.jpg 150w, https:\/\/www.uhu.es\/biblioteca\/labuhardilla\/wp-content\/uploads\/2020\/01\/f7181a43-d115-477c-a059-89ebe8ddc39d.jpg 1600w\" sizes=\"(max-width: 1024px) 100vw, 1024px\" \/><\/figure><\/li><li class=\"blocks-gallery-item\"><figure><img loading=\"lazy\" width=\"1024\" height=\"682\" src=\"http:\/\/www.uhu.es\/biblioteca\/labuhardilla\/wp-content\/uploads\/2020\/01\/186dfd05-fea2-49a5-b829-f586fcd04b7a-1024x682.jpg\" alt=\"\" data-id=\"7248\" data-link=\"http:\/\/www.uhu.es\/biblioteca\/labuhardilla\/?attachment_id=7248\" class=\"wp-image-7248\" srcset=\"https:\/\/www.uhu.es\/biblioteca\/labuhardilla\/wp-content\/uploads\/2020\/01\/186dfd05-fea2-49a5-b829-f586fcd04b7a-1024x682.jpg 1024w, https:\/\/www.uhu.es\/biblioteca\/labuhardilla\/wp-content\/uploads\/2020\/01\/186dfd05-fea2-49a5-b829-f586fcd04b7a-300x200.jpg 300w, https:\/\/www.uhu.es\/biblioteca\/labuhardilla\/wp-content\/uploads\/2020\/01\/186dfd05-fea2-49a5-b829-f586fcd04b7a-768x512.jpg 768w, https:\/\/www.uhu.es\/biblioteca\/labuhardilla\/wp-content\/uploads\/2020\/01\/186dfd05-fea2-49a5-b829-f586fcd04b7a-150x100.jpg 150w, https:\/\/www.uhu.es\/biblioteca\/labuhardilla\/wp-content\/uploads\/2020\/01\/186dfd05-fea2-49a5-b829-f586fcd04b7a.jpg 1600w\" sizes=\"(max-width: 1024px) 100vw, 1024px\" \/><\/figure><\/li><li class=\"blocks-gallery-item\"><figure><img loading=\"lazy\" width=\"1024\" height=\"682\" src=\"http:\/\/www.uhu.es\/biblioteca\/labuhardilla\/wp-content\/uploads\/2020\/01\/5e790f03-b726-45bb-b191-decd4288cbcf-1024x682.jpg\" alt=\"\" data-id=\"7247\" data-link=\"http:\/\/www.uhu.es\/biblioteca\/labuhardilla\/?attachment_id=7247\" class=\"wp-image-7247\" srcset=\"https:\/\/www.uhu.es\/biblioteca\/labuhardilla\/wp-content\/uploads\/2020\/01\/5e790f03-b726-45bb-b191-decd4288cbcf-1024x682.jpg 1024w, https:\/\/www.uhu.es\/biblioteca\/labuhardilla\/wp-content\/uploads\/2020\/01\/5e790f03-b726-45bb-b191-decd4288cbcf-300x200.jpg 300w, https:\/\/www.uhu.es\/biblioteca\/labuhardilla\/wp-content\/uploads\/2020\/01\/5e790f03-b726-45bb-b191-decd4288cbcf-768x512.jpg 768w, https:\/\/www.uhu.es\/biblioteca\/labuhardilla\/wp-content\/uploads\/2020\/01\/5e790f03-b726-45bb-b191-decd4288cbcf-150x100.jpg 150w, https:\/\/www.uhu.es\/biblioteca\/labuhardilla\/wp-content\/uploads\/2020\/01\/5e790f03-b726-45bb-b191-decd4288cbcf.jpg 1600w\" sizes=\"(max-width: 1024px) 100vw, 1024px\" \/><\/figure><\/li><li class=\"blocks-gallery-item\"><figure><img loading=\"lazy\" width=\"1024\" height=\"682\" src=\"http:\/\/www.uhu.es\/biblioteca\/labuhardilla\/wp-content\/uploads\/2020\/01\/505415f7-6ffa-4be0-b30a-1b30ed031eda-1024x682.jpg\" alt=\"\" data-id=\"7249\" data-link=\"http:\/\/www.uhu.es\/biblioteca\/labuhardilla\/?attachment_id=7249\" class=\"wp-image-7249\" srcset=\"https:\/\/www.uhu.es\/biblioteca\/labuhardilla\/wp-content\/uploads\/2020\/01\/505415f7-6ffa-4be0-b30a-1b30ed031eda-1024x682.jpg 1024w, https:\/\/www.uhu.es\/biblioteca\/labuhardilla\/wp-content\/uploads\/2020\/01\/505415f7-6ffa-4be0-b30a-1b30ed031eda-300x200.jpg 300w, https:\/\/www.uhu.es\/biblioteca\/labuhardilla\/wp-content\/uploads\/2020\/01\/505415f7-6ffa-4be0-b30a-1b30ed031eda-768x512.jpg 768w, https:\/\/www.uhu.es\/biblioteca\/labuhardilla\/wp-content\/uploads\/2020\/01\/505415f7-6ffa-4be0-b30a-1b30ed031eda-150x100.jpg 150w, https:\/\/www.uhu.es\/biblioteca\/labuhardilla\/wp-content\/uploads\/2020\/01\/505415f7-6ffa-4be0-b30a-1b30ed031eda.jpg 1600w\" sizes=\"(max-width: 1024px) 100vw, 1024px\" \/><\/figure><\/li><li class=\"blocks-gallery-item\"><figure><img loading=\"lazy\" width=\"1024\" height=\"682\" src=\"http:\/\/www.uhu.es\/biblioteca\/labuhardilla\/wp-content\/uploads\/2020\/01\/5cd46ce0-a3bc-447e-b30a-9baace6d9b24-1024x682.jpg\" alt=\"\" data-id=\"7246\" data-link=\"http:\/\/www.uhu.es\/biblioteca\/labuhardilla\/?attachment_id=7246\" class=\"wp-image-7246\" srcset=\"https:\/\/www.uhu.es\/biblioteca\/labuhardilla\/wp-content\/uploads\/2020\/01\/5cd46ce0-a3bc-447e-b30a-9baace6d9b24-1024x682.jpg 1024w, https:\/\/www.uhu.es\/biblioteca\/labuhardilla\/wp-content\/uploads\/2020\/01\/5cd46ce0-a3bc-447e-b30a-9baace6d9b24-300x200.jpg 300w, https:\/\/www.uhu.es\/biblioteca\/labuhardilla\/wp-content\/uploads\/2020\/01\/5cd46ce0-a3bc-447e-b30a-9baace6d9b24-768x512.jpg 768w, https:\/\/www.uhu.es\/biblioteca\/labuhardilla\/wp-content\/uploads\/2020\/01\/5cd46ce0-a3bc-447e-b30a-9baace6d9b24-150x100.jpg 150w, https:\/\/www.uhu.es\/biblioteca\/labuhardilla\/wp-content\/uploads\/2020\/01\/5cd46ce0-a3bc-447e-b30a-9baace6d9b24.jpg 1600w\" sizes=\"(max-width: 1024px) 100vw, 1024px\" \/><\/figure><\/li><li class=\"blocks-gallery-item\"><figure><img loading=\"lazy\" width=\"1024\" height=\"682\" src=\"http:\/\/www.uhu.es\/biblioteca\/labuhardilla\/wp-content\/uploads\/2020\/01\/df4b5530-c242-4bab-84fc-2a009ccb6ca7-1024x682.jpg\" alt=\"\" data-id=\"7251\" data-link=\"http:\/\/www.uhu.es\/biblioteca\/labuhardilla\/?attachment_id=7251\" class=\"wp-image-7251\" srcset=\"https:\/\/www.uhu.es\/biblioteca\/labuhardilla\/wp-content\/uploads\/2020\/01\/df4b5530-c242-4bab-84fc-2a009ccb6ca7-1024x682.jpg 1024w, https:\/\/www.uhu.es\/biblioteca\/labuhardilla\/wp-content\/uploads\/2020\/01\/df4b5530-c242-4bab-84fc-2a009ccb6ca7-300x200.jpg 300w, https:\/\/www.uhu.es\/biblioteca\/labuhardilla\/wp-content\/uploads\/2020\/01\/df4b5530-c242-4bab-84fc-2a009ccb6ca7-768x512.jpg 768w, https:\/\/www.uhu.es\/biblioteca\/labuhardilla\/wp-content\/uploads\/2020\/01\/df4b5530-c242-4bab-84fc-2a009ccb6ca7-150x100.jpg 150w, https:\/\/www.uhu.es\/biblioteca\/labuhardilla\/wp-content\/uploads\/2020\/01\/df4b5530-c242-4bab-84fc-2a009ccb6ca7.jpg 1600w\" sizes=\"(max-width: 1024px) 100vw, 1024px\" \/><\/figure><\/li><li class=\"blocks-gallery-item\"><figure><img loading=\"lazy\" width=\"1024\" height=\"682\" src=\"http:\/\/www.uhu.es\/biblioteca\/labuhardilla\/wp-content\/uploads\/2020\/01\/db0b58e7-17ab-4749-bc12-956b47dcf309-1024x682.jpg\" alt=\"\" data-id=\"7250\" data-link=\"http:\/\/www.uhu.es\/biblioteca\/labuhardilla\/?attachment_id=7250\" class=\"wp-image-7250\" srcset=\"https:\/\/www.uhu.es\/biblioteca\/labuhardilla\/wp-content\/uploads\/2020\/01\/db0b58e7-17ab-4749-bc12-956b47dcf309-1024x682.jpg 1024w, https:\/\/www.uhu.es\/biblioteca\/labuhardilla\/wp-content\/uploads\/2020\/01\/db0b58e7-17ab-4749-bc12-956b47dcf309-300x200.jpg 300w, https:\/\/www.uhu.es\/biblioteca\/labuhardilla\/wp-content\/uploads\/2020\/01\/db0b58e7-17ab-4749-bc12-956b47dcf309-768x512.jpg 768w, https:\/\/www.uhu.es\/biblioteca\/labuhardilla\/wp-content\/uploads\/2020\/01\/db0b58e7-17ab-4749-bc12-956b47dcf309-150x100.jpg 150w, https:\/\/www.uhu.es\/biblioteca\/labuhardilla\/wp-content\/uploads\/2020\/01\/db0b58e7-17ab-4749-bc12-956b47dcf309.jpg 1600w\" sizes=\"(max-width: 1024px) 100vw, 1024px\" \/><\/figure><\/li><li class=\"blocks-gallery-item\"><figure><img loading=\"lazy\" width=\"1024\" height=\"682\" src=\"http:\/\/www.uhu.es\/biblioteca\/labuhardilla\/wp-content\/uploads\/2020\/01\/05b505fc-3f8f-4bf9-b9e4-4588d3e0c669-1024x682.jpg\" alt=\"\" data-id=\"7245\" data-link=\"http:\/\/www.uhu.es\/biblioteca\/labuhardilla\/?attachment_id=7245\" class=\"wp-image-7245\" srcset=\"https:\/\/www.uhu.es\/biblioteca\/labuhardilla\/wp-content\/uploads\/2020\/01\/05b505fc-3f8f-4bf9-b9e4-4588d3e0c669-1024x682.jpg 1024w, https:\/\/www.uhu.es\/biblioteca\/labuhardilla\/wp-content\/uploads\/2020\/01\/05b505fc-3f8f-4bf9-b9e4-4588d3e0c669-300x200.jpg 300w, https:\/\/www.uhu.es\/biblioteca\/labuhardilla\/wp-content\/uploads\/2020\/01\/05b505fc-3f8f-4bf9-b9e4-4588d3e0c669-768x512.jpg 768w, https:\/\/www.uhu.es\/biblioteca\/labuhardilla\/wp-content\/uploads\/2020\/01\/05b505fc-3f8f-4bf9-b9e4-4588d3e0c669-150x100.jpg 150w, https:\/\/www.uhu.es\/biblioteca\/labuhardilla\/wp-content\/uploads\/2020\/01\/05b505fc-3f8f-4bf9-b9e4-4588d3e0c669.jpg 1600w\" sizes=\"(max-width: 1024px) 100vw, 1024px\" \/><\/figure><\/li><\/ul>\n\n\n\n<p class=\"has-normal-font-size\">Para la Biblioteca ser\u00e1 un proyecto de largo recorrido, pero en el que se comenzar\u00e1 a trabajar en breve. En realidad, la Biblioteca ya ha comenzado a trabajar esta misma semana, colaborando en la preparaci\u00f3n del acto de la firma del convenio, elaborando documentos para la recepci\u00f3n de la donaci\u00f3n, seleccionando, localizando y preparando la zona de novedades, supervisando la sala, preparando la selecci\u00f3n de libros de V\u00e1zquez Medel presentes en nuestro fondo&#8230;<\/p>\n\n\n\n<p style=\"font-size:18px\"><a href=\"https:\/\/columbus.uhu.es\/discovery\/search?query=any,contains,vazquez%20medel,%20manuel%20%C3%A1ngel&amp;tab=Huelva&amp;search_scope=MyInstitution&amp;sortby=rank&amp;vid=34CBUA_UHU:VU1&amp;lang=es&amp;offset=0&amp;came_from=sort\" target=\"_blank\" rel=\"noreferrer noopener\" aria-label=\"Obras de V\u00e1zquez Medel en Columbus (abre en una nueva pesta\u00f1a)\">Obras de V\u00e1zquez Medel en Columbus<\/a><\/p>\n\n\n\n<p style=\"font-size:18px\"><a rel=\"noreferrer noopener\" aria-label=\"Ficha personal, Manuel \u00c1ngel V\u00e1zquez Medel (abre en una nueva pesta\u00f1a)\" href=\"https:\/\/investigacion.us.es\/sisius\/sis_showpub.php?idpers=1931\" target=\"_blank\">Manuel \u00c1ngel V\u00e1zquez Medel<\/a> (Universidad de Sevilla)<\/p>\n\n\n\n<div class=\"wp-block-media-text alignwide\"><figure class=\"wp-block-media-text__media\"><\/figure><div class=\"wp-block-media-text__content\">\n<p class=\"has-large-font-size\"><\/p>\n<\/div><\/div>\n","protected":false},"excerpt":{"rendered":"<p>De izquierda a derecha: Pilar Sastre, Isabel Lara, M\u00aa Antonia Pe\u00f1a, M. A. V\u00e1zquez Medel, Juan Alguacil Ojeda Hemos empezado 2020 con la firma del&nbsp;convenio de la donaci\u00f3n del Fondo del Catedr\u00e1tico Manuel \u00c1ngel V\u00e1zquez Medel a la Universidad de Huelva. Dicho convenio se ha firmado en la Biblioteca, con la presencia del propio V\u00e1zquez&nbsp;<span class=\"excerpt_more\"><a href=\"https:\/\/www.uhu.es\/biblioteca\/labuhardilla\/?p=7217\">[Seguir leyendo&#8230;]<\/a><\/span><\/p>\n","protected":false},"author":2,"featured_media":7221,"comment_status":"open","ping_status":"open","sticky":true,"template":"","format":"standard","meta":{"_s2mail":"yes"},"categories":[6,5],"tags":[],"_links":{"self":[{"href":"https:\/\/www.uhu.es\/biblioteca\/labuhardilla\/index.php?rest_route=\/wp\/v2\/posts\/7217"}],"collection":[{"href":"https:\/\/www.uhu.es\/biblioteca\/labuhardilla\/index.php?rest_route=\/wp\/v2\/posts"}],"about":[{"href":"https:\/\/www.uhu.es\/biblioteca\/labuhardilla\/index.php?rest_route=\/wp\/v2\/types\/post"}],"author":[{"embeddable":true,"href":"https:\/\/www.uhu.es\/biblioteca\/labuhardilla\/index.php?rest_route=\/wp\/v2\/users\/2"}],"replies":[{"embeddable":true,"href":"https:\/\/www.uhu.es\/biblioteca\/labuhardilla\/index.php?rest_route=%2Fwp%2Fv2%2Fcomments&post=7217"}],"version-history":[{"count":18,"href":"https:\/\/www.uhu.es\/biblioteca\/labuhardilla\/index.php?rest_route=\/wp\/v2\/posts\/7217\/revisions"}],"predecessor-version":[{"id":7254,"href":"https:\/\/www.uhu.es\/biblioteca\/labuhardilla\/index.php?rest_route=\/wp\/v2\/posts\/7217\/revisions\/7254"}],"wp:featuredmedia":[{"embeddable":true,"href":"https:\/\/www.uhu.es\/biblioteca\/labuhardilla\/index.php?rest_route=\/wp\/v2\/media\/7221"}],"wp:attachment":[{"href":"https:\/\/www.uhu.es\/biblioteca\/labuhardilla\/index.php?rest_route=%2Fwp%2Fv2%2Fmedia&parent=7217"}],"wp:term":[{"taxonomy":"category","embeddable":true,"href":"https:\/\/www.uhu.es\/biblioteca\/labuhardilla\/index.php?rest_route=%2Fwp%2Fv2%2Fcategories&post=7217"},{"taxonomy":"post_tag","embeddable":true,"href":"https:\/\/www.uhu.es\/biblioteca\/labuhardilla\/index.php?rest_route=%2Fwp%2Fv2%2Ftags&post=7217"}],"curies":[{"name":"wp","href":"https:\/\/api.w.org\/{rel}","templated":true}]}}