{"id":7358,"date":"2020-03-27T10:55:40","date_gmt":"2020-03-27T10:55:40","guid":{"rendered":"http:\/\/www.uhu.es\/biblioteca\/labuhardilla\/?p=7358"},"modified":"2020-03-27T10:55:40","modified_gmt":"2020-03-27T10:55:40","slug":"quedateencasa-con-nosotros","status":"publish","type":"post","link":"https:\/\/www.uhu.es\/biblioteca\/labuhardilla\/?p=7358","title":{"rendered":"#Qu\u00e9dateEnCasa con nosotros"},"content":{"rendered":"\n<div class=\"wp-block-image\"><figure class=\"alignleft size-large is-resized\"><a href=\"http:\/\/guiasbuh.uhu.es\/accesoremoto\" target=\"_blank\" rel=\"noreferrer noopener\"><img loading=\"lazy\" src=\"http:\/\/www.uhu.es\/biblioteca\/labuhardilla\/wp-content\/uploads\/2020\/03\/PHOTO-2020-03-24-11-25-48-410x1024.jpg\" alt=\"\" class=\"wp-image-7359\" width=\"202\" height=\"504\" srcset=\"https:\/\/www.uhu.es\/biblioteca\/labuhardilla\/wp-content\/uploads\/2020\/03\/PHOTO-2020-03-24-11-25-48-410x1024.jpg 410w, https:\/\/www.uhu.es\/biblioteca\/labuhardilla\/wp-content\/uploads\/2020\/03\/PHOTO-2020-03-24-11-25-48-120x300.jpg 120w, https:\/\/www.uhu.es\/biblioteca\/labuhardilla\/wp-content\/uploads\/2020\/03\/PHOTO-2020-03-24-11-25-48-614x1536.jpg 614w, https:\/\/www.uhu.es\/biblioteca\/labuhardilla\/wp-content\/uploads\/2020\/03\/PHOTO-2020-03-24-11-25-48.jpg 640w\" sizes=\"(max-width: 202px) 100vw, 202px\" \/><\/a><\/figure><\/div>\n\n\n\n<p class=\"has-normal-font-size\">Como ya sab\u00e9is, y  siguiendo las medidas y precauciones que tom\u00f3 la Universidad de Huelva tras el decreto de Estado de Alarma, la Biblioteca de la Universidad est\u00e1 cerrada, pero el personal bibliotecario sigue trabajando desde casa, &#8220;<strong>en la medida de sus posibilidades&#8221;.<\/strong> <\/p>\n\n\n\n<p class=\"has-normal-font-size\">Seguro que muchos de vosotros ech\u00e1is de menos la biblioteca. Unos por cuesti\u00f3n de estudio y otros de trabajo, la biblioteca se ha convertido para muchos de nosotros en nuestra segunda casa. <\/p>\n\n\n\n<p class=\"has-normal-font-size\">Todos hemos tenido que adaptar nuestras vidas y nuestras casas a esta nueva situaci\u00f3n. Algunos hemos adaptado nuestro sal\u00f3n, nuestra cocina, nuestra terraza, el patio\u2026 Nos gustar\u00eda que nos enviaras una foto de tu nuevo espacio de trabajo o estudio \u2013 no hace falta que salgas t\u00fa- y si decides salir en la foto \u00a1estaremos encantados! <\/p>\n\n\n\n<p class=\"has-normal-font-size\">Puedes subirla a nuestro <a rel=\"noreferrer noopener\" aria-label=\"facebook (se abre en una nueva pesta\u00f1a)\" href=\"https:\/\/www.facebook.com\/BibliotecaUniversidadHuelva\/\" target=\"_blank\">Facebook<\/a>, a <a rel=\"noreferrer noopener\" aria-label=\"Instagram (se abre en una nueva pesta\u00f1a)\" href=\"https:\/\/www.instagram.com\/bibliotecauhu\/\" target=\"_blank\">Instagram<\/a> o a <a rel=\"noreferrer noopener\" aria-label=\"Twitter (se abre en una nueva pesta\u00f1a)\" href=\"https:\/\/twitter.com\/bibliotecaUHU\" target=\"_blank\">Twitter<\/a> y etiquetarnos.<\/p>\n\n\n\n<figure class=\"wp-block-embed-youtube wp-block-embed is-type-video is-provider-youtube wp-embed-aspect-16-9 wp-has-aspect-ratio\"><div class=\"wp-block-embed__wrapper\">\n<iframe loading=\"lazy\" title=\"#DesdeCasa\" width=\"500\" height=\"281\" src=\"https:\/\/www.youtube.com\/embed\/ZYGH_yguGXs?feature=oembed\" frameborder=\"0\" allow=\"accelerometer; autoplay; encrypted-media; gyroscope; picture-in-picture\" allowfullscreen><\/iframe>\n<\/div><\/figure>\n\n\n\n<p class=\"has-normal-font-size\">Recuerda que puedes utilizar miles de recursos electr\u00f3nicos desde casa, muchos de ellos en <a rel=\"noreferrer noopener\" aria-label=\"abierto (se abre en una nueva pesta\u00f1a)\" href=\"https:\/\/guiasbuh.uhu.es\/recursoenpruebas\/AbiertoporCOVID-19\" target=\"_blank\">abierto<\/a>.<\/p>\n\n\n\n<p class=\"has-normal-font-size\">Aqu\u00ed te dejamos <a href=\"http:\/\/guiasbuh.uhu.es\/bibliotecaUHUsiguecontigo\">una gu\u00eda con los servicios en l\u00ednea<\/a> que puedes seguir utilizando.<\/p>\n\n\n\n<p class=\"has-background has-text-align-center has-medium-font-size has-light-green-cyan-background-color\"><strong>LA BIBLIOTECA UHU SIGUE CONTIGO<\/strong><\/p>\n","protected":false},"excerpt":{"rendered":"<p>Como ya sab\u00e9is, y siguiendo las medidas y precauciones que tom\u00f3 la Universidad de Huelva tras el decreto de Estado de Alarma, la Biblioteca de la Universidad est\u00e1 cerrada, pero el personal bibliotecario sigue trabajando desde casa, &#8220;en la medida de sus posibilidades&#8221;. Seguro que muchos de vosotros ech\u00e1is de menos la biblioteca. Unos por&nbsp;<span class=\"excerpt_more\"><a href=\"https:\/\/www.uhu.es\/biblioteca\/labuhardilla\/?p=7358\">[Seguir leyendo&#8230;]<\/a><\/span><\/p>\n","protected":false},"author":4,"featured_media":7359,"comment_status":"open","ping_status":"open","sticky":false,"template":"","format":"standard","meta":{"_s2mail":"yes"},"categories":[3,6],"tags":[283,280,24],"_links":{"self":[{"href":"https:\/\/www.uhu.es\/biblioteca\/labuhardilla\/index.php?rest_route=\/wp\/v2\/posts\/7358"}],"collection":[{"href":"https:\/\/www.uhu.es\/biblioteca\/labuhardilla\/index.php?rest_route=\/wp\/v2\/posts"}],"about":[{"href":"https:\/\/www.uhu.es\/biblioteca\/labuhardilla\/index.php?rest_route=\/wp\/v2\/types\/post"}],"author":[{"embeddable":true,"href":"https:\/\/www.uhu.es\/biblioteca\/labuhardilla\/index.php?rest_route=\/wp\/v2\/users\/4"}],"replies":[{"embeddable":true,"href":"https:\/\/www.uhu.es\/biblioteca\/labuhardilla\/index.php?rest_route=%2Fwp%2Fv2%2Fcomments&post=7358"}],"version-history":[{"count":18,"href":"https:\/\/www.uhu.es\/biblioteca\/labuhardilla\/index.php?rest_route=\/wp\/v2\/posts\/7358\/revisions"}],"predecessor-version":[{"id":7377,"href":"https:\/\/www.uhu.es\/biblioteca\/labuhardilla\/index.php?rest_route=\/wp\/v2\/posts\/7358\/revisions\/7377"}],"wp:featuredmedia":[{"embeddable":true,"href":"https:\/\/www.uhu.es\/biblioteca\/labuhardilla\/index.php?rest_route=\/wp\/v2\/media\/7359"}],"wp:attachment":[{"href":"https:\/\/www.uhu.es\/biblioteca\/labuhardilla\/index.php?rest_route=%2Fwp%2Fv2%2Fmedia&parent=7358"}],"wp:term":[{"taxonomy":"category","embeddable":true,"href":"https:\/\/www.uhu.es\/biblioteca\/labuhardilla\/index.php?rest_route=%2Fwp%2Fv2%2Fcategories&post=7358"},{"taxonomy":"post_tag","embeddable":true,"href":"https:\/\/www.uhu.es\/biblioteca\/labuhardilla\/index.php?rest_route=%2Fwp%2Fv2%2Ftags&post=7358"}],"curies":[{"name":"wp","href":"https:\/\/api.w.org\/{rel}","templated":true}]}}