{"id":7463,"date":"2020-05-06T13:59:48","date_gmt":"2020-05-06T13:59:48","guid":{"rendered":"http:\/\/www.uhu.es\/biblioteca\/labuhardilla\/?p=7463"},"modified":"2020-05-06T13:59:48","modified_gmt":"2020-05-06T13:59:48","slug":"libros-para-la-cuarentena","status":"publish","type":"post","link":"https:\/\/www.uhu.es\/biblioteca\/labuhardilla\/?p=7463","title":{"rendered":"Libros para la cuarentena"},"content":{"rendered":"\n<div class=\"wp-block-image is-style-default\"><figure class=\"alignleft size-large is-resized\"><img loading=\"lazy\" src=\"http:\/\/www.uhu.es\/biblioteca\/labuhardilla\/wp-content\/uploads\/2020\/05\/Recomendaciones-literarias-1024x819.png\" alt=\"\" class=\"wp-image-7464\" width=\"277\" height=\"220\"\/><\/figure><\/div>\n\n\n\n<p class=\"has-normal-font-size\">\u00abA veces un libro es tan especial que quieres llevarlo contigo durante meses, incluso despu\u00e9s de haberlo terminado, s\u00f3lo para estar cerca de \u00e9l\u00bb. Cu\u00e1nta raz\u00f3n lleva esta c\u00e9lebre cita del escritor australiano Marcus Zusak. Por eso, en la Biblioteca hemos decidido pedir consejo a nuestros lectores para que nos hagan sus recomendaciones literarias. <\/p>\n\n\n\n<p><\/p>\n\n\n\n<p><\/p>\n\n\n\n<p style=\"background-color:#8fdc6a\" class=\"has-background has-medium-font-size\">\u00bfBuscas tu pr\u00f3xima lectura? Ah\u00ed van, para leer sin parar en estos d\u00edas dif\u00edciles. Y sin salir de casa. <\/p>\n\n\n\n<p class=\"has-normal-font-size\">Reina Roja de Juan G\u00f3mez-Jurado <\/p>\n\n\n\n<p class=\"has-normal-font-size\">A la sombra de Einstein. La maravillosa mente de Mileva Maric de Marie Benedic<\/p>\n\n\n\n<p class=\"has-normal-font-size\">Los testamentos de Margaret Atwood<\/p>\n\n\n\n<p class=\"has-normal-font-size\">El cuento de la criada de Margaret Atwood<\/p>\n\n\n\n<p class=\"has-normal-font-size\">Sidi de Arturo Perez Reverte <\/p>\n\n\n\n<p class=\"has-normal-font-size\">Tea rooms: mujeres obreras de la autora Luisa Carn\u00e9s <\/p>\n\n\n\n<div class=\"wp-block-image\"><figure class=\"alignright size-large is-resized\"><img loading=\"lazy\" src=\"http:\/\/www.uhu.es\/biblioteca\/labuhardilla\/wp-content\/uploads\/2020\/05\/unnamed.png\" alt=\"\" class=\"wp-image-7478\" width=\"217\" height=\"314\" srcset=\"https:\/\/www.uhu.es\/biblioteca\/labuhardilla\/wp-content\/uploads\/2020\/05\/unnamed.png 354w, https:\/\/www.uhu.es\/biblioteca\/labuhardilla\/wp-content\/uploads\/2020\/05\/unnamed-207x300.png 207w\" sizes=\"(max-width: 217px) 100vw, 217px\" \/><\/figure><\/div>\n\n\n\n<p class=\"has-normal-font-size\">Esclavos por la patria de Isaias Lafuente<\/p>\n\n\n\n<p class=\"has-normal-font-size\">Ma\u00f1ana. Una revoluci\u00f3n en marcha de Cyril Dion<\/p>\n\n\n\n<p class=\"has-normal-font-size\">La noche de la jinetera de Jordi Sierra i Fabra<\/p>\n\n\n\n<p class=\"has-normal-font-size\">Yo, Julia de Santiago Posteguillo <\/p>\n\n\n\n<p>La red p\u00farpura de Carmen Mola<\/p>\n\n\n\n<p class=\"has-normal-font-size\">La madre de Frankenstein de Almudena Grandes <\/p>\n\n\n\n<p class=\"has-normal-font-size\">Huelva ilustrada, breve historia de la antigua, y noble villa de Huelva de\nD. Juan Agust\u00edn de Mora <\/p>\n\n\n\n<p class=\"has-normal-font-size\">La amiga estupenda de Elena Ferrante<\/p>\n\n\n\n<p class=\"has-normal-font-size\">Los pacientes del doctor Garc\u00eda de Almudena Grandes<\/p>\n\n\n\n<p class=\"has-normal-font-size\">Rayuela de Julio Cort\u00e1zar <\/p>\n\n\n\n<p class=\"has-normal-font-size\">La ca\u00edda de los gigantes de Ken Follet<\/p>\n\n\n\n<p class=\"has-normal-font-size\">Feminismo 4.O de Nuria Varela <\/p>\n\n\n\n<p class=\"has-normal-font-size\">Dos velas para el diablo de Laura Gallego Garc\u00eda<\/p>\n\n\n\n<div class=\"wp-block-image\"><figure class=\"alignleft size-large is-resized\"><img loading=\"lazy\" src=\"http:\/\/www.uhu.es\/biblioteca\/labuhardilla\/wp-content\/uploads\/2020\/05\/41jOkQZmiuL._SX312_BO1204203200_.jpg\" alt=\"\" class=\"wp-image-7479\" width=\"180\" height=\"286\" srcset=\"https:\/\/www.uhu.es\/biblioteca\/labuhardilla\/wp-content\/uploads\/2020\/05\/41jOkQZmiuL._SX312_BO1204203200_.jpg 314w, https:\/\/www.uhu.es\/biblioteca\/labuhardilla\/wp-content\/uploads\/2020\/05\/41jOkQZmiuL._SX312_BO1204203200_-189x300.jpg 189w\" sizes=\"(max-width: 180px) 100vw, 180px\" \/><\/figure><\/div>\n\n\n\n<p class=\"has-normal-font-size\">Sinuhe el Egipcio de Mika Waltari <\/p>\n\n\n\n<p class=\"has-normal-font-size\">Trilog\u00eda de los Austrias de Jos\u00e9 Luis Corral <\/p>\n\n\n\n<p class=\"has-normal-font-size\">Claves ecofeministas de Alicia Puleo&nbsp;\n<\/p>\n\n\n\n<p class=\"has-normal-font-size\">A coraz\u00f3n abierto de Elvira Lindo <\/p>\n\n\n\n<p class=\"has-normal-font-size\">La cara norte del coraz\u00f3n de Dolores Redondo <\/p>\n\n\n\n<p class=\"has-normal-font-size\">Polos opuestos de Nora Roberts <\/p>\n\n\n\n<p class=\"has-normal-font-size\">Bajo un cielo escarlata de Mark T. Sullivan <\/p>\n\n\n\n<p class=\"has-normal-font-size\">Juego de Ripper de Isabel Allende<\/p>\n\n\n\n<p class=\"has-normal-font-size\">&nbsp;Viaje \u00edntimo de la locura de Roberto Iniesta<\/p>\n\n\n\n<p class=\"has-normal-font-size\">La sonata del bosque de Joaqu\u00edn Ara\u00fajo <\/p>\n\n\n\n<p class=\"has-normal-font-size\">Volver\u00e1s a Regi\u00f3n de Juan Benet <\/p>\n\n\n\n<p class=\"has-normal-font-size\">Estoy mucho mejor de David Foenkinos <\/p>\n\n\n\n<p class=\"has-normal-font-size\">&nbsp;La Bodega de Noah Gordon <\/p>\n\n\n\n<p class=\"has-normal-font-size\">El Resplandor de Stephen King<\/p>\n\n\n\n<p class=\"has-normal-font-size\">&nbsp;Manual del cervecero de Lorenzo Campano&nbsp; <\/p>\n\n\n\n<p class=\"has-normal-font-size\">La esposa del Dios del Fuego de Amy Tan <\/p>\n\n\n\n<p class=\"has-normal-font-size\">La memoria nombrada de F\u00e9lix Poblaci\u00f3n<\/p>\n\n\n\n<p class=\"has-normal-font-size\">M\u00e1s all\u00e1 del invierno de Isabel Allende <\/p>\n\n\n\n<p class=\"has-normal-font-size\">Ana de las Tejas Verde de de Lucy Maud Montgomery<\/p>\n\n\n\n<div class=\"wp-block-image\"><figure class=\"alignright size-large is-resized\"><img loading=\"lazy\" src=\"http:\/\/www.uhu.es\/biblioteca\/labuhardilla\/wp-content\/uploads\/2020\/05\/51JCd81QO-L.jpg\" alt=\"\" class=\"wp-image-7480\" width=\"171\" height=\"253\" srcset=\"https:\/\/www.uhu.es\/biblioteca\/labuhardilla\/wp-content\/uploads\/2020\/05\/51JCd81QO-L.jpg 338w, https:\/\/www.uhu.es\/biblioteca\/labuhardilla\/wp-content\/uploads\/2020\/05\/51JCd81QO-L-203x300.jpg 203w\" sizes=\"(max-width: 171px) 100vw, 171px\" \/><\/figure><\/div>\n\n\n\n<p class=\"has-normal-font-size\">Keith Richards, una vida de rock and roll de Bill Milkowski <\/p>\n\n\n\n<p class=\"has-normal-font-size\">&nbsp;La luz entre nosotros de Laura\nLynne Jackson <\/p>\n\n\n\n<p class=\"has-normal-font-size\">Melocot\u00f3n Loco de Megan Maxwell<\/p>\n\n\n\n<p class=\"has-normal-font-size\">Regreso a tu piel de Luz Gabas <\/p>\n\n\n\n<p class=\"has-normal-font-size\">La chica de la niebla de Donato Carrisi <\/p>\n\n\n\n<p class=\"has-normal-font-size\">El olvido que seremos de H\u00e9ctor Abad Faciolince <\/p>\n\n\n\n<p class=\"has-normal-font-size\">&nbsp;La cruz ardiente de Diana Gabaldon <\/p>\n\n\n\n<p class=\"has-normal-font-size\">El monarca de las sombras de Javier Cercas <\/p>\n\n\n\n<p class=\"has-normal-font-size\">El Segundo Sexo de Simone de Beauvoir<\/p>\n\n\n\n<p class=\"has-normal-font-size\">La madre de Frankenstein de Almudena Grandes<\/p>\n\n\n\n<p class=\"has-normal-font-size\">La psic\u00f3loga de Helene Flood <\/p>\n\n\n\n<p class=\"has-normal-font-size\">&nbsp;El principito de Antoine de Sant-Exup\u00e9ry<\/p>\n\n\n\n<p class=\"has-normal-font-size\">El dios de las peque\u00f1as cosas de Arundhati Roy <\/p>\n\n\n\n<p class=\"has-normal-font-size\">Amsterdam de Ian McEwan <\/p>\n\n\n\n<div class=\"wp-block-image\"><figure class=\"alignleft size-large\"><img loading=\"lazy\" width=\"183\" height=\"275\" src=\"http:\/\/www.uhu.es\/biblioteca\/labuhardilla\/wp-content\/uploads\/2020\/05\/descarga.jpg\" alt=\"\" class=\"wp-image-7481\"\/><\/figure><\/div>\n\n\n\n<p class=\"has-normal-font-size\">Todos los nombres de Saramago <\/p>\n\n\n\n<p class=\"has-normal-font-size\">Sapiens de Yuval Harari&nbsp; <\/p>\n\n\n\n<p class=\"has-normal-font-size\">Cr\u00f3nica de una vida so\u00f1ada de Marga Fern\u00e1ndez <\/p>\n\n\n\n<p class=\"has-normal-font-size\">Legado en los huesos de Dolores Redondo. <\/p>\n\n\n\n<p class=\"has-normal-font-size\">La biblioteca universitaria: an\u00e1lisis en su entorno h\u00edbrido, coordinada\npor Luisa Orera Orera <\/p>\n\n\n\n<p class=\"has-normal-font-size\">&nbsp;La magia de ser Sof\u00eda (Bilog\u00eda Sof\u00eda 1) de El\u00edsabet Benavent <\/p>\n\n\n\n<p class=\"has-normal-font-size\">50 sombras de Grey <\/p>\n\n\n\n<p class=\"has-normal-font-size\">&nbsp;RAGDOLL (Mu\u00f1eco de trapo) de Daniel\nCole&nbsp; <\/p>\n\n\n\n<p class=\"has-normal-font-size\">El Instituto de Stephen king <\/p>\n\n\n\n<p class=\"has-normal-font-size\">En la boca del drag\u00f3n de Ken Follet <\/p>\n\n\n\n<p class=\"has-normal-font-size\">La luz entre nosotros&nbsp;de Laura Lynne Jackson <\/p>\n\n\n\n<p class=\"has-normal-font-size\">El hombre que esculpi\u00f3 a Dios de Fernando Carrasco<\/p>\n\n\n\n<p class=\"has-normal-font-size\">Desd\u00e9mona, de Toni Morrison <\/p>\n\n\n\n<div class=\"wp-block-image\"><figure class=\"alignright size-large is-resized\"><img loading=\"lazy\" src=\"http:\/\/www.uhu.es\/biblioteca\/labuhardilla\/wp-content\/uploads\/2020\/05\/413TrEP5lBL.jpg\" alt=\"\" class=\"wp-image-7482\" width=\"196\" height=\"318\" srcset=\"https:\/\/www.uhu.es\/biblioteca\/labuhardilla\/wp-content\/uploads\/2020\/05\/413TrEP5lBL.jpg 308w, https:\/\/www.uhu.es\/biblioteca\/labuhardilla\/wp-content\/uploads\/2020\/05\/413TrEP5lBL-185x300.jpg 185w\" sizes=\"(max-width: 196px) 100vw, 196px\" \/><\/figure><\/div>\n\n\n\n<p class=\"has-normal-font-size\">Las ratas de Delibes<\/p>\n\n\n\n<p class=\"has-normal-font-size\">El Puente de los Jud\u00edos de Mart\u00ed Gironell. <\/p>\n\n\n\n<p class=\"has-normal-font-size\">&nbsp;La luz entre nosotros de Laura Lynne Jackson <\/p>\n\n\n\n<p class=\"has-normal-font-size\">Las hijas del capit\u00e1n de Maria Due\u00f1as <\/p>\n\n\n\n<p class=\"has-normal-font-size\">Rojo, blanco y sangre azul de Casey Mcquiron <\/p>\n\n\n\n<p class=\"has-normal-font-size\">Platero y yo de Juan Ram\u00f3n Jim\u00e9nez<\/p>\n\n\n\n<p class=\"has-normal-font-size\">Amsterdam, de Ian McEwan <\/p>\n\n\n\n<p class=\"has-normal-font-size\">El quinto en discordia, de Robertson Davie <\/p>\n\n\n\n<p class=\"has-normal-font-size\">Las memorias de Sherlock Holmes de Sir Arthur Conan Doyle. <\/p>\n\n\n\n<p class=\"has-normal-font-size\">Memorias de una salvaje de Bebi Fern\u00e1ndez<\/p>\n\n\n\n<p class=\"has-normal-font-size\">Todo el bien y todo el mal de Care Santos <\/p>\n\n\n\n<p class=\"has-normal-font-size\">Miserables, la inmortal novela de Victor Hugo <\/p>\n\n\n\n<p class=\"has-normal-font-size\">Principios de marketing de Philips kotler <\/p>\n\n\n\n<p class=\"has-normal-font-size\">Veinte poemas de amor y una canci\u00f3n desesperada de Pablo Neruda. <\/p>\n\n\n\n<p class=\"has-normal-font-size\">A coraz\u00f3n abierto de Elvira Lindo<\/p>\n\n\n\n<p class=\"has-normal-font-size\">El monje que vendi\u00f3 su Ferrari de Robin S. Sharma <\/p>\n\n\n\n<div class=\"wp-block-image\"><figure class=\"alignleft size-large\"><img loading=\"lazy\" width=\"200\" height=\"301\" src=\"http:\/\/www.uhu.es\/biblioteca\/labuhardilla\/wp-content\/uploads\/2020\/05\/450_1000.jpg\" alt=\"\" class=\"wp-image-7476\"\/><\/figure><\/div>\n\n\n\n<p class=\"has-normal-font-size\">Una breve historia de casi todo de Bill Bryson <\/p>\n\n\n\n<p class=\"has-normal-font-size\">La madre de Frankenstein de Almudena Grandes&nbsp; <\/p>\n\n\n\n<p class=\"has-normal-font-size\">El plantador de tabaco de John Barth <\/p>\n\n\n\n<p class=\"has-normal-font-size\">Laetitia o el fin de los hombres de Ivan Jablonka <\/p>\n\n\n\n<p class=\"has-normal-font-size\">Recuerdos del futuro de Siri Hustvedt&nbsp;\n<\/p>\n\n\n\n<p class=\"has-normal-font-size\">El Rey del mundo de David Remnick <\/p>\n\n\n\n<p class=\"has-normal-font-size\">Todo el bien y todo el mal de @CareSantos <\/p>\n\n\n\n<p class=\"has-normal-font-size\">El d\u00eda del juicio final de Connie Willis.&nbsp;\n<\/p>\n\n\n\n<p class=\"has-normal-font-size\">Serotonina de Michel Holuellebecq&nbsp; <\/p>\n\n\n\n<p class=\"has-normal-font-size\">Trilog\u00eda de un mago de Terramar de Ursula K Le Guin. <\/p>\n\n\n\n<p class=\"has-normal-font-size\">Pret\u00e9rito Imperfecto de Nieves Concostrina <\/p>\n\n\n\n<p class=\"has-normal-font-size\">Memorias de una salvaje de Bebi Fernandez <\/p>\n\n\n\n<p class=\"has-normal-font-size\">Surtido de relatos de Astiberri de la colecci\u00f3n de Lecturas a domicilio por @piringuita<\/p>\n\n\n\n<p class=\"has-normal-font-size\">Platero y yo de Juan Ram\u00f3n Jim\u00e9nez<\/p>\n\n\n\n<p class=\"has-normal-font-size\">Rojo, blanco y sangre azul, de Casey\nMcquiron<\/p>\n\n\n\n<p class=\"has-normal-font-size\">\u00c1msterdam de Ian McEwan<\/p>\n\n\n\n<p class=\"has-normal-font-size\">El quinto en discordia, de\nRobertson Davies<\/p>\n\n\n\n<p class=\"has-normal-font-size\">Veinte poemas de amor y una\ncanci\u00f3n desesperada de Pablo Neruda<\/p>\n\n\n\n<p class=\"has-normal-font-size\">La ruta prohibida y otros enigmas\nde la historia de Javier sierra<\/p>\n\n\n\n<p class=\"has-normal-font-size\">Todo el bien y todo el mal de Care Santos<\/p>\n\n\n\n<p class=\"has-normal-font-size\">Las memorias de Sherlock Holmes de\nSir Arthur Conan Doyle<\/p>\n\n\n\n<p style=\"background-color:#dba1c5\" class=\"has-background has-medium-font-size\">Y tras todas estas recomendaciones literarias, vosotros  con vuestros \u201clikes\u201d hab\u00e9is decidido los libros   ganadores:  <\/p>\n\n\n\n<p style=\"font-size:17px\" class=\"has-background has-light-green-cyan-background-color\"><strong>Tantos d\u00edas felices de Laurie Colwin<\/strong><\/p>\n\n\n\n<div class=\"wp-block-image\"><figure class=\"alignleft size-large\"><img loading=\"lazy\" width=\"210\" height=\"324\" src=\"http:\/\/www.uhu.es\/biblioteca\/labuhardilla\/wp-content\/uploads\/2020\/05\/tantos-dias.jpg\" alt=\"\" class=\"wp-image-7470\" srcset=\"https:\/\/www.uhu.es\/biblioteca\/labuhardilla\/wp-content\/uploads\/2020\/05\/tantos-dias.jpg 210w, https:\/\/www.uhu.es\/biblioteca\/labuhardilla\/wp-content\/uploads\/2020\/05\/tantos-dias-194x300.jpg 194w\" sizes=\"(max-width: 210px) 100vw, 210px\" \/><\/figure><\/div>\n\n\n\n<p class=\"has-normal-font-size\">Guido y Vincent son amigos desde ni\u00f1os, estudian en Cambridge\n(Massachusetts) y comparten sue\u00f1os: Guido quiere escribir poes\u00eda y a Vincent le\ngustar\u00eda ganar el Premio Nobel de F\u00edsica. Cuando Guido se encuentra con la\nextravagante Holly a la salida de un museo se enamora perdidamente de ella,\npero presiente que no tendr\u00e1n una relaci\u00f3n f\u00e1cil. Vincent, m\u00e1s abierto y\nalegre, conoce a Misty en el trabajo y, aunque ella es una mis\u00e1ntropa terrible,\nestar\u00eda dispuesto a darlo todo por salir con ella.<\/p>\n\n\n\n<p class=\"has-normal-font-size\">A trav\u00e9s de las relaciones de estos personajes, de sus cortejos, celos,\nrupturas y reconciliaciones en el Nueva York de finales de los setenta, Tantos\nd\u00edas felices retrata a cuatro personas inteligentes y bienintencionadas que no\npueden dejar de creer en el amor. Una maestra en la narraci\u00f3n de sentimientos y\nrelaciones afectivas, Laurie Colwin es uno de los secretos mejor guardados de\nla literatura norteamericana. Su prematura muerte en 1992 le priv\u00f3 del \u00e9xito\nque sin duda merec\u00eda; aun as\u00ed, el n\u00famero de devotos de sus peculiares comedias\nde costumbres no ha dejado de crecer desde entonces.<\/p>\n\n\n\n<p style=\"font-size:17px\" class=\"has-background has-light-green-cyan-background-color\"><strong>Mil noches sin ti de Federico Moccia<\/strong><\/p>\n\n\n\n<div class=\"wp-block-image\"><figure class=\"alignright size-large is-resized\"><img loading=\"lazy\" src=\"http:\/\/www.uhu.es\/biblioteca\/labuhardilla\/wp-content\/uploads\/2020\/05\/ml.jpg\" alt=\"\" class=\"wp-image-7468\" width=\"220\" height=\"338\" srcset=\"https:\/\/www.uhu.es\/biblioteca\/labuhardilla\/wp-content\/uploads\/2020\/05\/ml.jpg 252w, https:\/\/www.uhu.es\/biblioteca\/labuhardilla\/wp-content\/uploads\/2020\/05\/ml-195x300.jpg 195w\" sizes=\"(max-width: 220px) 100vw, 220px\" \/><\/figure><\/div>\n\n\n\n<p class=\"has-normal-font-size\">Tras un par\u00e9ntesis en Rusia, para Sofia ha llegado el momento de poner\norden a su vida sentimental. Ya no puede seguir huyendo de su pasado, de la soledad\nde su matrimonio, ni de la historia pasional y rota con Tancredi, y decide\nregresar a Roma. En un viaje a Sicilia para visitar a sus padres, descubrir\u00e1 un\nsecreto familiar que le afectar\u00e1 profundamente. Mientras tanto, Tancredi sigue\ntodos sus pasos; es un hombre enamorado que nunca se ha rendido a la primera.\nPero Sof\u00eda no conf\u00eda en \u00e9l\u2026 \u00bfAcabar\u00e1n reencontr\u00e1ndose?<\/p>\n\n\n\n<p style=\"font-size:17px\" class=\"has-background has-light-green-cyan-background-color\"><strong>El coronel no tiene quien le escriba de Gabriel Garc\u00eda M\u00e1rquez<\/strong><\/p>\n\n\n\n<div class=\"wp-block-image\"><figure class=\"alignleft size-large is-resized\"><img loading=\"lazy\" src=\"http:\/\/www.uhu.es\/biblioteca\/labuhardilla\/wp-content\/uploads\/2020\/05\/coronel.jpg\" alt=\"\" class=\"wp-image-7467\" width=\"212\" height=\"322\" srcset=\"https:\/\/www.uhu.es\/biblioteca\/labuhardilla\/wp-content\/uploads\/2020\/05\/coronel.jpg 506w, https:\/\/www.uhu.es\/biblioteca\/labuhardilla\/wp-content\/uploads\/2020\/05\/coronel-198x300.jpg 198w\" sizes=\"(max-width: 212px) 100vw, 212px\" \/><\/figure><\/div>\n\n\n\n<p class=\"has-normal-font-size\">El coronel no tiene quien le escriba fue escrita por Gabriel Garc\u00eda\nM\u00e1rquez durante su estancia en Par\u00eds, adonde hab\u00eda llegado como corresponsal de\nprensa y con la secreta intenci\u00f3n de estudiar cine, a mediados de los a\u00f1os\ncincuenta. El cierre del peri\u00f3dico para el que trabajaba le sumi\u00f3 en la\npobreza, mientras redactaba en tres versiones distintas esta excepcional\nnovela, que fue rechazada por varios editores antes de su publicaci\u00f3n. Tras el\nbarroquismo faulkneriano de La hojarasca, esta segunda novela supone un paso\nhacia la ascesis, hacia la econom\u00eda expresiva, y el estilo del escritor se hace\nm\u00e1s puro y transparente. Se trata tambi\u00e9n de una historia de injusticia y\nviolencia: un viejo coronel retirado va al puerto todos los viernes a esperar\nla llegada de la carta oficial que responda a la justa reclamaci\u00f3n de sus\nderechos por los servicios prestados a la patria. Pero la patria permanece\nmuda&#8230;.<\/p>\n\n\n\n<p style=\"font-size:17px\" class=\"has-background has-light-green-cyan-background-color\"><strong>El silencio de la ciudad blanca de Eva Garc\u00eda S\u00e1enz de Urturi<\/strong><\/p>\n\n\n\n<div class=\"wp-block-image\"><figure class=\"alignright size-large\"><img loading=\"lazy\" width=\"252\" height=\"376\" src=\"http:\/\/www.uhu.es\/biblioteca\/labuhardilla\/wp-content\/uploads\/2020\/05\/sil.jpg\" alt=\"\" class=\"wp-image-7466\" srcset=\"https:\/\/www.uhu.es\/biblioteca\/labuhardilla\/wp-content\/uploads\/2020\/05\/sil.jpg 252w, https:\/\/www.uhu.es\/biblioteca\/labuhardilla\/wp-content\/uploads\/2020\/05\/sil-201x300.jpg 201w\" sizes=\"(max-width: 252px) 100vw, 252px\" \/><\/figure><\/div>\n\n\n\n<p class=\"has-normal-font-size\">Tasio Ortiz de Z\u00e1rate, el brillante arque\u00f3logo condenado por los\nextra\u00f1os asesinatos que aterrorizaron la tranquila ciudad de Vitoria hace dos\nd\u00e9cadas, est\u00e1 a punto de salir de prisi\u00f3n en su primer permiso cuando los\ncr\u00edmenes se reanudan de nuevo: en la emblem\u00e1tica Catedral Vieja de Vitoria, una\npareja de veinte a\u00f1os aparece desnuda y muerta por picaduras de abeja en la\ngarganta. Poco despu\u00e9s, otra pareja de veinticinco a\u00f1os es asesinada en la Casa\ndel Cord\u00f3n, un conocido edificio medieval.<\/p>\n\n\n\n<p class=\"has-normal-font-size\">El joven inspector Unai L\u00f3pez de Ayala \u2014alias Kraken\u2014, experto en\nperfiles criminales, est\u00e1 obsesionado con prevenir los cr\u00edmenes antes de que\nocurran, una tragedia personal a\u00fan fresca no le permite encarar el caso como\nuno m\u00e1s. Sus m\u00e9todos poco ortodoxos enervan a su jefa, Alba, la subcomisaria\ncon la que mantiene una ambigua relaci\u00f3n marcada por los cr\u00edmenes\u2026 El tiempo\ncorre en su contra y la amenaza acecha en cualquier rinc\u00f3n de la ciudad. \u00bfQui\u00e9n\nser\u00e1 el siguiente?<\/p>\n\n\n\n<p class=\"has-normal-font-size\">Una novela negra absorbente que se mueve entre la mitolog\u00eda y las\nleyendas de \u00c1lava, la arqueolog\u00eda, los secretos de familia y la psicolog\u00eda\ncriminal. Un noir elegante y complejo que demuestra c\u00f3mo los errores del pasado\npueden influir en el presente.<\/p>\n\n\n\n<p style=\"font-size:17px\" class=\"has-background has-light-green-cyan-background-color\"><strong>Cuentos de la Alhambra de Washington Irving<\/strong><\/p>\n\n\n\n<div class=\"wp-block-image\"><figure class=\"alignleft size-large\"><img loading=\"lazy\" width=\"175\" height=\"292\" src=\"http:\/\/www.uhu.es\/biblioteca\/labuhardilla\/wp-content\/uploads\/2020\/05\/alh.jpg\" alt=\"\" class=\"wp-image-7465\"\/><\/figure><\/div>\n\n\n\n<p class=\"has-normal-font-size\">Tras su llegada a Espa\u00f1a Washington Irving inicia un recorrido por\ntierras andaluzas. Durante su visita a Granada queda extasiado por la\nmajestuosidad de la Alhambra en cuyas habitaciones tiene la fortuna de\nalojarse. All\u00ed conoce a varios personajes que le acompa\u00f1ar\u00e1n durante su\nestancia en tierras granadinas. De las conversaciones con \u00e9stos y de las\nhistorias que escucha a su fiel criado y gu\u00eda Mateo Jim\u00e9nez transcribir\u00e1\nleyendas y tradiciones transmitidas de padres a hijos durante generaciones. De\nesta forma con sus Cuentos de la Alhambra Washington Irving escribi\u00f3 una rica y\ndetallada cr\u00f3nica de la Espa\u00f1a de la primera mitad del siglo XIX y sobre todo\nsupo transmitir la magia y el misterio de toda una \u00e9poca. Porque algunas de las\nnarraciones que componen el cuerpo central de la obra -la del astr\u00f3logo \u00e1rabe que\ncontribuy\u00f3 con su magia a derrotar a los ej\u00e9rcitos enemigos; la de las tres\nhermosas princesas encerradas en una torre para que no se enamoraran; la del\nperegrino del amor tambi\u00e9n encerrado en una torre por su celoso padre; la del\nlegado del moro que nos habla de un fabuloso tesoro encontrado por un aguador;\nla de la Rosa de la Alhambra en que se nos muestra un la\u00fad maravilloso capaz de\ncurar la melancol\u00eda del rey- bien podr\u00edan provenir de Las mil y una noches.<\/p>\n\n\n\n<p style=\"font-size:17px\" class=\"has-background has-light-green-cyan-background-color\"><strong>Una revoluci\u00f3n de papel. Prensa\ny cultura obrera en la colonia brit\u00e1nica de las minas de Riotinto (1913-1920) de\nFrancisco Baena<\/strong><\/p>\n\n\n\n<div class=\"wp-block-image\"><figure class=\"alignright size-large is-resized\"><img loading=\"lazy\" src=\"http:\/\/www.uhu.es\/biblioteca\/labuhardilla\/wp-content\/uploads\/2020\/05\/portada_rev_papel.gif\" alt=\"\" class=\"wp-image-7469\" width=\"223\" height=\"316\"\/><\/figure><\/div>\n\n\n\n<p class=\"has-normal-font-size\">Esta publicaci\u00f3n, galardonada con el primer Premio de Historia de la Comunicaci\u00f3n de Andaluc\u00eda, que convoca el Centro de Estudios Andaluces, analiza la prensa obrera que se multiplic\u00f3 en la comarca onubense durante su \u00e9poca m\u00e1s revolucionaria, que coincide con las huelgas de 1913, 1917 y 1920, bajo el denominado Trienio Bolchevique. Como escenario, la historia de Riotinto, marcada por la ebullici\u00f3n del incipiente movimiento obrero y por la g\u00e9nesis de la conciencia de clase que se gest\u00f3 en medio de diversas convulsiones sociales. Aunque la realidad de las minas de Riotinto ha sido estudiada desde diversos puntos de vista, se trata de la primera vez que se aborda desde la perspectiva de la historia de la comunicaci\u00f3n y la propaganda. El libro incluye un glosario de las publicaciones y de los personajes que impulsaron y protagonizaron el nacimiento de esta \u201crevoluci\u00f3n de papel\u201d, as\u00ed como un anexo con documentos ilustrativos de la historia de la resistencia obrera en la comarca onubense.<\/p>\n","protected":false},"excerpt":{"rendered":"<p>\u00abA veces un libro es tan especial que quieres llevarlo contigo durante meses, incluso despu\u00e9s de haberlo terminado, s\u00f3lo para estar cerca de \u00e9l\u00bb. Cu\u00e1nta raz\u00f3n lleva esta c\u00e9lebre cita del escritor australiano Marcus Zusak. Por eso, en la Biblioteca hemos decidido pedir consejo a nuestros lectores para que nos hagan sus recomendaciones literarias. \u00bfBuscas&nbsp;<span class=\"excerpt_more\"><a href=\"https:\/\/www.uhu.es\/biblioteca\/labuhardilla\/?p=7463\">[Seguir leyendo&#8230;]<\/a><\/span><\/p>\n","protected":false},"author":4,"featured_media":7496,"comment_status":"open","ping_status":"open","sticky":true,"template":"","format":"standard","meta":{"_s2mail":"yes"},"categories":[6,5],"tags":[287,290,56],"_links":{"self":[{"href":"https:\/\/www.uhu.es\/biblioteca\/labuhardilla\/index.php?rest_route=\/wp\/v2\/posts\/7463"}],"collection":[{"href":"https:\/\/www.uhu.es\/biblioteca\/labuhardilla\/index.php?rest_route=\/wp\/v2\/posts"}],"about":[{"href":"https:\/\/www.uhu.es\/biblioteca\/labuhardilla\/index.php?rest_route=\/wp\/v2\/types\/post"}],"author":[{"embeddable":true,"href":"https:\/\/www.uhu.es\/biblioteca\/labuhardilla\/index.php?rest_route=\/wp\/v2\/users\/4"}],"replies":[{"embeddable":true,"href":"https:\/\/www.uhu.es\/biblioteca\/labuhardilla\/index.php?rest_route=%2Fwp%2Fv2%2Fcomments&post=7463"}],"version-history":[{"count":20,"href":"https:\/\/www.uhu.es\/biblioteca\/labuhardilla\/index.php?rest_route=\/wp\/v2\/posts\/7463\/revisions"}],"predecessor-version":[{"id":7498,"href":"https:\/\/www.uhu.es\/biblioteca\/labuhardilla\/index.php?rest_route=\/wp\/v2\/posts\/7463\/revisions\/7498"}],"wp:featuredmedia":[{"embeddable":true,"href":"https:\/\/www.uhu.es\/biblioteca\/labuhardilla\/index.php?rest_route=\/wp\/v2\/media\/7496"}],"wp:attachment":[{"href":"https:\/\/www.uhu.es\/biblioteca\/labuhardilla\/index.php?rest_route=%2Fwp%2Fv2%2Fmedia&parent=7463"}],"wp:term":[{"taxonomy":"category","embeddable":true,"href":"https:\/\/www.uhu.es\/biblioteca\/labuhardilla\/index.php?rest_route=%2Fwp%2Fv2%2Fcategories&post=7463"},{"taxonomy":"post_tag","embeddable":true,"href":"https:\/\/www.uhu.es\/biblioteca\/labuhardilla\/index.php?rest_route=%2Fwp%2Fv2%2Ftags&post=7463"}],"curies":[{"name":"wp","href":"https:\/\/api.w.org\/{rel}","templated":true}]}}