{"id":7515,"date":"2020-06-10T14:34:20","date_gmt":"2020-06-10T14:34:20","guid":{"rendered":"http:\/\/www.uhu.es\/biblioteca\/labuhardilla\/?p=7515"},"modified":"2020-06-10T14:34:20","modified_gmt":"2020-06-10T14:34:20","slug":"repositorio-arias-montano-en-la-revista-del-instituto-andaluz-del-patrimonio-historico","status":"publish","type":"post","link":"https:\/\/www.uhu.es\/biblioteca\/labuhardilla\/?p=7515","title":{"rendered":"Repositorio Arias Montano  en la Revista del Instituto Andaluz del Patrimonio Hist\u00f3rico"},"content":{"rendered":"\n<div class=\"wp-block-media-text alignwide\" style=\"grid-template-columns:37% auto\"><figure class=\"wp-block-media-text__media\"><img loading=\"lazy\" width=\"250\" height=\"250\" src=\"http:\/\/www.uhu.es\/biblioteca\/labuhardilla\/wp-content\/uploads\/2020\/06\/revista-100.jpg\" alt=\"\" class=\"wp-image-7517\" srcset=\"https:\/\/www.uhu.es\/biblioteca\/labuhardilla\/wp-content\/uploads\/2020\/06\/revista-100.jpg 250w, https:\/\/www.uhu.es\/biblioteca\/labuhardilla\/wp-content\/uploads\/2020\/06\/revista-100-150x150.jpg 150w, https:\/\/www.uhu.es\/biblioteca\/labuhardilla\/wp-content\/uploads\/2020\/06\/revista-100-85x85.jpg 85w\" sizes=\"(max-width: 250px) 100vw, 250px\" \/><\/figure><div class=\"wp-block-media-text__content\">\n<p class=\"has-background has-medium-font-size has-luminous-vivid-amber-background-color\">Nuestro Repositorio Arias Montano en el n\u00famero 100 de la revista PH<\/p>\n<\/div><\/div>\n\n\n\n<p class=\"has-normal-font-size\">El Repositorio Arias Montano participa en la Revista PH del Instituto Andaluz del Patrimonio Hist\u00f3rico. PH celebra su n\u00famero 100 y recoge un debate sobre repositorios cient\u00edficos y redes sociales acad\u00e9micas. Puedes leerlo en&nbsp;&nbsp;<a rel=\"noreferrer noopener\" href=\"http:\/\/www.iaph.es\/revistaph\/index.php\/revistaph\/issue\/view\/116\" target=\"_blank\">http:\/\/www.iaph.es\/revistaph\/index.php\/revistaph\/issue\/view\/116<\/a><\/p>\n\n\n\n<p class=\"has-normal-font-size\">El trabajo con el cual participamos se titula&nbsp;&nbsp;<a rel=\"noreferrer noopener\" href=\"http:\/\/www.iaph.es\/revistaph\/index.php\/revistaph\/article\/view\/4638\" target=\"_blank\">De repositorios acad\u00e9micos, redes sociales acad\u00e9micas y dem\u00e1s ecosistema: elementos de fidelizaci\u00f3n con el usuario<\/a>.<\/p>\n\n\n\n<p class=\"has-normal-font-size\">Est\u00e1 firmado por <strong><a href=\"http:\/\/orcid.org\/0000-0003-0336-1795\">Jos\u00e9 Carlos Morillo Moreno<\/a><\/strong>.  Te recomendamos la lectura de los trabajos que componen el Debate.&nbsp;&nbsp;  <\/p>\n\n\n\n<p class=\"has-background has-normal-font-size has-light-green-cyan-background-color\">Consulta nuestro<a href=\"http:\/\/rabida.uhu.es\/dspace\/\" target=\"_blank\" rel=\"noreferrer noopener\" aria-label=\" Repositorio Arias Montano (se abre en una nueva pesta\u00f1a)\"> Repositorio Arias Montano<\/a>. Arias Montano es un dep\u00f3sito de documentos digitales, cuyo objetivo es dar a conocer la producci\u00f3n cient\u00edfica y docente de la comunidad universitaria, y garantizar la preservaci\u00f3n de sus producciones en formato digital <\/p>\n","protected":false},"excerpt":{"rendered":"<p>Nuestro Repositorio Arias Montano en el n\u00famero 100 de la revista PH El Repositorio Arias Montano participa en la Revista PH del Instituto Andaluz del Patrimonio Hist\u00f3rico. PH celebra su n\u00famero 100 y recoge un debate sobre repositorios cient\u00edficos y redes sociales acad\u00e9micas. Puedes leerlo en&nbsp;&nbsp;http:\/\/www.iaph.es\/revistaph\/index.php\/revistaph\/issue\/view\/116 El trabajo con el cual participamos se titula&nbsp;&nbsp;De repositorios&nbsp;<span class=\"excerpt_more\"><a href=\"https:\/\/www.uhu.es\/biblioteca\/labuhardilla\/?p=7515\">[Seguir leyendo&#8230;]<\/a><\/span><\/p>\n","protected":false},"author":2,"featured_media":7517,"comment_status":"open","ping_status":"open","sticky":false,"template":"","format":"standard","meta":{"_s2mail":"yes"},"categories":[3,6],"tags":[112,292,89],"_links":{"self":[{"href":"https:\/\/www.uhu.es\/biblioteca\/labuhardilla\/index.php?rest_route=\/wp\/v2\/posts\/7515"}],"collection":[{"href":"https:\/\/www.uhu.es\/biblioteca\/labuhardilla\/index.php?rest_route=\/wp\/v2\/posts"}],"about":[{"href":"https:\/\/www.uhu.es\/biblioteca\/labuhardilla\/index.php?rest_route=\/wp\/v2\/types\/post"}],"author":[{"embeddable":true,"href":"https:\/\/www.uhu.es\/biblioteca\/labuhardilla\/index.php?rest_route=\/wp\/v2\/users\/2"}],"replies":[{"embeddable":true,"href":"https:\/\/www.uhu.es\/biblioteca\/labuhardilla\/index.php?rest_route=%2Fwp%2Fv2%2Fcomments&post=7515"}],"version-history":[{"count":7,"href":"https:\/\/www.uhu.es\/biblioteca\/labuhardilla\/index.php?rest_route=\/wp\/v2\/posts\/7515\/revisions"}],"predecessor-version":[{"id":7523,"href":"https:\/\/www.uhu.es\/biblioteca\/labuhardilla\/index.php?rest_route=\/wp\/v2\/posts\/7515\/revisions\/7523"}],"wp:featuredmedia":[{"embeddable":true,"href":"https:\/\/www.uhu.es\/biblioteca\/labuhardilla\/index.php?rest_route=\/wp\/v2\/media\/7517"}],"wp:attachment":[{"href":"https:\/\/www.uhu.es\/biblioteca\/labuhardilla\/index.php?rest_route=%2Fwp%2Fv2%2Fmedia&parent=7515"}],"wp:term":[{"taxonomy":"category","embeddable":true,"href":"https:\/\/www.uhu.es\/biblioteca\/labuhardilla\/index.php?rest_route=%2Fwp%2Fv2%2Fcategories&post=7515"},{"taxonomy":"post_tag","embeddable":true,"href":"https:\/\/www.uhu.es\/biblioteca\/labuhardilla\/index.php?rest_route=%2Fwp%2Fv2%2Ftags&post=7515"}],"curies":[{"name":"wp","href":"https:\/\/api.w.org\/{rel}","templated":true}]}}