{"id":7547,"date":"2020-10-20T08:00:29","date_gmt":"2020-10-20T08:00:29","guid":{"rendered":"http:\/\/www.uhu.es\/biblioteca\/labuhardilla\/?p=7547"},"modified":"2020-10-20T12:11:48","modified_gmt":"2020-10-20T12:11:48","slug":"dia-de-las-escritoras-2020","status":"publish","type":"post","link":"https:\/\/www.uhu.es\/biblioteca\/labuhardilla\/?p=7547","title":{"rendered":"D\u00eda de las escritoras 2020"},"content":{"rendered":"\n<div class=\"wp-block-image\"><figure class=\"alignleft size-large is-resized\"><img loading=\"lazy\" src=\"http:\/\/www.uhu.es\/biblioteca\/labuhardilla\/wp-content\/uploads\/2020\/10\/Escritoras-1024x1024.jpg\" alt=\"\" class=\"wp-image-7549\" width=\"238\" height=\"238\" srcset=\"https:\/\/www.uhu.es\/biblioteca\/labuhardilla\/wp-content\/uploads\/2020\/10\/Escritoras-1024x1024.jpg 1024w, https:\/\/www.uhu.es\/biblioteca\/labuhardilla\/wp-content\/uploads\/2020\/10\/Escritoras-300x300.jpg 300w, https:\/\/www.uhu.es\/biblioteca\/labuhardilla\/wp-content\/uploads\/2020\/10\/Escritoras-150x150.jpg 150w, https:\/\/www.uhu.es\/biblioteca\/labuhardilla\/wp-content\/uploads\/2020\/10\/Escritoras-768x768.jpg 768w, https:\/\/www.uhu.es\/biblioteca\/labuhardilla\/wp-content\/uploads\/2020\/10\/Escritoras-1536x1536.jpg 1536w, https:\/\/www.uhu.es\/biblioteca\/labuhardilla\/wp-content\/uploads\/2020\/10\/Escritoras-2048x2048.jpg 2048w, https:\/\/www.uhu.es\/biblioteca\/labuhardilla\/wp-content\/uploads\/2020\/10\/Escritoras-85x85.jpg 85w\" sizes=\"(max-width: 238px) 100vw, 238px\" \/><\/figure><\/div>\n\n\n\n<p style=\"background-color:#c5aed3\" class=\"has-background has-normal-font-size\">La UHU, a trav\u00e9s de la Biblioteca Universitaria, participa en los actos conmemorativos del D\u00eda de las Escritoras desde 2017 (iniciativa de la&nbsp;<a rel=\"noreferrer noopener\" aria-label=\" (se abre en una nueva pesta\u00f1a)\" href=\"http:\/\/www.bne.es\/es\/Inicio\/index.html\" target=\"_blank\">Biblioteca Nacional de Espa\u00f1a<\/a>, en colaboraci\u00f3n con la&nbsp;<a rel=\"noreferrer noopener\" aria-label=\" (se abre en una nueva pesta\u00f1a)\" href=\"https:\/\/mujeresfedepe.com\/\" target=\"_blank\">Federaci\u00f3n Espa\u00f1ola de Mujeres Directivas, Ejecutivas, Profesionales y Empresarias<\/a>&nbsp;(FEDEPE) y de la&nbsp;<a rel=\"noreferrer noopener\" aria-label=\" (se abre en una nueva pesta\u00f1a)\" href=\"https:\/\/clasicasymodernas.org\/\" target=\"_blank\">Asociaci\u00f3n Cl\u00e1sicas y Modernas<\/a> )<\/p>\n\n\n\n<p class=\"has-normal-font-size\">Para celebrar la V Edici\u00f3n del D\u00eda de las Escritoras la Biblioteca ha realizado las siguientes actividades:<\/p>\n\n\n\n<p class=\"has-normal-font-size\">1.- Grabaci\u00f3n de un v\u00eddeo con la lectura de los textos seleccionados en la que han participado diferentes miembros de la comunidad universitaria. <\/p>\n\n\n\n<figure class=\"wp-block-embed-youtube wp-block-embed is-type-video is-provider-youtube wp-embed-aspect-16-9 wp-has-aspect-ratio\"><div class=\"wp-block-embed__wrapper\">\n<iframe loading=\"lazy\" title=\"LECTURAS FRAGMENTADAS Di\u0301a Mujer Escritora 2020 Universidad de Huelva\" width=\"500\" height=\"281\" src=\"https:\/\/www.youtube.com\/embed\/G_SQ0piclrI?feature=oembed\" frameborder=\"0\" allow=\"accelerometer; autoplay; clipboard-write; encrypted-media; gyroscope; picture-in-picture\" allowfullscreen><\/iframe>\n<\/div><\/figure>\n\n\n\n<p class=\"has-normal-font-size\">2.- Campa\u00f1a en el&nbsp;Facebook de la biblioteca invitando a los seguidores a grabar sus propios v\u00eddeos con lecturas de textos de escritoras y con el tema <strong><em>&#8220;El esfuerzo cotidiano de las mujeres&#8221;<\/em><\/strong><\/p>\n\n\n\n<p class=\"has-normal-font-size\">3.- Exposici\u00f3n bibliogr\u00e1fica ubicada en la planta baja de la Biblioteca Central con\u00a0obras de las escritoras seleccionadas en esta edici\u00f3n.<\/p>\n\n\n\n<figure class=\"wp-block-image size-large\"><img loading=\"lazy\" width=\"768\" height=\"1024\" src=\"http:\/\/www.uhu.es\/biblioteca\/labuhardilla\/wp-content\/uploads\/2020\/10\/IMG-4585-768x1024.jpg\" alt=\"\" class=\"wp-image-7551\" srcset=\"https:\/\/www.uhu.es\/biblioteca\/labuhardilla\/wp-content\/uploads\/2020\/10\/IMG-4585-768x1024.jpg 768w, https:\/\/www.uhu.es\/biblioteca\/labuhardilla\/wp-content\/uploads\/2020\/10\/IMG-4585-225x300.jpg 225w, https:\/\/www.uhu.es\/biblioteca\/labuhardilla\/wp-content\/uploads\/2020\/10\/IMG-4585-1152x1536.jpg 1152w, https:\/\/www.uhu.es\/biblioteca\/labuhardilla\/wp-content\/uploads\/2020\/10\/IMG-4585-1536x2048.jpg 1536w, https:\/\/www.uhu.es\/biblioteca\/labuhardilla\/wp-content\/uploads\/2020\/10\/IMG-4585-scaled.jpg 1920w\" sizes=\"(max-width: 768px) 100vw, 768px\" \/><\/figure>\n\n\n\n<p class=\"has-normal-font-size\">La relaci\u00f3n de todas las obras expuestas de la exposici\u00f3n, as\u00ed como toda la informaci\u00f3n relativa a este d\u00eda, la puedes consultar en esta <a href=\"https:\/\/guiasbuh.uhu.es\/diadelasescritorasbuh\" target=\"_blank\" rel=\"noreferrer noopener\" aria-label=\"gu\u00eda (se abre en una nueva pesta\u00f1a)\">gu\u00eda<\/a><\/p>\n","protected":false},"excerpt":{"rendered":"<p>La UHU, a trav\u00e9s de la Biblioteca Universitaria, participa en los actos conmemorativos del D\u00eda de las Escritoras desde 2017 (iniciativa de la&nbsp;Biblioteca Nacional de Espa\u00f1a, en colaboraci\u00f3n con la&nbsp;Federaci\u00f3n Espa\u00f1ola de Mujeres Directivas, Ejecutivas, Profesionales y Empresarias&nbsp;(FEDEPE) y de la&nbsp;Asociaci\u00f3n Cl\u00e1sicas y Modernas ) Para celebrar la V Edici\u00f3n del D\u00eda de las Escritoras&nbsp;<span class=\"excerpt_more\"><a href=\"https:\/\/www.uhu.es\/biblioteca\/labuhardilla\/?p=7547\">[Seguir leyendo&#8230;]<\/a><\/span><\/p>\n","protected":false},"author":2,"featured_media":7549,"comment_status":"open","ping_status":"open","sticky":true,"template":"","format":"standard","meta":{"_s2mail":"yes"},"categories":[3,6],"tags":[225,100],"_links":{"self":[{"href":"https:\/\/www.uhu.es\/biblioteca\/labuhardilla\/index.php?rest_route=\/wp\/v2\/posts\/7547"}],"collection":[{"href":"https:\/\/www.uhu.es\/biblioteca\/labuhardilla\/index.php?rest_route=\/wp\/v2\/posts"}],"about":[{"href":"https:\/\/www.uhu.es\/biblioteca\/labuhardilla\/index.php?rest_route=\/wp\/v2\/types\/post"}],"author":[{"embeddable":true,"href":"https:\/\/www.uhu.es\/biblioteca\/labuhardilla\/index.php?rest_route=\/wp\/v2\/users\/2"}],"replies":[{"embeddable":true,"href":"https:\/\/www.uhu.es\/biblioteca\/labuhardilla\/index.php?rest_route=%2Fwp%2Fv2%2Fcomments&post=7547"}],"version-history":[{"count":7,"href":"https:\/\/www.uhu.es\/biblioteca\/labuhardilla\/index.php?rest_route=\/wp\/v2\/posts\/7547\/revisions"}],"predecessor-version":[{"id":7557,"href":"https:\/\/www.uhu.es\/biblioteca\/labuhardilla\/index.php?rest_route=\/wp\/v2\/posts\/7547\/revisions\/7557"}],"wp:featuredmedia":[{"embeddable":true,"href":"https:\/\/www.uhu.es\/biblioteca\/labuhardilla\/index.php?rest_route=\/wp\/v2\/media\/7549"}],"wp:attachment":[{"href":"https:\/\/www.uhu.es\/biblioteca\/labuhardilla\/index.php?rest_route=%2Fwp%2Fv2%2Fmedia&parent=7547"}],"wp:term":[{"taxonomy":"category","embeddable":true,"href":"https:\/\/www.uhu.es\/biblioteca\/labuhardilla\/index.php?rest_route=%2Fwp%2Fv2%2Fcategories&post=7547"},{"taxonomy":"post_tag","embeddable":true,"href":"https:\/\/www.uhu.es\/biblioteca\/labuhardilla\/index.php?rest_route=%2Fwp%2Fv2%2Ftags&post=7547"}],"curies":[{"name":"wp","href":"https:\/\/api.w.org\/{rel}","templated":true}]}}