{"id":76,"date":"2011-12-21T09:49:18","date_gmt":"2011-12-21T09:49:18","guid":{"rendered":"http:\/\/www.uhu.es\/biblioteca\/blog\/?p=76"},"modified":"2012-10-01T09:50:15","modified_gmt":"2012-10-01T09:50:15","slug":"feliz-navidad","status":"publish","type":"post","link":"https:\/\/www.uhu.es\/biblioteca\/labuhardilla\/?p=76","title":{"rendered":"\u00a1FELIZ NAVIDAD!"},"content":{"rendered":"<p>Os comunicamos que la Biblioteca permanecer\u00e1 cerrada desde el d\u00eda 27 de diciembre hasta el 5 de enero, ambos inclusive. A partir del lunes 9 de enero abrimos con el horario habitual.<\/p>\n<p>Asimismo, os informamos que la Biblioteca Central abrir\u00e1 ininterrumpidamente durante el per\u00edodo de ex\u00e1menes,\u00a0 desde el d\u00eda 16 de enero a las 8:00 h.\u00a0 hasta el d\u00eda 17 de febrero a las 21:15 h.<\/p>\n<p>El resto de puntos de servicio (Biblioteca Campus La Merced, Biblioteca Campus La R\u00e1bida y las Salas de Lectura del Campus del Carmen) abrir\u00e1n en su horario habitual.<\/p>\n","protected":false},"excerpt":{"rendered":"<p>Os comunicamos que la Biblioteca permanecer\u00e1 cerrada desde el d\u00eda 27 de diciembre hasta el 5 de enero, ambos inclusive. A partir del lunes 9 de enero abrimos con el horario habitual. Asimismo, os informamos que la Biblioteca Central abrir\u00e1 ininterrumpidamente durante el per\u00edodo de ex\u00e1menes,\u00a0 desde el d\u00eda 16 de enero a las 8:00&nbsp;<span class=\"excerpt_more\"><a href=\"https:\/\/www.uhu.es\/biblioteca\/labuhardilla\/?p=76\">[Seguir leyendo&#8230;]<\/a><\/span><\/p>\n","protected":false},"author":1,"featured_media":0,"comment_status":"open","ping_status":"open","sticky":false,"template":"","format":"standard","meta":{"_s2mail":"yes"},"categories":[3,6],"tags":[16,17],"_links":{"self":[{"href":"https:\/\/www.uhu.es\/biblioteca\/labuhardilla\/index.php?rest_route=\/wp\/v2\/posts\/76"}],"collection":[{"href":"https:\/\/www.uhu.es\/biblioteca\/labuhardilla\/index.php?rest_route=\/wp\/v2\/posts"}],"about":[{"href":"https:\/\/www.uhu.es\/biblioteca\/labuhardilla\/index.php?rest_route=\/wp\/v2\/types\/post"}],"author":[{"embeddable":true,"href":"https:\/\/www.uhu.es\/biblioteca\/labuhardilla\/index.php?rest_route=\/wp\/v2\/users\/1"}],"replies":[{"embeddable":true,"href":"https:\/\/www.uhu.es\/biblioteca\/labuhardilla\/index.php?rest_route=%2Fwp%2Fv2%2Fcomments&post=76"}],"version-history":[{"count":1,"href":"https:\/\/www.uhu.es\/biblioteca\/labuhardilla\/index.php?rest_route=\/wp\/v2\/posts\/76\/revisions"}],"predecessor-version":[{"id":77,"href":"https:\/\/www.uhu.es\/biblioteca\/labuhardilla\/index.php?rest_route=\/wp\/v2\/posts\/76\/revisions\/77"}],"wp:attachment":[{"href":"https:\/\/www.uhu.es\/biblioteca\/labuhardilla\/index.php?rest_route=%2Fwp%2Fv2%2Fmedia&parent=76"}],"wp:term":[{"taxonomy":"category","embeddable":true,"href":"https:\/\/www.uhu.es\/biblioteca\/labuhardilla\/index.php?rest_route=%2Fwp%2Fv2%2Fcategories&post=76"},{"taxonomy":"post_tag","embeddable":true,"href":"https:\/\/www.uhu.es\/biblioteca\/labuhardilla\/index.php?rest_route=%2Fwp%2Fv2%2Ftags&post=76"}],"curies":[{"name":"wp","href":"https:\/\/api.w.org\/{rel}","templated":true}]}}