{"id":7843,"date":"2021-11-05T12:46:30","date_gmt":"2021-11-05T12:46:30","guid":{"rendered":"http:\/\/www.uhu.es\/biblioteca\/labuhardilla\/?p=7843"},"modified":"2021-11-05T12:46:30","modified_gmt":"2021-11-05T12:46:30","slug":"semana-de-la-salud","status":"publish","type":"post","link":"https:\/\/www.uhu.es\/biblioteca\/labuhardilla\/?p=7843","title":{"rendered":"Semana de la Salud"},"content":{"rendered":"\n<div class=\"wp-block-image\"><figure class=\"alignleft size-large is-resized\"><a href=\"http:\/\/www.uhu.es\/biblioteca\/labuhardilla\/wp-content\/uploads\/2021\/11\/251456098_4653728144666582_5082838883452380399_n.png\" rel='prettyPhoto[gallery1]'><img loading=\"lazy\" src=\"http:\/\/www.uhu.es\/biblioteca\/labuhardilla\/wp-content\/uploads\/2021\/11\/251456098_4653728144666582_5082838883452380399_n-1024x1024.png\" alt=\"\" class=\"wp-image-7844\" width=\"324\" height=\"324\" srcset=\"https:\/\/www.uhu.es\/biblioteca\/labuhardilla\/wp-content\/uploads\/2021\/11\/251456098_4653728144666582_5082838883452380399_n-1024x1024.png 1024w, https:\/\/www.uhu.es\/biblioteca\/labuhardilla\/wp-content\/uploads\/2021\/11\/251456098_4653728144666582_5082838883452380399_n-300x300.png 300w, https:\/\/www.uhu.es\/biblioteca\/labuhardilla\/wp-content\/uploads\/2021\/11\/251456098_4653728144666582_5082838883452380399_n-150x150.png 150w, https:\/\/www.uhu.es\/biblioteca\/labuhardilla\/wp-content\/uploads\/2021\/11\/251456098_4653728144666582_5082838883452380399_n-768x768.png 768w, https:\/\/www.uhu.es\/biblioteca\/labuhardilla\/wp-content\/uploads\/2021\/11\/251456098_4653728144666582_5082838883452380399_n-85x85.png 85w, https:\/\/www.uhu.es\/biblioteca\/labuhardilla\/wp-content\/uploads\/2021\/11\/251456098_4653728144666582_5082838883452380399_n.png 1080w\" sizes=\"(max-width: 324px) 100vw, 324px\" \/><\/a><\/figure><\/div>\n\n\n\n<p class=\"has-normal-font-size\">La&nbsp;<a href=\"http:\/\/www.uhu.es\/biblioteca\/\" target=\"_blank\" rel=\"noreferrer noopener\">Biblioteca de la Universidad de Huelva<\/a>, como casi todas las bibliotecas del planeta tierra, tiene una clara vocaci\u00f3n&nbsp;de ayuda a los dem\u00e1s.&nbsp;Nosotros lo resumimos diciendo que estamos aqu\u00ed \u201cpara el estudio, la docencia y la investigaci\u00f3n\u201d.&nbsp;Pero&nbsp;\u00bfc\u00f3mo se plasma esta frase en el d\u00eda a d\u00eda?&nbsp;Apoyando con nuestras herramientas los distintos&nbsp;quehaceres de la comunidad universitaria.&nbsp;Para los alumnos, para los profesores, pero tambi\u00e9n para los distintos proyectos que se realizan.&nbsp;&nbsp;<\/p>\n\n\n\n<figure class=\"wp-block-embed is-type-video is-provider-youtube wp-block-embed-youtube wp-embed-aspect-16-9 wp-has-aspect-ratio\"><div class=\"wp-block-embed__wrapper\">\n<iframe loading=\"lazy\" title=\"Semana de la Salud\" width=\"500\" height=\"281\" src=\"https:\/\/www.youtube.com\/embed\/zp_DzDvnkJE?feature=oembed\" frameborder=\"0\" allow=\"accelerometer; autoplay; clipboard-write; encrypted-media; gyroscope; picture-in-picture\" allowfullscreen><\/iframe>\n<\/div><\/figure>\n\n\n\n<p class=\"has-normal-font-size\">En esta ocasi\u00f3n\u00a0hemos cogido nuestros b\u00e1rtulos de biblioteca y nos hemos ido a la Escuela de Enfermer\u00eda donde la Unidad de Salud de la UHU celebraba las\u00a0<a rel=\"noreferrer noopener\" href=\"https:\/\/www.instagram.com\/p\/CVm-CHWqhQn\/\" target=\"_blank\">VIII Jornadas de\u00a0la Salud \u201cEscucha tu cuerpo\u201d<\/a>. Y all\u00ed hemos intentado mostrar nuestros\u00a0servicios\u00a0con bibliograf\u00eda relacionada de los temas que se trataban en\u00a0las jornadas. Libros, revistas y m\u00e1s, mucho m\u00e1s.\u00a0Tambi\u00e9n hemos estado difundiendo estas jornadas\u00a0a trav\u00e9s de internet\u00a0desde la\u00a0<a rel=\"noreferrer noopener\" href=\"https:\/\/guiasbuh.uhu.es\/bibliotecaverde\" target=\"_blank\">Gu\u00eda de la\u00a0Biblioteca\u00a0Verde\u00a0y\u00a0Sostenible<\/a>\u00a0donde se puede encontrar una\u00a0<a rel=\"noreferrer noopener\" href=\"https:\/\/guiasbuh.uhu.es\/BibliotecaVerde\/SEMANADELASALUD2021\" target=\"_blank\">selecci\u00f3n bibliogr\u00e1fica<\/a>\u00a0sobre este tema&#8230;sin olvidar\u00a0nuestro\u00a0<a rel=\"noreferrer noopener\" href=\"https:\/\/guiasbuh.uhu.es\/BibliotecaVerde\/Biblioteconsejos\" target=\"_blank\">#BibliotECOnsejo<\/a>\u00a0semanal, donde cada semana encontrar\u00e1s un libro y un peque\u00f1o lema.\u00a0<\/p>\n\n\n\n<p class=\"has-normal-font-size\">Para que todo esto sea posible han participado dos grupos: el de la <a rel=\"noreferrer noopener\" href=\"https:\/\/guiasbuh.uhu.es\/bibliotecaverde\" target=\"_blank\">Biblioteca\u00a0Verde y Sostenible<\/a> y\u00a0 el grupo de las Redes Sociales de la Biblioteca. Pues a trav\u00e9s de\u00a0<a rel=\"noreferrer noopener\" href=\"https:\/\/www.facebook.com\/BibliotecaUniversidadHuelva\" target=\"_blank\">Facebook<\/a>,\u00a0<a rel=\"noreferrer noopener\" href=\"https:\/\/twitter.com\/bibliotecaUHU\" target=\"_blank\">Twitter<\/a>\u00a0o\u00a0<a rel=\"noreferrer noopener\" href=\"https:\/\/www.instagram.com\/bibliotecauhu\/?hl=es\" target=\"_blank\">Instagram<\/a>\u00a0conseguimos que estas peque\u00f1as acciones\u00a0lleguen al m\u00e1s alejado rinc\u00f3n.\u00a0<\/p>\n\n\n\n<p class=\"has-normal-font-size\">Formarse e informarse de forma fiable. Sensibilizar y concienciar.&nbsp;&nbsp;<\/p>\n\n\n\n<p class=\"has-normal-font-size\">Nos sentimos orgullosos de estar a tu lado\u00a0para estos menesteres y muchos m\u00e1s. <\/p>\n\n\n\n<p class=\"has-light-green-cyan-background-color has-background has-medium-font-size\">Ven a la Biblioteca. Hay mucho que leer. Mucho que aprender. Mucho que decir.\u00a0<\/p>\n","protected":false},"excerpt":{"rendered":"<p>La&nbsp;Biblioteca de la Universidad de Huelva, como casi todas las bibliotecas del planeta tierra, tiene una clara vocaci\u00f3n&nbsp;de ayuda a los dem\u00e1s.&nbsp;Nosotros lo resumimos diciendo que estamos aqu\u00ed \u201cpara el estudio, la docencia y la investigaci\u00f3n\u201d.&nbsp;Pero&nbsp;\u00bfc\u00f3mo se plasma esta frase en el d\u00eda a d\u00eda?&nbsp;Apoyando con nuestras herramientas los distintos&nbsp;quehaceres de la comunidad universitaria.&nbsp;Para los&nbsp;<span class=\"excerpt_more\"><a href=\"https:\/\/www.uhu.es\/biblioteca\/labuhardilla\/?p=7843\">[Seguir leyendo&#8230;]<\/a><\/span><\/p>\n","protected":false},"author":4,"featured_media":7844,"comment_status":"open","ping_status":"open","sticky":true,"template":"","format":"standard","meta":{"_s2mail":"yes"},"categories":[3,6],"tags":[36,14,325],"_links":{"self":[{"href":"https:\/\/www.uhu.es\/biblioteca\/labuhardilla\/index.php?rest_route=\/wp\/v2\/posts\/7843"}],"collection":[{"href":"https:\/\/www.uhu.es\/biblioteca\/labuhardilla\/index.php?rest_route=\/wp\/v2\/posts"}],"about":[{"href":"https:\/\/www.uhu.es\/biblioteca\/labuhardilla\/index.php?rest_route=\/wp\/v2\/types\/post"}],"author":[{"embeddable":true,"href":"https:\/\/www.uhu.es\/biblioteca\/labuhardilla\/index.php?rest_route=\/wp\/v2\/users\/4"}],"replies":[{"embeddable":true,"href":"https:\/\/www.uhu.es\/biblioteca\/labuhardilla\/index.php?rest_route=%2Fwp%2Fv2%2Fcomments&post=7843"}],"version-history":[{"count":2,"href":"https:\/\/www.uhu.es\/biblioteca\/labuhardilla\/index.php?rest_route=\/wp\/v2\/posts\/7843\/revisions"}],"predecessor-version":[{"id":7846,"href":"https:\/\/www.uhu.es\/biblioteca\/labuhardilla\/index.php?rest_route=\/wp\/v2\/posts\/7843\/revisions\/7846"}],"wp:featuredmedia":[{"embeddable":true,"href":"https:\/\/www.uhu.es\/biblioteca\/labuhardilla\/index.php?rest_route=\/wp\/v2\/media\/7844"}],"wp:attachment":[{"href":"https:\/\/www.uhu.es\/biblioteca\/labuhardilla\/index.php?rest_route=%2Fwp%2Fv2%2Fmedia&parent=7843"}],"wp:term":[{"taxonomy":"category","embeddable":true,"href":"https:\/\/www.uhu.es\/biblioteca\/labuhardilla\/index.php?rest_route=%2Fwp%2Fv2%2Fcategories&post=7843"},{"taxonomy":"post_tag","embeddable":true,"href":"https:\/\/www.uhu.es\/biblioteca\/labuhardilla\/index.php?rest_route=%2Fwp%2Fv2%2Ftags&post=7843"}],"curies":[{"name":"wp","href":"https:\/\/api.w.org\/{rel}","templated":true}]}}