{"id":793,"date":"2013-11-11T09:04:47","date_gmt":"2013-11-11T09:04:47","guid":{"rendered":"http:\/\/www.uhu.es\/biblioteca\/labuhardilla\/?p=793"},"modified":"2013-11-11T09:04:47","modified_gmt":"2013-11-11T09:04:47","slug":"dias-de-cine","status":"publish","type":"post","link":"https:\/\/www.uhu.es\/biblioteca\/labuhardilla\/?p=793","title":{"rendered":"D\u00edas de cine"},"content":{"rendered":"<p>Del 16 al 23 de noviembre se celebra en Huelva la <a title=\"festival de cine\" href=\"http:\/\/www.festicinehuelva.es\/index.asp#spv=0\" target=\"_blank\">39\u00ba edici\u00f3n del Festival de Cine Iberoamericano<\/a>. Desde la biblioteca, te ofrecemos el listado de pel\u00edculas espa\u00f1olas que forman parte de nuestra colecci\u00f3n y que m\u00e1s se han consultado. Y t\u00fa, \u00bflas has visto?.<\/p>\n<p><a href=\"http:\/\/www.uhu.es\/biblioteca\/labuhardilla\/wp-content\/uploads\/2013\/11\/top-cine-espa\u00f1ol-blog.jpg\" rel='prettyPhoto[gallery1]'><img loading=\"lazy\" class=\"aligncenter size-full wp-image-818\" title=\"top cine espa\u00f1ol blog\" src=\"http:\/\/www.uhu.es\/biblioteca\/labuhardilla\/wp-content\/uploads\/2013\/11\/top-cine-espa\u00f1ol-blog.jpg\" alt=\"\" width=\"597\" height=\"768\" srcset=\"https:\/\/www.uhu.es\/biblioteca\/labuhardilla\/wp-content\/uploads\/2013\/11\/top-cine-espa\u00f1ol-blog.jpg 597w, https:\/\/www.uhu.es\/biblioteca\/labuhardilla\/wp-content\/uploads\/2013\/11\/top-cine-espa\u00f1ol-blog-233x300.jpg 233w\" sizes=\"(max-width: 597px) 100vw, 597px\" \/><\/a><\/p>\n","protected":false},"excerpt":{"rendered":"<p>Del 16 al 23 de noviembre se celebra en Huelva la 39\u00ba edici\u00f3n del Festival de Cine Iberoamericano. Desde la biblioteca, te ofrecemos el listado de pel\u00edculas espa\u00f1olas que forman parte de nuestra colecci\u00f3n y que m\u00e1s se han consultado. Y t\u00fa, \u00bflas has visto?.<\/p>\n","protected":false},"author":2,"featured_media":818,"comment_status":"open","ping_status":"open","sticky":false,"template":"","format":"standard","meta":{"_s2mail":"yes"},"categories":[3,6],"tags":[60,115],"_links":{"self":[{"href":"https:\/\/www.uhu.es\/biblioteca\/labuhardilla\/index.php?rest_route=\/wp\/v2\/posts\/793"}],"collection":[{"href":"https:\/\/www.uhu.es\/biblioteca\/labuhardilla\/index.php?rest_route=\/wp\/v2\/posts"}],"about":[{"href":"https:\/\/www.uhu.es\/biblioteca\/labuhardilla\/index.php?rest_route=\/wp\/v2\/types\/post"}],"author":[{"embeddable":true,"href":"https:\/\/www.uhu.es\/biblioteca\/labuhardilla\/index.php?rest_route=\/wp\/v2\/users\/2"}],"replies":[{"embeddable":true,"href":"https:\/\/www.uhu.es\/biblioteca\/labuhardilla\/index.php?rest_route=%2Fwp%2Fv2%2Fcomments&post=793"}],"version-history":[{"count":36,"href":"https:\/\/www.uhu.es\/biblioteca\/labuhardilla\/index.php?rest_route=\/wp\/v2\/posts\/793\/revisions"}],"predecessor-version":[{"id":836,"href":"https:\/\/www.uhu.es\/biblioteca\/labuhardilla\/index.php?rest_route=\/wp\/v2\/posts\/793\/revisions\/836"}],"wp:featuredmedia":[{"embeddable":true,"href":"https:\/\/www.uhu.es\/biblioteca\/labuhardilla\/index.php?rest_route=\/wp\/v2\/media\/818"}],"wp:attachment":[{"href":"https:\/\/www.uhu.es\/biblioteca\/labuhardilla\/index.php?rest_route=%2Fwp%2Fv2%2Fmedia&parent=793"}],"wp:term":[{"taxonomy":"category","embeddable":true,"href":"https:\/\/www.uhu.es\/biblioteca\/labuhardilla\/index.php?rest_route=%2Fwp%2Fv2%2Fcategories&post=793"},{"taxonomy":"post_tag","embeddable":true,"href":"https:\/\/www.uhu.es\/biblioteca\/labuhardilla\/index.php?rest_route=%2Fwp%2Fv2%2Ftags&post=793"}],"curies":[{"name":"wp","href":"https:\/\/api.w.org\/{rel}","templated":true}]}}