{"id":8014,"date":"2022-04-22T11:03:14","date_gmt":"2022-04-22T11:03:14","guid":{"rendered":"http:\/\/www.uhu.es\/biblioteca\/labuhardilla\/?p=8014"},"modified":"2022-04-22T11:03:14","modified_gmt":"2022-04-22T11:03:14","slug":"semana-del-libro-en-la-buh","status":"publish","type":"post","link":"https:\/\/www.uhu.es\/biblioteca\/labuhardilla\/?p=8014","title":{"rendered":"Semana del libro en la BUH"},"content":{"rendered":"\n<div class=\"wp-block-image\"><figure class=\"alignleft size-full is-resized\"><a href=\"http:\/\/www.uhu.es\/biblioteca\/labuhardilla\/wp-content\/uploads\/2022\/04\/4.jpg\" rel='prettyPhoto[gallery1]'><img loading=\"lazy\" src=\"http:\/\/www.uhu.es\/biblioteca\/labuhardilla\/wp-content\/uploads\/2022\/04\/4.jpg\" alt=\"\" class=\"wp-image-8015\" width=\"375\" height=\"253\" srcset=\"https:\/\/www.uhu.es\/biblioteca\/labuhardilla\/wp-content\/uploads\/2022\/04\/4.jpg 791w, https:\/\/www.uhu.es\/biblioteca\/labuhardilla\/wp-content\/uploads\/2022\/04\/4-300x203.jpg 300w, https:\/\/www.uhu.es\/biblioteca\/labuhardilla\/wp-content\/uploads\/2022\/04\/4-768x518.jpg 768w, https:\/\/www.uhu.es\/biblioteca\/labuhardilla\/wp-content\/uploads\/2022\/04\/4-150x100.jpg 150w\" sizes=\"(max-width: 375px) 100vw, 375px\" \/><\/a><\/figure><\/div>\n\n\n\n<p class=\"has-cyan-bluish-gray-background-color has-background\" style=\"font-size:16px\"><strong><em>\u201cLos libros no se han hecho para servir de adorno: sin embargo, nada hay que embellezca tanto el interior de un lugar\u201d <\/em><\/strong><strong>Harriet Beecher Stowe.<\/strong><\/p>\n\n\n\n<p style=\"font-size:16px\">Esta semana es muy especial para las bibliotecas, pues conmemoramos su pieza principal, el libro. Por eso, el personal de la biblioteca se ha esmerado en realizar actividades para el <a href=\"https:\/\/www.diadellibro.eu\/\" target=\"_blank\" rel=\"noreferrer noopener\">D\u00eda Internacional del Libro<\/a>, el 23 de abril.<\/p>\n\n\n\n<p style=\"font-size:16px\">Tras meses de preparaci\u00f3n, el 20 de abril ha visto la luz la primera yincana bibliotecaria de la BUH, y no ser\u00e1 la \u00faltima. Se ha realizado con los <a href=\"https:\/\/www.uhu.es\/erel\/?q=noticias-global\" target=\"_blank\" rel=\"noreferrer noopener\">alumnos de primer curso del Grado de Relaciones Laborales y Recursos Humanos<\/a>.<\/p>\n\n\n\n<p style=\"font-size:16px\">Tras una toma de contacto de formaci\u00f3n respecto a la organizaci\u00f3n de los fondos y las instalaciones bibliotecarias, se han dirigido personalmente a la <a href=\"http:\/\/uhu.es\/biblioteca\/\" target=\"_blank\" rel=\"noreferrer noopener\">Biblioteca Central<\/a> para comenzar el juego.<\/p>\n\n\n\n<div class=\"wp-block-image\"><figure class=\"alignright size-large is-resized\"><a href=\"http:\/\/www.uhu.es\/biblioteca\/labuhardilla\/wp-content\/uploads\/2022\/04\/1.jpg\" rel='prettyPhoto[gallery1]'><img loading=\"lazy\" src=\"http:\/\/www.uhu.es\/biblioteca\/labuhardilla\/wp-content\/uploads\/2022\/04\/1-768x1024.jpg\" alt=\"\" class=\"wp-image-8021\" width=\"236\" height=\"314\" srcset=\"https:\/\/www.uhu.es\/biblioteca\/labuhardilla\/wp-content\/uploads\/2022\/04\/1-768x1025.jpg 768w, https:\/\/www.uhu.es\/biblioteca\/labuhardilla\/wp-content\/uploads\/2022\/04\/1-225x300.jpg 225w, https:\/\/www.uhu.es\/biblioteca\/labuhardilla\/wp-content\/uploads\/2022\/04\/1.jpg 793w\" sizes=\"(max-width: 236px) 100vw, 236px\" \/><\/a><\/figure><\/div>\n\n\n\n<p style=\"font-size:16px\">Los alumnos se organizaron en 4 equipos que compitieron para ganar la yincana. Se les entreg\u00f3 un sobre donde encontraron las reglas del juego. En primer lugar, deb\u00edan buscar un n\u00famero espec\u00edfico de una revista, dentro de la cual estar\u00eda una frase incompleta, que deb\u00edan rellenar a trav\u00e9s de unas pistas. La primera se encontraba en la revista.<\/p>\n\n\n\n<p>Una sucesiva serie de pistas contribuy\u00f3 a que completaran la frase, que ten\u00edan que llevar al mostrador de pr\u00e9stamo para que se les diera la signatura topogr\u00e1fica de un libro. Los alumnos corrieron a buscar su libro a las estanter\u00edas y, el primer equipo que lo dejara en el mostrador, resultaba ganador.<\/p>\n\n\n\n<div class=\"wp-block-image\"><figure class=\"alignleft size-large is-resized\"><a href=\"http:\/\/www.uhu.es\/biblioteca\/labuhardilla\/wp-content\/uploads\/2022\/04\/IMG_2680.jpeg\" rel='prettyPhoto[gallery1]'><img loading=\"lazy\" src=\"http:\/\/www.uhu.es\/biblioteca\/labuhardilla\/wp-content\/uploads\/2022\/04\/IMG_2680-1024x729.jpeg\" alt=\"\" class=\"wp-image-8016\" width=\"362\" height=\"258\" srcset=\"https:\/\/www.uhu.es\/biblioteca\/labuhardilla\/wp-content\/uploads\/2022\/04\/IMG_2680-1024x729.jpeg 1024w, https:\/\/www.uhu.es\/biblioteca\/labuhardilla\/wp-content\/uploads\/2022\/04\/IMG_2680-300x214.jpeg 300w, https:\/\/www.uhu.es\/biblioteca\/labuhardilla\/wp-content\/uploads\/2022\/04\/IMG_2680-768x547.jpeg 768w, https:\/\/www.uhu.es\/biblioteca\/labuhardilla\/wp-content\/uploads\/2022\/04\/IMG_2680-1536x1094.jpeg 1536w, https:\/\/www.uhu.es\/biblioteca\/labuhardilla\/wp-content\/uploads\/2022\/04\/IMG_2680.jpeg 1940w\" sizes=\"(max-width: 362px) 100vw, 362px\" \/><\/a><figcaption>C\u00e1mara de la UHU grabando la yincana<\/figcaption><\/figure><\/div>\n\n\n\n<p style=\"font-size:16px\">Con esta din\u00e1mica, se pretende que los alumnos aprendan a utilizar el cat\u00e1logo, a moverse por la biblioteca, encontrar un libro o a conocer las diferentes secciones de la hemeroteca, entre otras.<\/p>\n\n\n\n<p style=\"font-size:16px\">Una caracter\u00edstica curiosa de la actividad es que, el libro final que deb\u00edan encontrar, se trataba de una<a href=\"https:\/\/columbus.uhu.es\/discovery\/search?query=any,contains,novela%20gr%C3%A1fica&amp;vid=34CBUA_UHU:VU1\" target=\"_blank\" rel=\"noreferrer noopener\"> novela gr\u00e1fica<\/a>, pues en este tipo de bibliotecas esta secci\u00f3n literaria pasa desapercibida y se quer\u00eda dar a conocer.<\/p>\n\n\n\n<p>Desde aqu\u00ed, queremos dar las gracias nuevamente a los alumnos por su participaci\u00f3n y a la <a href=\"https:\/\/www.uhu.es\/erel\/index.php\">Facultad de Ciencias del Trabajo<\/a> por su apoyo en esta actividad.<\/p>\n\n\n\n<p><\/p>\n\n\n\n<p style=\"font-size:16px\">Por otra parte, se han estado sorteando tazas de la BUH a trav\u00e9s de Instagram. Para participar, simplemente hab\u00eda que seguir a <a href=\"https:\/\/www.instagram.com\/bibliotecauhu\/\">@bibliotecauhu<\/a>, dar ME GUSTA a la publicaci\u00f3n, etiquetar a 3 amigos y contestar una pregunta. \u00a0<\/p>\n\n\n\n<div class=\"wp-block-image\"><figure class=\"aligncenter size-full\"><a href=\"http:\/\/www.uhu.es\/biblioteca\/labuhardilla\/wp-content\/uploads\/2022\/04\/2.png\" rel='prettyPhoto[gallery1]'><img loading=\"lazy\" width=\"955\" height=\"468\" src=\"http:\/\/www.uhu.es\/biblioteca\/labuhardilla\/wp-content\/uploads\/2022\/04\/2.png\" alt=\"\" class=\"wp-image-8018\" srcset=\"https:\/\/www.uhu.es\/biblioteca\/labuhardilla\/wp-content\/uploads\/2022\/04\/2.png 955w, https:\/\/www.uhu.es\/biblioteca\/labuhardilla\/wp-content\/uploads\/2022\/04\/2-300x147.png 300w, https:\/\/www.uhu.es\/biblioteca\/labuhardilla\/wp-content\/uploads\/2022\/04\/2-768x376.png 768w\" sizes=\"(max-width: 955px) 100vw, 955px\" \/><\/a><\/figure><\/div>\n\n\n\n<p style=\"font-size:16px\">\u00a1Pero esto no acaba aqu\u00ed! Nos apetec\u00eda regalar libros de manera divertida; por eso, hemos escondido en diferentes rincones del Campus del Carmen unas tarjetas VALE REGALO POR UN LIBRO, canjeables en la Biblioteca Central. Hemos ido dando pistas a trav\u00e9s de Instagram, Twitter y Facebook, publicando im\u00e1genes para que encuentren r\u00e1pidamente su tarjeta.<\/p>\n\n\n\n<p><\/p>\n\n\n\n<div class=\"wp-block-image\"><figure class=\"alignleft size-full is-resized\"><a href=\"http:\/\/www.uhu.es\/biblioteca\/labuhardilla\/wp-content\/uploads\/2022\/04\/3.png\" rel='prettyPhoto[gallery1]'><img loading=\"lazy\" src=\"http:\/\/www.uhu.es\/biblioteca\/labuhardilla\/wp-content\/uploads\/2022\/04\/3.png\" alt=\"\" class=\"wp-image-8019\" width=\"432\" height=\"253\" srcset=\"https:\/\/www.uhu.es\/biblioteca\/labuhardilla\/wp-content\/uploads\/2022\/04\/3.png 736w, https:\/\/www.uhu.es\/biblioteca\/labuhardilla\/wp-content\/uploads\/2022\/04\/3-300x176.png 300w\" sizes=\"(max-width: 432px) 100vw, 432px\" \/><\/a><\/figure><\/div>\n\n\n\n<p style=\"font-size:16px\">Por \u00faltimo, el grupo <a href=\"http:\/\/uhu.es\/biblioteca\/comprometidos\/biblioteca-verde-y-sostenible\" target=\"_blank\" rel=\"noreferrer noopener\">Biblioteca Verde y Sostenible<\/a> tambi\u00e9n aporta su granito de arena en este d\u00eda y nos manda este mensaje:<\/p>\n\n\n\n<p class=\"has-light-green-cyan-background-color has-background\" style=\"font-size:16px\"><strong><em>&nbsp;\u201cLa Tierra, ese libro en el que el ser humano escribe su historia\u201d<\/em><\/strong><\/p>\n\n\n\n<p class=\"has-light-green-cyan-background-color has-background\" style=\"font-size:16px\"><strong><em>D\u00eda de la Tierra y D\u00eda del Libro (22 y 23 de abril)<\/em><\/strong><\/p>\n\n\n\n<p style=\"font-size:16px\">Desde <a href=\"http:\/\/uhu.es\/biblioteca\/comprometidos\/biblioteca-verde-y-sostenible\" target=\"_blank\" rel=\"noreferrer noopener\">Biblioteca Verde y Sostenible<\/a> queremos seguir celebrando estos dos d\u00edas tan especiales para nosotros. Celebrar la importancia de sentir que se forma parte de la naturaleza y, a trav\u00e9s de libros, concienciar de problemas comunes que nos afectan en torno a la contaminaci\u00f3n, la conservaci\u00f3n de la biodiversidad, los objetivos de la agenda 2030 (ODS)\u2026.<\/p>\n\n\n\n<div class=\"wp-block-image\"><figure class=\"alignleft size-large is-resized\"><a href=\"http:\/\/www.uhu.es\/biblioteca\/labuhardilla\/wp-content\/uploads\/2022\/04\/la-tierra-ese-libro-en-el-que-el-hombre-escribe-su-historia.png\" rel='prettyPhoto[gallery1]'><img loading=\"lazy\" src=\"http:\/\/www.uhu.es\/biblioteca\/labuhardilla\/wp-content\/uploads\/2022\/04\/la-tierra-ese-libro-en-el-que-el-hombre-escribe-su-historia-1024x1024.png\" alt=\"\" class=\"wp-image-8020\" width=\"440\" height=\"440\" srcset=\"https:\/\/www.uhu.es\/biblioteca\/labuhardilla\/wp-content\/uploads\/2022\/04\/la-tierra-ese-libro-en-el-que-el-hombre-escribe-su-historia-1024x1024.png 1024w, https:\/\/www.uhu.es\/biblioteca\/labuhardilla\/wp-content\/uploads\/2022\/04\/la-tierra-ese-libro-en-el-que-el-hombre-escribe-su-historia-300x300.png 300w, https:\/\/www.uhu.es\/biblioteca\/labuhardilla\/wp-content\/uploads\/2022\/04\/la-tierra-ese-libro-en-el-que-el-hombre-escribe-su-historia-150x150.png 150w, https:\/\/www.uhu.es\/biblioteca\/labuhardilla\/wp-content\/uploads\/2022\/04\/la-tierra-ese-libro-en-el-que-el-hombre-escribe-su-historia-768x768.png 768w, https:\/\/www.uhu.es\/biblioteca\/labuhardilla\/wp-content\/uploads\/2022\/04\/la-tierra-ese-libro-en-el-que-el-hombre-escribe-su-historia-85x85.png 85w, https:\/\/www.uhu.es\/biblioteca\/labuhardilla\/wp-content\/uploads\/2022\/04\/la-tierra-ese-libro-en-el-que-el-hombre-escribe-su-historia.png 1080w\" sizes=\"(max-width: 440px) 100vw, 440px\" \/><\/a><\/figure><\/div>\n\n\n\n<p style=\"font-size:16px\">Con la selecci\u00f3n tem\u00e1tica <a href=\"https:\/\/guiasbuh.uhu.es\/BibliotecaVerde\/EcoCalendario\" target=\"_blank\" rel=\"noreferrer noopener\">\u201cNaturaleza en la poes\u00eda\u201d <\/a>queremos difundir poemas y poetas que han expresado preocupaciones ecol\u00f3gicas. Aunque solo recientemente se haya popularizado el uso del t\u00e9rmino <strong><em><a href=\"http:\/\/www.scielo.edu.uy\/scielo.php?pid=S2301-16292019000200199&amp;script=sci_arttext\" target=\"_blank\" rel=\"noreferrer noopener\">Ecopoes\u00eda<\/a><\/em><\/strong>, este tema est\u00e1 presente desde el inicio de los tiempos. Y t\u00fa \u00bfconoces alg\u00fan poema en el que la naturaleza sea la protagonista? \u00bfte atreves a envi\u00e1rnoslo?<\/p>\n\n\n\n<p class=\"has-vivid-green-cyan-background-color has-background has-medium-font-size\"><strong><em>\u00a1Feliz D\u00eda del Libro y Buena lectura!<\/em><\/strong><\/p>\n","protected":false},"excerpt":{"rendered":"<p>\u201cLos libros no se han hecho para servir de adorno: sin embargo, nada hay que embellezca tanto el interior de un lugar\u201d Harriet Beecher Stowe. Esta semana es muy especial para las bibliotecas, pues conmemoramos su pieza principal, el libro. Por eso, el personal de la biblioteca se ha esmerado en realizar actividades para el&nbsp;<span class=\"excerpt_more\"><a href=\"https:\/\/www.uhu.es\/biblioteca\/labuhardilla\/?p=8014\">[Seguir leyendo&#8230;]<\/a><\/span><\/p>\n","protected":false},"author":4,"featured_media":8015,"comment_status":"open","ping_status":"open","sticky":true,"template":"","format":"standard","meta":{"_s2mail":"yes"},"categories":[3,6,5],"tags":[305,26,36,334,333,41,332],"_links":{"self":[{"href":"https:\/\/www.uhu.es\/biblioteca\/labuhardilla\/index.php?rest_route=\/wp\/v2\/posts\/8014"}],"collection":[{"href":"https:\/\/www.uhu.es\/biblioteca\/labuhardilla\/index.php?rest_route=\/wp\/v2\/posts"}],"about":[{"href":"https:\/\/www.uhu.es\/biblioteca\/labuhardilla\/index.php?rest_route=\/wp\/v2\/types\/post"}],"author":[{"embeddable":true,"href":"https:\/\/www.uhu.es\/biblioteca\/labuhardilla\/index.php?rest_route=\/wp\/v2\/users\/4"}],"replies":[{"embeddable":true,"href":"https:\/\/www.uhu.es\/biblioteca\/labuhardilla\/index.php?rest_route=%2Fwp%2Fv2%2Fcomments&post=8014"}],"version-history":[{"count":7,"href":"https:\/\/www.uhu.es\/biblioteca\/labuhardilla\/index.php?rest_route=\/wp\/v2\/posts\/8014\/revisions"}],"predecessor-version":[{"id":8027,"href":"https:\/\/www.uhu.es\/biblioteca\/labuhardilla\/index.php?rest_route=\/wp\/v2\/posts\/8014\/revisions\/8027"}],"wp:featuredmedia":[{"embeddable":true,"href":"https:\/\/www.uhu.es\/biblioteca\/labuhardilla\/index.php?rest_route=\/wp\/v2\/media\/8015"}],"wp:attachment":[{"href":"https:\/\/www.uhu.es\/biblioteca\/labuhardilla\/index.php?rest_route=%2Fwp%2Fv2%2Fmedia&parent=8014"}],"wp:term":[{"taxonomy":"category","embeddable":true,"href":"https:\/\/www.uhu.es\/biblioteca\/labuhardilla\/index.php?rest_route=%2Fwp%2Fv2%2Fcategories&post=8014"},{"taxonomy":"post_tag","embeddable":true,"href":"https:\/\/www.uhu.es\/biblioteca\/labuhardilla\/index.php?rest_route=%2Fwp%2Fv2%2Ftags&post=8014"}],"curies":[{"name":"wp","href":"https:\/\/api.w.org\/{rel}","templated":true}]}}