{"id":8148,"date":"2022-07-12T11:01:52","date_gmt":"2022-07-12T11:01:52","guid":{"rendered":"http:\/\/www.uhu.es\/biblioteca\/labuhardilla\/?p=8148"},"modified":"2022-07-12T11:01:52","modified_gmt":"2022-07-12T11:01:52","slug":"que-vas-a-leer-este-verano","status":"publish","type":"post","link":"https:\/\/www.uhu.es\/biblioteca\/labuhardilla\/?p=8148","title":{"rendered":"Qu\u00e9 vas a leer este verano"},"content":{"rendered":"\n<div class=\"wp-block-media-text alignwide is-stacked-on-mobile\"><figure class=\"wp-block-media-text__media\"><img loading=\"lazy\" width=\"1024\" height=\"1024\" src=\"http:\/\/www.uhu.es\/biblioteca\/labuhardilla\/wp-content\/uploads\/2022\/06\/Sale-1-1024x1024.png\" alt=\"\" class=\"wp-image-8150 size-full\" srcset=\"https:\/\/www.uhu.es\/biblioteca\/labuhardilla\/wp-content\/uploads\/2022\/06\/Sale-1-1024x1024.png 1024w, https:\/\/www.uhu.es\/biblioteca\/labuhardilla\/wp-content\/uploads\/2022\/06\/Sale-1-300x300.png 300w, https:\/\/www.uhu.es\/biblioteca\/labuhardilla\/wp-content\/uploads\/2022\/06\/Sale-1-150x150.png 150w, https:\/\/www.uhu.es\/biblioteca\/labuhardilla\/wp-content\/uploads\/2022\/06\/Sale-1-768x768.png 768w, https:\/\/www.uhu.es\/biblioteca\/labuhardilla\/wp-content\/uploads\/2022\/06\/Sale-1-85x85.png 85w, https:\/\/www.uhu.es\/biblioteca\/labuhardilla\/wp-content\/uploads\/2022\/06\/Sale-1.png 1080w\" sizes=\"(max-width: 1024px) 100vw, 1024px\" \/><\/figure><div class=\"wp-block-media-text__content\">\n<p style=\"font-size:16px\">La presencia de la biblioteca en <a href=\"http:\/\/www.uhu.es\/biblioteca\/conocenos\/redes-sociales\" target=\"_blank\" rel=\"noreferrer noopener\">redes sociales<\/a> nos permite ayudar a nuestra comunidad universitaria a acceder a nuevos servicios y tambi\u00e9n a mejorar su calidad de vida. Y qu\u00e9 duda cabe de que la pr\u00e1ctica de la lectura es un indicador de bienestar f\u00edsico y crecimiento intelectual. Con el esp\u00edritu colaborativo que nos permiten las redes, os proponemos recomendaciones literarias para el verano y os invitamos a que nos propong\u00e1is las vuestras.<\/p>\n<\/div><\/div>\n\n\n\n<p style=\"font-size:16px\">Aqu\u00ed os lanzamos una selecci\u00f3n de libros, todos actuales, b\u00e1sicamente literatura de ficci\u00f3n y biograf\u00edas, imprescindibles para el verano.<\/p>\n\n\n\n<p style=\"font-size:16px\">Como siempre os decimos, esto es solo una peque\u00f1a selecci\u00f3n, recuerda que encuentras mucho m\u00e1s en nuestro<a href=\"https:\/\/columbus.uhu.es\/discovery\/search?vid=34CBUA_UHU:VU1&amp;lang=es\" target=\"_blank\" rel=\"noreferrer noopener\"> Cat\u00e1logo Columbus.<\/a><\/p>\n\n\n\n<p style=\"font-size:16px\">Echa un vistazo y ll\u00e9vate en pr\u00e9stamo los libros que te interesen. Com\u00e9ntanos qu\u00e9 nos recomiendas t\u00fa para leer este verano.<\/p>\n\n\n\n<p class=\"has-large-font-size\"><a rel=\"noreferrer noopener\" href=\"https:\/\/columbus.uhu.es\/discovery\/search?query=any,contains,860-1,AND&amp;tab=coleccion_impresa&amp;search_scope=coleccion_impresa&amp;sortby=date_d&amp;vid=34CBUA_UHU:VU1&amp;facet=searchcreationdate,include,2020%7C,%7C2021&amp;lang=es&amp;mode=advanced&amp;offset=0\" target=\"_blank\">&nbsp;<span style=\"font-size:26px;\"><span style=\"color:#0099ff;\"><strong><em>Poes\u00eda Espa\u00f1ola<\/em><\/strong><\/span><\/span><\/a><\/p>\n\n\n\n<div class=\"wp-block-image\"><figure class=\"aligncenter size-large is-resized\"><a href=\"http:\/\/www.uhu.es\/biblioteca\/labuhardilla\/wp-content\/uploads\/2022\/06\/Poesia-1-scaled.jpg\" rel='prettyPhoto[gallery1]'><img loading=\"lazy\" src=\"http:\/\/www.uhu.es\/biblioteca\/labuhardilla\/wp-content\/uploads\/2022\/06\/Poesia-1-1024x1024.jpg\" alt=\"\" class=\"wp-image-8182\" width=\"600\" height=\"600\" srcset=\"https:\/\/www.uhu.es\/biblioteca\/labuhardilla\/wp-content\/uploads\/2022\/06\/Poesia-1-1024x1024.jpg 1024w, https:\/\/www.uhu.es\/biblioteca\/labuhardilla\/wp-content\/uploads\/2022\/06\/Poesia-1-300x300.jpg 300w, https:\/\/www.uhu.es\/biblioteca\/labuhardilla\/wp-content\/uploads\/2022\/06\/Poesia-1-150x150.jpg 150w, https:\/\/www.uhu.es\/biblioteca\/labuhardilla\/wp-content\/uploads\/2022\/06\/Poesia-1-768x768.jpg 768w, https:\/\/www.uhu.es\/biblioteca\/labuhardilla\/wp-content\/uploads\/2022\/06\/Poesia-1-1536x1536.jpg 1536w, https:\/\/www.uhu.es\/biblioteca\/labuhardilla\/wp-content\/uploads\/2022\/06\/Poesia-1-2048x2048.jpg 2048w, https:\/\/www.uhu.es\/biblioteca\/labuhardilla\/wp-content\/uploads\/2022\/06\/Poesia-1-85x85.jpg 85w\" sizes=\"(max-width: 600px) 100vw, 600px\" \/><\/a><\/figure><\/div>\n\n\n\n<p class=\"has-vivid-cyan-blue-color has-text-color has-large-font-size\"><strong><em><a href=\"https:\/\/columbus.uhu.es\/discovery\/search?query=any,contains,860-3,AND&amp;tab=coleccion_impresa&amp;search_scope=coleccion_impresa&amp;vid=34CBUA_UHU:VU1&amp;facet=searchcreationdate,include,2020%7C,%7C2022&amp;lang=es&amp;mode=advanced&amp;offset=0\" target=\"_blank\" rel=\"noreferrer noopener\">Novela Espa\u00f1ola<\/a><\/em><\/strong><\/p>\n\n\n\n<div class=\"wp-block-image\"><figure class=\"aligncenter size-full is-resized\"><a href=\"http:\/\/www.uhu.es\/biblioteca\/labuhardilla\/wp-content\/uploads\/2022\/06\/Novela.jpg\" rel='prettyPhoto[gallery1]'><img loading=\"lazy\" src=\"http:\/\/www.uhu.es\/biblioteca\/labuhardilla\/wp-content\/uploads\/2022\/06\/Novela.jpg\" alt=\"\" class=\"wp-image-8184\" width=\"614\" height=\"614\" srcset=\"https:\/\/www.uhu.es\/biblioteca\/labuhardilla\/wp-content\/uploads\/2022\/06\/Novela.jpg 800w, https:\/\/www.uhu.es\/biblioteca\/labuhardilla\/wp-content\/uploads\/2022\/06\/Novela-300x300.jpg 300w, https:\/\/www.uhu.es\/biblioteca\/labuhardilla\/wp-content\/uploads\/2022\/06\/Novela-150x150.jpg 150w, https:\/\/www.uhu.es\/biblioteca\/labuhardilla\/wp-content\/uploads\/2022\/06\/Novela-768x768.jpg 768w, https:\/\/www.uhu.es\/biblioteca\/labuhardilla\/wp-content\/uploads\/2022\/06\/Novela-85x85.jpg 85w\" sizes=\"(max-width: 614px) 100vw, 614px\" \/><\/a><\/figure><\/div>\n\n\n\n<p class=\"has-vivid-green-cyan-color has-text-color has-large-font-size\"><a href=\"https:\/\/columbus.uhu.es\/discovery\/search?query=sub,contains,Historietas%20dibujadas,AND&amp;query=any,contains,82-9,AND&amp;tab=coleccion_impresa&amp;search_scope=coleccion_impresa&amp;sortby=date_d&amp;vid=34CBUA_UHU:VU1&amp;lang=es&amp;mode=advanced&amp;offset=0\" target=\"_blank\" rel=\"noreferrer noopener\"><em><strong>Comics<\/strong><\/em><\/a><\/p>\n\n\n\n<div class=\"wp-block-image\"><figure class=\"aligncenter size-full is-resized\"><a href=\"http:\/\/www.uhu.es\/biblioteca\/labuhardilla\/wp-content\/uploads\/2022\/06\/Comics.jpg\" rel='prettyPhoto[gallery1]'><img loading=\"lazy\" src=\"http:\/\/www.uhu.es\/biblioteca\/labuhardilla\/wp-content\/uploads\/2022\/06\/Comics.jpg\" alt=\"\" class=\"wp-image-8179\" width=\"612\" height=\"612\" srcset=\"https:\/\/www.uhu.es\/biblioteca\/labuhardilla\/wp-content\/uploads\/2022\/06\/Comics.jpg 800w, https:\/\/www.uhu.es\/biblioteca\/labuhardilla\/wp-content\/uploads\/2022\/06\/Comics-300x300.jpg 300w, https:\/\/www.uhu.es\/biblioteca\/labuhardilla\/wp-content\/uploads\/2022\/06\/Comics-150x150.jpg 150w, https:\/\/www.uhu.es\/biblioteca\/labuhardilla\/wp-content\/uploads\/2022\/06\/Comics-768x768.jpg 768w, https:\/\/www.uhu.es\/biblioteca\/labuhardilla\/wp-content\/uploads\/2022\/06\/Comics-85x85.jpg 85w\" sizes=\"(max-width: 612px) 100vw, 612px\" \/><\/a><\/figure><\/div>\n\n\n\n<p class=\"has-luminous-vivid-amber-color has-text-color has-large-font-size\"><strong><em><a href=\"https:\/\/columbus.uhu.es\/discovery\/search?query=any,contains,929,AND&amp;query=sub,contains,biograf%C3%ADa,AND&amp;tab=coleccion_impresa&amp;search_scope=coleccion_impresa&amp;vid=34CBUA_UHU:VU1&amp;facet=searchcreationdate,include,2018%7C,%7C2020&amp;lang=es&amp;mode=advanced&amp;offset=0\" target=\"_blank\" rel=\"noreferrer noopener\">Biograf\u00edas<\/a><\/em><\/strong><\/p>\n\n\n\n<div class=\"wp-block-image\"><figure class=\"aligncenter size-full is-resized\"><a href=\"http:\/\/www.uhu.es\/biblioteca\/labuhardilla\/wp-content\/uploads\/2022\/06\/Biografias.jpg\" rel='prettyPhoto[gallery1]'><img loading=\"lazy\" src=\"http:\/\/www.uhu.es\/biblioteca\/labuhardilla\/wp-content\/uploads\/2022\/06\/Biografias.jpg\" alt=\"\" class=\"wp-image-8187\" width=\"612\" height=\"612\" srcset=\"https:\/\/www.uhu.es\/biblioteca\/labuhardilla\/wp-content\/uploads\/2022\/06\/Biografias.jpg 800w, https:\/\/www.uhu.es\/biblioteca\/labuhardilla\/wp-content\/uploads\/2022\/06\/Biografias-300x300.jpg 300w, https:\/\/www.uhu.es\/biblioteca\/labuhardilla\/wp-content\/uploads\/2022\/06\/Biografias-150x150.jpg 150w, https:\/\/www.uhu.es\/biblioteca\/labuhardilla\/wp-content\/uploads\/2022\/06\/Biografias-768x768.jpg 768w, https:\/\/www.uhu.es\/biblioteca\/labuhardilla\/wp-content\/uploads\/2022\/06\/Biografias-85x85.jpg 85w\" sizes=\"(max-width: 612px) 100vw, 612px\" \/><\/a><\/figure><\/div>\n","protected":false},"excerpt":{"rendered":"<p>La presencia de la biblioteca en redes sociales nos permite ayudar a nuestra comunidad universitaria a acceder a nuevos servicios y tambi\u00e9n a mejorar su calidad de vida. Y qu\u00e9 duda cabe de que la pr\u00e1ctica de la lectura es un indicador de bienestar f\u00edsico y crecimiento intelectual. Con el esp\u00edritu colaborativo que nos permiten&nbsp;<span class=\"excerpt_more\"><a href=\"https:\/\/www.uhu.es\/biblioteca\/labuhardilla\/?p=8148\">[Seguir leyendo&#8230;]<\/a><\/span><\/p>\n","protected":false},"author":2,"featured_media":8150,"comment_status":"open","ping_status":"open","sticky":true,"template":"","format":"standard","meta":{"_s2mail":"yes"},"categories":[3,6],"tags":[346,110,151,345,216,59],"_links":{"self":[{"href":"https:\/\/www.uhu.es\/biblioteca\/labuhardilla\/index.php?rest_route=\/wp\/v2\/posts\/8148"}],"collection":[{"href":"https:\/\/www.uhu.es\/biblioteca\/labuhardilla\/index.php?rest_route=\/wp\/v2\/posts"}],"about":[{"href":"https:\/\/www.uhu.es\/biblioteca\/labuhardilla\/index.php?rest_route=\/wp\/v2\/types\/post"}],"author":[{"embeddable":true,"href":"https:\/\/www.uhu.es\/biblioteca\/labuhardilla\/index.php?rest_route=\/wp\/v2\/users\/2"}],"replies":[{"embeddable":true,"href":"https:\/\/www.uhu.es\/biblioteca\/labuhardilla\/index.php?rest_route=%2Fwp%2Fv2%2Fcomments&post=8148"}],"version-history":[{"count":28,"href":"https:\/\/www.uhu.es\/biblioteca\/labuhardilla\/index.php?rest_route=\/wp\/v2\/posts\/8148\/revisions"}],"predecessor-version":[{"id":8214,"href":"https:\/\/www.uhu.es\/biblioteca\/labuhardilla\/index.php?rest_route=\/wp\/v2\/posts\/8148\/revisions\/8214"}],"wp:featuredmedia":[{"embeddable":true,"href":"https:\/\/www.uhu.es\/biblioteca\/labuhardilla\/index.php?rest_route=\/wp\/v2\/media\/8150"}],"wp:attachment":[{"href":"https:\/\/www.uhu.es\/biblioteca\/labuhardilla\/index.php?rest_route=%2Fwp%2Fv2%2Fmedia&parent=8148"}],"wp:term":[{"taxonomy":"category","embeddable":true,"href":"https:\/\/www.uhu.es\/biblioteca\/labuhardilla\/index.php?rest_route=%2Fwp%2Fv2%2Fcategories&post=8148"},{"taxonomy":"post_tag","embeddable":true,"href":"https:\/\/www.uhu.es\/biblioteca\/labuhardilla\/index.php?rest_route=%2Fwp%2Fv2%2Ftags&post=8148"}],"curies":[{"name":"wp","href":"https:\/\/api.w.org\/{rel}","templated":true}]}}