{"id":8278,"date":"2022-10-19T06:35:04","date_gmt":"2022-10-19T06:35:04","guid":{"rendered":"http:\/\/www.uhu.es\/biblioteca\/labuhardilla\/?p=8278"},"modified":"2022-10-19T07:45:05","modified_gmt":"2022-10-19T07:45:05","slug":"fondo-uberto-stabile","status":"publish","type":"post","link":"https:\/\/www.uhu.es\/biblioteca\/labuhardilla\/?p=8278","title":{"rendered":"Fondo Uberto Stabile"},"content":{"rendered":"\n<div class=\"wp-block-media-text alignwide is-stacked-on-mobile\" style=\"grid-template-columns:38% auto\"><figure class=\"wp-block-media-text__media\"><img loading=\"lazy\" width=\"252\" height=\"206\" src=\"http:\/\/www.uhu.es\/biblioteca\/labuhardilla\/wp-content\/uploads\/2022\/10\/icono-fondo-uberto.png\" alt=\"\" class=\"wp-image-8279 size-full\"\/><\/figure><div class=\"wp-block-media-text__content\">\n<p class=\"has-light-green-cyan-background-color has-background\" style=\"font-size:16px\">El\u00a0<strong><a rel=\"noreferrer noopener\" href=\"https:\/\/columbus.uhu.es\/discovery\/collectionDiscovery?vid=34CBUA_UHU:VU1&amp;collectionId=81169678710004993\" target=\"_blank\">Fondo Uberto Stabile<\/a><\/strong>\u00a0es fruto de la cesi\u00f3n realizada por su propietario a la Universidad de Huelva en 2017. Recoge un important\u00edsimo material bibliogr\u00e1fico, vivo y en crecimiento, que el propio Stabile ha ido recopilando a lo largo de su actividad como poeta, periodista, cr\u00edtico, traductor y dinamizador cultural en Valencia, Madrid, Roma, Alicante, Bolonia y Huelva.<\/p>\n<\/div><\/div>\n\n\n\n<p style=\"font-size:16px\">La BUH est\u00e1 realizando las tareas de catalogaci\u00f3n y puesta a disposici\u00f3n de los datos bibliogr\u00e1ficos y la localizaci\u00f3n de dichos documentos. Desde nuestro <a href=\"https:\/\/columbus.uhu.es\/discovery\/search?vid=34CBUA_UHU:VU1\">cat\u00e1logo Columbus<\/a> encontramos un apartado en la parte superior: <a href=\"https:\/\/columbus.uhu.es\/discovery\/collectionDiscovery?vid=34CBUA_UHU:VU1\" target=\"_blank\" rel=\"noreferrer noopener\">\u201c<strong>Colecciones<\/strong>\u201d<\/a> donde se encuentra la colecci\u00f3n de este fondo.<\/p>\n\n\n\n<figure class=\"wp-block-image size-large\"><a href=\"http:\/\/www.uhu.es\/biblioteca\/labuhardilla\/wp-content\/uploads\/2022\/10\/colecciones.jpg\" rel='prettyPhoto[gallery1]'><img loading=\"lazy\" width=\"1024\" height=\"625\" src=\"http:\/\/www.uhu.es\/biblioteca\/labuhardilla\/wp-content\/uploads\/2022\/10\/colecciones-1024x625.jpg\" alt=\"\" class=\"wp-image-8281\" srcset=\"https:\/\/www.uhu.es\/biblioteca\/labuhardilla\/wp-content\/uploads\/2022\/10\/colecciones-1024x625.jpg 1024w, https:\/\/www.uhu.es\/biblioteca\/labuhardilla\/wp-content\/uploads\/2022\/10\/colecciones-300x183.jpg 300w, https:\/\/www.uhu.es\/biblioteca\/labuhardilla\/wp-content\/uploads\/2022\/10\/colecciones-768x469.jpg 768w, https:\/\/www.uhu.es\/biblioteca\/labuhardilla\/wp-content\/uploads\/2022\/10\/colecciones.jpg 1207w\" sizes=\"(max-width: 1024px) 100vw, 1024px\" \/><\/a><\/figure>\n\n\n\n<p style=\"font-size:16px\">Esta colecci\u00f3n, de momento, est\u00e1 dividida en \u201c<strong>Revistas\u201d y \u201cLibros<\/strong>\u201d, puesto que es el material con su an\u00e1lisis documental completo.<\/p>\n\n\n\n<figure class=\"wp-block-image size-full is-resized\"><a href=\"http:\/\/www.uhu.es\/biblioteca\/labuhardilla\/wp-content\/uploads\/2022\/10\/contej.jpg\" rel='prettyPhoto[gallery1]'><img loading=\"lazy\" src=\"http:\/\/www.uhu.es\/biblioteca\/labuhardilla\/wp-content\/uploads\/2022\/10\/contej.jpg\" alt=\"\" class=\"wp-image-8282\" width=\"426\" height=\"319\" srcset=\"https:\/\/www.uhu.es\/biblioteca\/labuhardilla\/wp-content\/uploads\/2022\/10\/contej.jpg 883w, https:\/\/www.uhu.es\/biblioteca\/labuhardilla\/wp-content\/uploads\/2022\/10\/contej-300x225.jpg 300w, https:\/\/www.uhu.es\/biblioteca\/labuhardilla\/wp-content\/uploads\/2022\/10\/contej-768x577.jpg 768w\" sizes=\"(max-width: 426px) 100vw, 426px\" \/><\/a><\/figure>\n\n\n\n<div class=\"wp-block-media-text alignwide has-media-on-the-right is-stacked-on-mobile\"><figure class=\"wp-block-media-text__media\"><img loading=\"lazy\" width=\"850\" height=\"638\" src=\"http:\/\/www.uhu.es\/biblioteca\/labuhardilla\/wp-content\/uploads\/2022\/10\/bot.jpg\" alt=\"\" class=\"wp-image-8283 size-full\" srcset=\"https:\/\/www.uhu.es\/biblioteca\/labuhardilla\/wp-content\/uploads\/2022\/10\/bot.jpg 850w, https:\/\/www.uhu.es\/biblioteca\/labuhardilla\/wp-content\/uploads\/2022\/10\/bot-300x225.jpg 300w, https:\/\/www.uhu.es\/biblioteca\/labuhardilla\/wp-content\/uploads\/2022\/10\/bot-768x576.jpg 768w\" sizes=\"(max-width: 850px) 100vw, 850px\" \/><\/figure><div class=\"wp-block-media-text__content\">\n<p style=\"font-size:16px\">Sin embargo, el fondo cuenta con una gran variedad de materiales especiales: \u201cobjetos\u201d, \u201c<strong>poes\u00eda visual<\/strong>\u201d. Pr\u00f3ximamente ser\u00e1n catalogados y tendr\u00e1n su descripci\u00f3n para que puedan ser consultados de igual manera.<\/p>\n<\/div><\/div>\n\n\n\n<p style=\"font-size:16px\">Si eres alumno, profesor o investigador, puede interesarte mucho. Puedes visitarlo siempre que quieras. Ning\u00fan material (ni especial ni bibliogr\u00e1fico) puede salir de su dep\u00f3sito, que est\u00e1 en la Facultad de Humanidades, en el Centro de Investigaci\u00f3n en Patrimonio Hist\u00f3rico, Cultural y Natural (CIPHCN), pero, dentro de \u00e9l, es todo tuyo.<\/p>\n\n\n\n<p style=\"font-size:16px\">\u00a1Te esperamos!<\/p>\n","protected":false},"excerpt":{"rendered":"<p>El\u00a0Fondo Uberto Stabile\u00a0es fruto de la cesi\u00f3n realizada por su propietario a la Universidad de Huelva en 2017. Recoge un important\u00edsimo material bibliogr\u00e1fico, vivo y en crecimiento, que el propio Stabile ha ido recopilando a lo largo de su actividad como poeta, periodista, cr\u00edtico, traductor y dinamizador cultural en Valencia, Madrid, Roma, Alicante, Bolonia y&nbsp;<span class=\"excerpt_more\"><a href=\"https:\/\/www.uhu.es\/biblioteca\/labuhardilla\/?p=8278\">[Seguir leyendo&#8230;]<\/a><\/span><\/p>\n","protected":false},"author":2,"featured_media":8281,"comment_status":"open","ping_status":"open","sticky":false,"template":"","format":"standard","meta":{"_s2mail":"yes"},"categories":[3,6],"tags":[202,350],"_links":{"self":[{"href":"https:\/\/www.uhu.es\/biblioteca\/labuhardilla\/index.php?rest_route=\/wp\/v2\/posts\/8278"}],"collection":[{"href":"https:\/\/www.uhu.es\/biblioteca\/labuhardilla\/index.php?rest_route=\/wp\/v2\/posts"}],"about":[{"href":"https:\/\/www.uhu.es\/biblioteca\/labuhardilla\/index.php?rest_route=\/wp\/v2\/types\/post"}],"author":[{"embeddable":true,"href":"https:\/\/www.uhu.es\/biblioteca\/labuhardilla\/index.php?rest_route=\/wp\/v2\/users\/2"}],"replies":[{"embeddable":true,"href":"https:\/\/www.uhu.es\/biblioteca\/labuhardilla\/index.php?rest_route=%2Fwp%2Fv2%2Fcomments&post=8278"}],"version-history":[{"count":10,"href":"https:\/\/www.uhu.es\/biblioteca\/labuhardilla\/index.php?rest_route=\/wp\/v2\/posts\/8278\/revisions"}],"predecessor-version":[{"id":8297,"href":"https:\/\/www.uhu.es\/biblioteca\/labuhardilla\/index.php?rest_route=\/wp\/v2\/posts\/8278\/revisions\/8297"}],"wp:featuredmedia":[{"embeddable":true,"href":"https:\/\/www.uhu.es\/biblioteca\/labuhardilla\/index.php?rest_route=\/wp\/v2\/media\/8281"}],"wp:attachment":[{"href":"https:\/\/www.uhu.es\/biblioteca\/labuhardilla\/index.php?rest_route=%2Fwp%2Fv2%2Fmedia&parent=8278"}],"wp:term":[{"taxonomy":"category","embeddable":true,"href":"https:\/\/www.uhu.es\/biblioteca\/labuhardilla\/index.php?rest_route=%2Fwp%2Fv2%2Fcategories&post=8278"},{"taxonomy":"post_tag","embeddable":true,"href":"https:\/\/www.uhu.es\/biblioteca\/labuhardilla\/index.php?rest_route=%2Fwp%2Fv2%2Ftags&post=8278"}],"curies":[{"name":"wp","href":"https:\/\/api.w.org\/{rel}","templated":true}]}}