{"id":8382,"date":"2022-12-15T10:50:13","date_gmt":"2022-12-15T10:50:13","guid":{"rendered":"http:\/\/www.uhu.es\/biblioteca\/labuhardilla\/?p=8382"},"modified":"2023-09-20T07:46:11","modified_gmt":"2023-09-20T07:46:11","slug":"ayre-solidario-nadie-es-ilegal-en-nuestra-casa","status":"publish","type":"post","link":"https:\/\/www.uhu.es\/biblioteca\/labuhardilla\/?p=8382","title":{"rendered":"Ayre Solidario: &#8220;Nadie es ilegal en nuestra casa&#8221;"},"content":{"rendered":"\n<div class=\"wp-block-media-text alignwide is-stacked-on-mobile\" style=\"grid-template-columns:56% auto\"><figure class=\"wp-block-media-text__media\"><img loading=\"lazy\" width=\"487\" height=\"222\" src=\"http:\/\/www.uhu.es\/biblioteca\/labuhardilla\/wp-content\/uploads\/2022\/12\/Ultimo-mercadillo-octubre2022.jpg\" alt=\"\" class=\"wp-image-8383 size-full\" srcset=\"https:\/\/www.uhu.es\/biblioteca\/labuhardilla\/wp-content\/uploads\/2022\/12\/Ultimo-mercadillo-octubre2022.jpg 487w, https:\/\/www.uhu.es\/biblioteca\/labuhardilla\/wp-content\/uploads\/2022\/12\/Ultimo-mercadillo-octubre2022-300x137.jpg 300w\" sizes=\"(max-width: 487px) 100vw, 487px\" \/><\/figure><div class=\"wp-block-media-text__content\">\n<p class=\"has-background\" style=\"background-color:#7ff0c6;font-size:16px\">Una de las muchas caras ocultas que tienen los libros, es la de la Solidaridad. Hoy nos acercamos a <a rel=\"noreferrer noopener\" href=\"https:\/\/asociacionayre.wordpress.com\/\" target=\"_blank\">Ayre Solidario<\/a>, una asociaci\u00f3n sin \u00e1nimo de lucro donde los libros tienen mucho que decir.<\/p>\n<\/div><\/div>\n\n\n\n<p style=\"font-size:16px\">Si te gusta trabajar con libros, tienes tiempo libre y quieres ayudar a los dem\u00e1s, desde <a rel=\"noreferrer noopener\" href=\"https:\/\/guiasbuh.uhu.es\/bibliotecaverde\" target=\"_blank\">Biblioteca verde y sostenible<\/a> te animamos a que leas la experiencia de nuestra compa\u00f1era Inma, que desarrolla con Ayre Solidario su labor altruista, y a quien acudimos para que nos explique de primera mano c\u00f3mo empez\u00f3 su colaboraci\u00f3n, c\u00f3mo es el funcionamiento, qu\u00e9 actividades realizan, y, sobre todo, saber qu\u00e9 podemos hacer entre todos.<\/p>\n\n\n\n<p style=\"font-size:16px\">\u201cMi primer contacto con <a rel=\"noreferrer noopener\" href=\"https:\/\/asociacionayre.wordpress.com\/\" target=\"_blank\">Ayre Solidario<\/a> fue a trav\u00e9s de un amigo. \u00c9l quer\u00eda ir a ayudar a los refugiados sirios que estaban asentados en <a rel=\"noreferrer noopener\" href=\"https:\/\/asociacionayre.wordpress.com\/tag\/idomeni\/\" target=\"_blank\">Idomeni<\/a> (Grecia), a la espera de poder cruzar la frontera para seguir su viaje hacia Europa en 2016. Se reunieron un grupo de personas, la mayor\u00eda sanitarios de diferentes ciudades espa\u00f1olas, dispuestas a echar una mano y crearon la asociaci\u00f3n \u201cAyre (Asociaci\u00f3n de Ayuda al Refugiado)\u201d.<\/p>\n\n\n\n<div class=\"wp-container-69ee1b83ce97d wp-block-group\"><div class=\"wp-block-group__inner-container\">\n<div class=\"wp-block-image is-style-rounded\"><figure class=\"alignleft size-large is-resized\"><a href=\"http:\/\/www.uhu.es\/biblioteca\/labuhardilla\/wp-content\/uploads\/2022\/12\/Idomeni.png\" rel='prettyPhoto[gallery1]'><img loading=\"lazy\" src=\"http:\/\/www.uhu.es\/biblioteca\/labuhardilla\/wp-content\/uploads\/2022\/12\/Idomeni-1024x569.png\" alt=\"\" class=\"wp-image-8384\" width=\"435\" height=\"241\" srcset=\"https:\/\/www.uhu.es\/biblioteca\/labuhardilla\/wp-content\/uploads\/2022\/12\/Idomeni-1024x569.png 1024w, https:\/\/www.uhu.es\/biblioteca\/labuhardilla\/wp-content\/uploads\/2022\/12\/Idomeni-300x167.png 300w, https:\/\/www.uhu.es\/biblioteca\/labuhardilla\/wp-content\/uploads\/2022\/12\/Idomeni-768x427.png 768w, https:\/\/www.uhu.es\/biblioteca\/labuhardilla\/wp-content\/uploads\/2022\/12\/Idomeni.png 1139w\" sizes=\"(max-width: 435px) 100vw, 435px\" \/><\/a><figcaption>Idomeni. Foto extra\u00edda: AsociacionAyreWordpress.com<\/figcaption><\/figure><\/div>\n<\/div><\/div>\n\n\n\n<p style=\"font-size:16px\">En mayo de 2016 el campamento de refugiados de <a rel=\"noreferrer noopener\" href=\"https:\/\/asociacionayre.wordpress.com\/2016\/05\/24\/idomeni-se-queda-despoblado\/\" target=\"_blank\">Idomeni es desalojado<\/a>.\u00a0 Los voluntarios de Ayre vuelven, pero quieren seguir ayudando a las personas que m\u00e1s lo necesitan.<\/p>\n\n\n\n<p style=\"font-size:16px\">En 2017, contactamos con una asociaci\u00f3n llamada <a rel=\"noreferrer noopener\" href=\"https:\/\/www.huelvainformacion.es\/huelva\/Libros-traducen-solidaridad_0_1006099509.html\" target=\"_blank\">Tareas Solidarias<\/a>, que ya llevaba muchos a\u00f1os de voluntariado, y empezamos a colaborar con ellos a trav\u00e9s de <a rel=\"noreferrer noopener\" href=\"https:\/\/m.facebook.com\/people\/Tareas-Solidarias-Huelva\/100066616884002\/\" target=\"_blank\">sus mercadillos de libros solidarios<\/a>, participando en plataformas de sensibilizaci\u00f3n social, mesas redondas, charlas, etc.<\/p>\n\n\n\n<div class=\"wp-block-image\"><figure class=\"alignright size-full is-resized\"><a href=\"http:\/\/www.uhu.es\/biblioteca\/labuhardilla\/wp-content\/uploads\/2022\/12\/cropped-cropped-30712952_1029920790507479_4177082327899308032_n-2-2.jpg\" rel='prettyPhoto[gallery1]'><img loading=\"lazy\" src=\"http:\/\/www.uhu.es\/biblioteca\/labuhardilla\/wp-content\/uploads\/2022\/12\/cropped-cropped-30712952_1029920790507479_4177082327899308032_n-2-2.jpg\" alt=\"\" class=\"wp-image-8388\" width=\"97\" height=\"97\" srcset=\"https:\/\/www.uhu.es\/biblioteca\/labuhardilla\/wp-content\/uploads\/2022\/12\/cropped-cropped-30712952_1029920790507479_4177082327899308032_n-2-2.jpg 120w, https:\/\/www.uhu.es\/biblioteca\/labuhardilla\/wp-content\/uploads\/2022\/12\/cropped-cropped-30712952_1029920790507479_4177082327899308032_n-2-2-85x85.jpg 85w\" sizes=\"(max-width: 97px) 100vw, 97px\" \/><\/a><figcaption>logo Ayre Solidario<\/figcaption><\/figure><\/div>\n\n\n\n<p style=\"font-size:16px\">En 2018, despu\u00e9s de un a\u00f1o de trabajo conjunto, las organizaciones Tareas Solidarias y la Asociaci\u00f3n de Ayuda al Refugiado (AYRE) se unen org\u00e1nicamente y crean una nueva organizaci\u00f3n llamada AYRE SOLIDARIO. <\/p>\n\n\n\n<p style=\"font-size:16px\">A partir de entonces, y ya como Ayre Solidario, hemos participado en varios proyectos, entre ellos la colaboraci\u00f3n con la <a rel=\"noreferrer noopener\" href=\"https:\/\/asociacionayre.wordpress.com\/2018\/04\/16\/de-visita-en-atenas\/\" target=\"_blank\">ONG griega Network\u00a0 for\u00a0 Children\u2019s\u00a0 Rights<\/a> \u2013NCR\u00a0 (Red\u00a0 por\u00a0 los\u00a0 Derechos\u00a0 de\u00a0 la Infancia) y la traducci\u00f3n al espa\u00f1ol del peri\u00f3dico <a rel=\"noreferrer noopener\" href=\"https:\/\/asociacionayre.wordpress.com\/2017\/07\/21\/aves-migratorias\/\" target=\"_blank\">\u201cAves Migratorias\u201d<\/a> creado por j\u00f3venes afganas refugiadas en Grecia, etc. Desde entonces no hemos parado de ayudar.<\/p>\n\n\n\n<p class=\"has-background\" style=\"background-color:#f8f3bd;font-size:16px\">Actualmente colaboramos en un proyecto socioeducativo y de acci\u00f3n humanitaria con ni\u00f1os de la calle de la poblaci\u00f3n <a href=\"https:\/\/asociacionayre.wordpress.com\/2020\/02\/03\/proyecto-en-khemis-anjra-los-ninos-de-la-calle\/\" target=\"_blank\" rel=\"noreferrer noopener\">Khemis Anjra en Marruecos (regi\u00f3n T\u00e1nger-Tetu\u00e1n-Alhucemas).<\/a><\/p>\n\n\n\n<div class=\"wp-block-image\"><figure class=\"alignleft size-full is-resized\"><a href=\"http:\/\/www.uhu.es\/biblioteca\/labuhardilla\/wp-content\/uploads\/2022\/12\/195840097_1960534857446063_6874736499998805768_n-1.png\" rel='prettyPhoto[gallery1]'><img loading=\"lazy\" src=\"http:\/\/www.uhu.es\/biblioteca\/labuhardilla\/wp-content\/uploads\/2022\/12\/195840097_1960534857446063_6874736499998805768_n-1.png\" alt=\"\" class=\"wp-image-8390\" width=\"140\" height=\"143\" srcset=\"https:\/\/www.uhu.es\/biblioteca\/labuhardilla\/wp-content\/uploads\/2022\/12\/195840097_1960534857446063_6874736499998805768_n-1.png 798w, https:\/\/www.uhu.es\/biblioteca\/labuhardilla\/wp-content\/uploads\/2022\/12\/195840097_1960534857446063_6874736499998805768_n-1-294x300.png 294w, https:\/\/www.uhu.es\/biblioteca\/labuhardilla\/wp-content\/uploads\/2022\/12\/195840097_1960534857446063_6874736499998805768_n-1-768x783.png 768w\" sizes=\"(max-width: 140px) 100vw, 140px\" \/><\/a><figcaption>Tienda Online<\/figcaption><\/figure><\/div>\n\n\n\n<p style=\"font-size:16px\">Todo esto es posible gracias a las donaciones de libros que nos llegan a la asociaci\u00f3n y que nosotros vendemos a trav\u00e9s de nuestros mercadillos de libros y a trav\u00e9s de una <a rel=\"noreferrer noopener\" href=\"https:\/\/www.librarything.es\/catalog\/Ayresolidario\" target=\"_blank\">librer\u00eda online<\/a> que creamos durante la pandemia, para as\u00ed poder seguir financiando nuestros proyectos.<\/p>\n\n\n\n<div class=\"wp-block-image\"><figure class=\"alignright size-full is-resized\"><a href=\"http:\/\/www.uhu.es\/biblioteca\/labuhardilla\/wp-content\/uploads\/2022\/12\/Tienda-de-Holea.png\" rel='prettyPhoto[gallery1]'><img loading=\"lazy\" src=\"http:\/\/www.uhu.es\/biblioteca\/labuhardilla\/wp-content\/uploads\/2022\/12\/Tienda-de-Holea.png\" alt=\"\" class=\"wp-image-8387\" width=\"654\" height=\"343\" srcset=\"https:\/\/www.uhu.es\/biblioteca\/labuhardilla\/wp-content\/uploads\/2022\/12\/Tienda-de-Holea.png 642w, https:\/\/www.uhu.es\/biblioteca\/labuhardilla\/wp-content\/uploads\/2022\/12\/Tienda-de-Holea-300x157.png 300w\" sizes=\"(max-width: 654px) 100vw, 654px\" \/><\/a><figcaption>Tienda en el Holea. Foto: AsociacionAyreWordpress.com<\/figcaption><\/figure><\/div>\n\n\n\n<p style=\"font-size:16px\">Mi colaboraci\u00f3n con esta asociaci\u00f3n es la gesti\u00f3n de las redes sociales que se crearon para dar a conocer la asociaci\u00f3n, difundiendo nuestras actividades, adem\u00e1s de colaborar en mercadillos, vender libros en la tienda de Holea, etc. <\/p>\n\n\n\n<p class=\"has-background\" style=\"background-color:#f8f3bd;font-size:16px\">Echamos de menos la colaboraci\u00f3n de gente joven para los mercadillos y las tiendas, tanto para la de Holea como para la de Santa Marta. Si alguien est\u00e1 dispuesto a echarnos una mano, estaremos encantados de recibirlo.<\/p>\n\n\n\n<figure class=\"wp-block-embed is-type-video is-provider-youtube wp-block-embed-youtube wp-embed-aspect-16-9 wp-has-aspect-ratio\"><div class=\"wp-block-embed__wrapper\">\n<iframe loading=\"lazy\" title=\"Librer\u00eda de la ONG \u201cAyre Solidario\u201d en Huelva\" width=\"500\" height=\"281\" src=\"https:\/\/www.youtube.com\/embed\/RTSSOaV32Fg?feature=oembed\" frameborder=\"0\" allow=\"accelerometer; autoplay; clipboard-write; encrypted-media; gyroscope; picture-in-picture\" allowfullscreen><\/iframe>\n<\/div><figcaption>Programa Solidarios. Canal Sur<\/figcaption><\/figure>\n\n\n\n<p style=\"font-size:16px\">Estas son nuestras redes sociales:<\/p>\n\n\n\n<p style=\"font-size:16px\"><a href=\"https:\/\/www.facebook.com\/Ayre2016\" target=\"_blank\" rel=\"noreferrer noopener\">Facebook<\/a>: <a href=\"https:\/\/www.facebook.com\/Ayre2016\" target=\"_blank\" rel=\"noreferrer noopener\">https:\/\/www.facebook.com\/Ayre2016<\/a><\/p>\n\n\n\n<p style=\"font-size:16px\"><a href=\"https:\/\/www.instagram.com\/ayresolidario\/\" target=\"_blank\" rel=\"noreferrer noopener\">Instagram<\/a>: <a href=\"https:\/\/www.instagram.com\/ayresolidario\/\" target=\"_blank\" rel=\"noreferrer noopener\">https:\/\/www.instagram.com\/ayresolidario\/<\/a><\/p>\n\n\n\n<p style=\"font-size:16px\"><a href=\"https:\/\/asociacionayre.wordpress.com\/\" target=\"_blank\" rel=\"noreferrer noopener\">Blog de Ayre<\/a>: <a href=\"https:\/\/asociacionayre.wordpress.com\/\" target=\"_blank\" rel=\"noreferrer noopener\">https:\/\/asociacionayre.wordpress.com\/<\/a><\/p>\n\n\n\n<p style=\"font-size:16px\"><a href=\"https:\/\/twitter.com\/ayresolidario\" target=\"_blank\" rel=\"noreferrer noopener\">Twitter<\/a>: <a href=\"https:\/\/twitter.com\/ayresolidario\" target=\"_blank\" rel=\"noreferrer noopener\">https:\/\/twitter.com\/ayresolidario<\/a><\/p>\n\n\n\n<p style=\"font-size:16px\"><a href=\"mailto:asociacionayre@gmail.com\" target=\"_blank\" rel=\"noreferrer noopener\">Contacto e-mail<\/a><\/p>\n\n\n\n<p style=\"font-size:16px\"><a href=\"mailto:ayreasociacion@gmail.com\" target=\"_blank\" rel=\"noreferrer noopener\">ayreasociacion@gmail.com<\/a><\/p>\n\n\n\n<p style=\"font-size:16px\"><a href=\"mailto:asociacionayre@gmail.com\" target=\"_blank\" rel=\"noreferrer noopener\">asociacionayre@gmail.com<\/a><\/p>\n\n\n\n<p style=\"font-size:16px\"><a href=\"mailto:ayrelibros@gmail.com\" target=\"_blank\" rel=\"noreferrer noopener\">Petici\u00f3n de libros<\/a>: <a href=\"mailto:ayrelibros@gmail.com\" target=\"_blank\" rel=\"noreferrer noopener\">ayrelibros@gmail.com<\/a><\/p>\n\n\n\n<p style=\"font-size:16px\">M\u00e1s info.:<\/p>\n\n\n\n<p style=\"font-size:16px\"><a href=\"https:\/\/www.huelvainformacion.es\/huelva\/Tareas-Solidarias-realiza-voluntariado-Tanger_0_1046895694.html\" target=\"_blank\" rel=\"noreferrer noopener\">Tareas solidarias<\/a>: <a href=\"https:\/\/www.huelvainformacion.es\/huelva\/Tareas-Solidarias-realiza-voluntariado-Tanger_0_1046895694.html\" target=\"_blank\" rel=\"noreferrer noopener\">https:\/\/www.huelvainformacion.es\/huelva\/Tareas-Solidarias-realiza-voluntariado-Tanger_0_1046895694.html<\/a><\/p>\n\n\n\n<p style=\"font-size:16px\"><a href=\"https:\/\/huelvabuenasnoticias.com\/2021\/08\/24\/la-libreria-online-de-ayre-solidario-supera-los-5-000-titulos\/\" target=\"_blank\" rel=\"noreferrer noopener\">Huelva Buenas Noticias<\/a> <a href=\"https:\/\/huelvabuenasnoticias.com\/2021\/08\/24\/la-libreria-online-de-ayre-solidario-supera-los-5-000-titulos\/\" target=\"_blank\" rel=\"noreferrer noopener\">https:\/\/huelvabuenasnoticias.com\/2021\/08\/24\/la-libreria-online-de-ayre-solidario-supera-los-5-000-titulos\/<\/a><\/p>\n\n\n\n<p class=\"has-background\" style=\"background-color:#f35252;font-size:16px\">Por estas cosas que nos cuenta y muchas otras m\u00e1s sentimos que Inma es un pilar importante all\u00e1 donde va. Un lugar en el que apoyarse y un espejo para mirarse. Una persona de quien la Biblioteca Universitaria se siente orgullosa y a quien se echar\u00e1 de menos. <\/p>\n\n\n\n<p class=\"has-background\" style=\"background-color:#f35252;font-size:16px\">Ha sido muy divertido darle forma a las ideas contigo y confirmar que la entrada est\u00e1 lista para publicar con el c\u00f3digo <strong>\u201cdale al bot\u00f3n rojo\u201d.<\/strong><\/p>\n\n\n\n<p class=\"has-background\" style=\"background-color:#f35252;font-size:16px\">Gracias Inma por tu labor dentro y fuera de la Biblioteca.<\/p>\n","protected":false},"excerpt":{"rendered":"<p>Una de las muchas caras ocultas que tienen los libros, es la de la Solidaridad. Hoy nos acercamos a Ayre Solidario, una asociaci\u00f3n sin \u00e1nimo de lucro donde los libros tienen mucho que decir. Si te gusta trabajar con libros, tienes tiempo libre y quieres ayudar a los dem\u00e1s, desde Biblioteca verde y sostenible te&nbsp;<span class=\"excerpt_more\"><a href=\"https:\/\/www.uhu.es\/biblioteca\/labuhardilla\/?p=8382\">[Seguir leyendo&#8230;]<\/a><\/span><\/p>\n","protected":false},"author":1,"featured_media":0,"comment_status":"open","ping_status":"open","sticky":false,"template":"","format":"standard","meta":{"_s2mail":"yes"},"categories":[5],"tags":[352,36,56,354,353],"_links":{"self":[{"href":"https:\/\/www.uhu.es\/biblioteca\/labuhardilla\/index.php?rest_route=\/wp\/v2\/posts\/8382"}],"collection":[{"href":"https:\/\/www.uhu.es\/biblioteca\/labuhardilla\/index.php?rest_route=\/wp\/v2\/posts"}],"about":[{"href":"https:\/\/www.uhu.es\/biblioteca\/labuhardilla\/index.php?rest_route=\/wp\/v2\/types\/post"}],"author":[{"embeddable":true,"href":"https:\/\/www.uhu.es\/biblioteca\/labuhardilla\/index.php?rest_route=\/wp\/v2\/users\/1"}],"replies":[{"embeddable":true,"href":"https:\/\/www.uhu.es\/biblioteca\/labuhardilla\/index.php?rest_route=%2Fwp%2Fv2%2Fcomments&post=8382"}],"version-history":[{"count":7,"href":"https:\/\/www.uhu.es\/biblioteca\/labuhardilla\/index.php?rest_route=\/wp\/v2\/posts\/8382\/revisions"}],"predecessor-version":[{"id":8397,"href":"https:\/\/www.uhu.es\/biblioteca\/labuhardilla\/index.php?rest_route=\/wp\/v2\/posts\/8382\/revisions\/8397"}],"wp:attachment":[{"href":"https:\/\/www.uhu.es\/biblioteca\/labuhardilla\/index.php?rest_route=%2Fwp%2Fv2%2Fmedia&parent=8382"}],"wp:term":[{"taxonomy":"category","embeddable":true,"href":"https:\/\/www.uhu.es\/biblioteca\/labuhardilla\/index.php?rest_route=%2Fwp%2Fv2%2Fcategories&post=8382"},{"taxonomy":"post_tag","embeddable":true,"href":"https:\/\/www.uhu.es\/biblioteca\/labuhardilla\/index.php?rest_route=%2Fwp%2Fv2%2Ftags&post=8382"}],"curies":[{"name":"wp","href":"https:\/\/api.w.org\/{rel}","templated":true}]}}