{"id":8435,"date":"2023-02-07T12:39:55","date_gmt":"2023-02-07T12:39:55","guid":{"rendered":"http:\/\/www.uhu.es\/biblioteca\/labuhardilla\/?p=8435"},"modified":"2023-09-20T07:45:16","modified_gmt":"2023-09-20T07:45:16","slug":"las-hadas-modernas-un-cuento-sobre-la-mujer-y-la-nina-en-la-ciencia","status":"publish","type":"post","link":"https:\/\/www.uhu.es\/biblioteca\/labuhardilla\/?p=8435","title":{"rendered":"&#8220;Las hadas modernas&#8221;: un cuento sobre la mujer y la ni\u00f1a en la ciencia"},"content":{"rendered":"\n<p class=\"has-background\" style=\"background-color:#ffd5e0;font-size:16px\">\u00bfExisten las hadas? \u00bfQui\u00e9nes son para ti esos seres fant\u00e1sticos con forma de mujer y poderes m\u00e1gicos?<\/p>\n\n\n\n<p style=\"font-size:16px\">En 1922 una maestra, Mar\u00eda Carbonell, imagin\u00f3 este cuento para ni\u00f1as &#8220;sin excepci\u00f3n de clases, edades ni condiciones&#8221;, se trata de <strong>Las hadas modernas<\/strong>. En \u00e9l nos relata&#8230;<br>Pero, \u00bf c\u00f3mo podr\u00eda resumir todo lo que relata este cuento tan sugerente y de tanta actualidad?&nbsp; Disponible para todo el mundo en la web de la&nbsp;<a rel=\"noreferrer noopener\" href=\"http:\/\/bdh-rd.bne.es\/viewer.vm?id=0000236656&amp;page=1\" target=\"_blank\">Biblioteca Nacional<\/a>&nbsp;es mejor que descubras t\u00fa toda la pertinencia y la belleza que posee. <\/p>\n\n\n\n<div class=\"wp-block-columns alignwide\">\n<div class=\"wp-block-column\" style=\"flex-basis:50%\">\n<figure class=\"wp-block-image size-large is-style-default\"><a href=\"http:\/\/www.uhu.es\/biblioteca\/labuhardilla\/wp-content\/uploads\/2023\/02\/las-hadas-modernas-1.png\" rel='prettyPhoto[gallery1]'><img loading=\"lazy\" width=\"724\" height=\"1024\" src=\"http:\/\/www.uhu.es\/biblioteca\/labuhardilla\/wp-content\/uploads\/2023\/02\/las-hadas-modernas-1-724x1024.png\" alt=\"\" class=\"wp-image-8439\" srcset=\"https:\/\/www.uhu.es\/biblioteca\/labuhardilla\/wp-content\/uploads\/2023\/02\/las-hadas-modernas-1-724x1024.png 724w, https:\/\/www.uhu.es\/biblioteca\/labuhardilla\/wp-content\/uploads\/2023\/02\/las-hadas-modernas-1-212x300.png 212w, https:\/\/www.uhu.es\/biblioteca\/labuhardilla\/wp-content\/uploads\/2023\/02\/las-hadas-modernas-1-768x1086.png 768w, https:\/\/www.uhu.es\/biblioteca\/labuhardilla\/wp-content\/uploads\/2023\/02\/las-hadas-modernas-1-1086x1536.png 1086w, https:\/\/www.uhu.es\/biblioteca\/labuhardilla\/wp-content\/uploads\/2023\/02\/las-hadas-modernas-1.png 1414w\" sizes=\"(max-width: 724px) 100vw, 724px\" \/><\/a><\/figure>\n<\/div>\n\n\n\n<div class=\"wp-block-column\" style=\"flex-basis:50%\">\n<p class=\"has-white-background-color has-background\" style=\"font-size:16px\">M\u00e1s de un siglo despu\u00e9s sigue siendo v\u00e1lido su consejo: &#8220;Lucha, trabaja, inventa, y no olvides que los ensue\u00f1os de los humanos han de labrarse con materiales de la realidad&#8221;.&nbsp;<\/p>\n\n\n\n<p class=\"has-background\" style=\"background-color:#ceeafc;font-size:16px\">M\u00e1s de de un siglo despu\u00e9s podemos seguir diciendo que &#8220;las hadas modernas, realizadoras de prodigios, han cambiado de nombre y se llaman Ciencias.&#8221;<\/p>\n\n\n\n<p class=\"has-white-background-color has-background\" style=\"font-size:16px\">M\u00e1s de un siglo despu\u00e9s nos admira el \u00e9nfasis prodigioso de la autora.<\/p>\n\n\n\n<figure class=\"wp-block-image size-full is-resized is-style-default\"><a href=\"http:\/\/www.uhu.es\/biblioteca\/labuhardilla\/wp-content\/uploads\/2023\/02\/maria-carbonell-retrato.png\" rel='prettyPhoto[gallery1]'><img loading=\"lazy\" src=\"http:\/\/www.uhu.es\/biblioteca\/labuhardilla\/wp-content\/uploads\/2023\/02\/maria-carbonell-retrato.png\" alt=\"\" class=\"wp-image-8440\" width=\"188\" height=\"188\" srcset=\"https:\/\/www.uhu.es\/biblioteca\/labuhardilla\/wp-content\/uploads\/2023\/02\/maria-carbonell-retrato.png 263w, https:\/\/www.uhu.es\/biblioteca\/labuhardilla\/wp-content\/uploads\/2023\/02\/maria-carbonell-retrato-150x150.png 150w, https:\/\/www.uhu.es\/biblioteca\/labuhardilla\/wp-content\/uploads\/2023\/02\/maria-carbonell-retrato-85x85.png 85w\" sizes=\"(max-width: 188px) 100vw, 188px\" \/><\/a><figcaption>Mar\u00eda Carbonell. Foto: BNE<\/figcaption><\/figure>\n<\/div>\n<\/div>\n\n\n\n<p style=\"font-size:16px\">El m\u00e1gico misterio de la vida, del universo, de la materia, de la mente laten esperando que seas t\u00fa quien busque respuestas.<\/p>\n\n\n\n<p class=\"has-background\" style=\"background-color:#ffc3d2;font-size:16px\">Y t\u00fa \u00bfconoces alg\u00fan hada moderna o has pensado convertirte en una de ellas?&nbsp;<\/p>\n\n\n\n<p style=\"font-size:16px\">Si es as\u00ed, si eres t\u00fa ese hada moderna, no dejes de compartirlo con nosotros a trav\u00e9s de nuestras redes. Nos interesa saber cu\u00e1les fueron tus referentes. \u00a1Te esperamos!<\/p>\n\n\n\n<figure class=\"wp-block-audio\"><audio controls src=\"http:\/\/www.uhu.es\/biblioteca\/labuhardilla\/wp-content\/uploads\/2023\/02\/LAS-HADAS-MODERNAS.mp3\"><\/audio><\/figure>\n","protected":false},"excerpt":{"rendered":"<p>\u00bfExisten las hadas? \u00bfQui\u00e9nes son para ti esos seres fant\u00e1sticos con forma de mujer y poderes m\u00e1gicos? En 1922 una maestra, Mar\u00eda Carbonell, imagin\u00f3 este cuento para ni\u00f1as &#8220;sin excepci\u00f3n de clases, edades ni condiciones&#8221;, se trata de Las hadas modernas. En \u00e9l nos relata&#8230;Pero, \u00bf c\u00f3mo podr\u00eda resumir todo lo que relata este cuento&nbsp;<span class=\"excerpt_more\"><a href=\"https:\/\/www.uhu.es\/biblioteca\/labuhardilla\/?p=8435\">[Seguir leyendo&#8230;]<\/a><\/span><\/p>\n","protected":false},"author":1,"featured_media":8439,"comment_status":"open","ping_status":"open","sticky":false,"template":"","format":"standard","meta":{"_s2mail":"yes"},"categories":[5],"tags":[26,327,130],"_links":{"self":[{"href":"https:\/\/www.uhu.es\/biblioteca\/labuhardilla\/index.php?rest_route=\/wp\/v2\/posts\/8435"}],"collection":[{"href":"https:\/\/www.uhu.es\/biblioteca\/labuhardilla\/index.php?rest_route=\/wp\/v2\/posts"}],"about":[{"href":"https:\/\/www.uhu.es\/biblioteca\/labuhardilla\/index.php?rest_route=\/wp\/v2\/types\/post"}],"author":[{"embeddable":true,"href":"https:\/\/www.uhu.es\/biblioteca\/labuhardilla\/index.php?rest_route=\/wp\/v2\/users\/1"}],"replies":[{"embeddable":true,"href":"https:\/\/www.uhu.es\/biblioteca\/labuhardilla\/index.php?rest_route=%2Fwp%2Fv2%2Fcomments&post=8435"}],"version-history":[{"count":5,"href":"https:\/\/www.uhu.es\/biblioteca\/labuhardilla\/index.php?rest_route=\/wp\/v2\/posts\/8435\/revisions"}],"predecessor-version":[{"id":8444,"href":"https:\/\/www.uhu.es\/biblioteca\/labuhardilla\/index.php?rest_route=\/wp\/v2\/posts\/8435\/revisions\/8444"}],"wp:featuredmedia":[{"embeddable":true,"href":"https:\/\/www.uhu.es\/biblioteca\/labuhardilla\/index.php?rest_route=\/wp\/v2\/media\/8439"}],"wp:attachment":[{"href":"https:\/\/www.uhu.es\/biblioteca\/labuhardilla\/index.php?rest_route=%2Fwp%2Fv2%2Fmedia&parent=8435"}],"wp:term":[{"taxonomy":"category","embeddable":true,"href":"https:\/\/www.uhu.es\/biblioteca\/labuhardilla\/index.php?rest_route=%2Fwp%2Fv2%2Fcategories&post=8435"},{"taxonomy":"post_tag","embeddable":true,"href":"https:\/\/www.uhu.es\/biblioteca\/labuhardilla\/index.php?rest_route=%2Fwp%2Fv2%2Ftags&post=8435"}],"curies":[{"name":"wp","href":"https:\/\/api.w.org\/{rel}","templated":true}]}}