{"id":8471,"date":"2023-05-15T07:40:30","date_gmt":"2023-05-15T07:40:30","guid":{"rendered":"http:\/\/www.uhu.es\/biblioteca\/labuhardilla\/?p=8471"},"modified":"2023-09-20T07:44:26","modified_gmt":"2023-09-20T07:44:26","slug":"hoy-es-un-buen-dia","status":"publish","type":"post","link":"https:\/\/www.uhu.es\/biblioteca\/labuhardilla\/?p=8471","title":{"rendered":"Hoy es un buen d\u00eda"},"content":{"rendered":"\n<p style=\"font-size:16px\">Aunque hoy no sea el D\u00eda del Libro, hoy, y cada d\u00eda es un buen d\u00eda para cuidar del libro. Grandes o peque\u00f1os, lujosos o humildes son la maleta donde guardamos el saber y la transportamos para llevarla a cualquier parte. No necesita enchufes ni bater\u00edas, ni trae manual de instrucciones,&#8230; pero lleva milenios acompa\u00f1ando al ser humano, susurr\u00e1ndole al o\u00eddo los pensamientos de otro ser. <\/p>\n\n\n\n<div class=\"wp-container-69edce5d7bc6e wp-block-group\"><div class=\"wp-block-group__inner-container\">\n<div class=\"wp-block-media-text alignwide\" style=\"grid-template-columns:31% auto\"><figure class=\"wp-block-media-text__media\"><img loading=\"lazy\" width=\"180\" height=\"266\" src=\"http:\/\/www.uhu.es\/biblioteca\/labuhardilla\/wp-content\/uploads\/2023\/05\/51qZJqyLTFL._SY264_BO1204203200_QL40_ML2_.jpg\" alt=\"El infinito en un Junco. Portada\" class=\"wp-image-8473 size-full\"\/><\/figure><div class=\"wp-block-media-text__content\">\n<p style=\"font-size:16px\"> Irene Vallejo, rescata en su obra &#8220;El infinito en un junco&#8221; la opini\u00f3n de Umberto Eco sobre el libro , ese objeto perfecto, que \u201cpertenece a la misma categor\u00eda que la cuchara, el martillo, la rueda o las tijeras. Una vez inventados, no se puede hacer nada mejor.\u201d<\/p>\n\n\n\n<p> <\/p>\n<\/div><\/div>\n<\/div><\/div>\n\n\n\n<div class=\"wp-block-media-text alignwide has-media-on-the-right is-stacked-on-mobile\" style=\"grid-template-columns:auto 29%\"><figure class=\"wp-block-media-text__media\"><img loading=\"lazy\" width=\"768\" height=\"1024\" src=\"http:\/\/www.uhu.es\/biblioteca\/labuhardilla\/wp-content\/uploads\/2023\/05\/IMG20230511094918-768x1024.jpg\" alt=\"\" class=\"wp-image-8474 size-full\" srcset=\"https:\/\/www.uhu.es\/biblioteca\/labuhardilla\/wp-content\/uploads\/2023\/05\/IMG20230511094918-768x1024.jpg 768w, https:\/\/www.uhu.es\/biblioteca\/labuhardilla\/wp-content\/uploads\/2023\/05\/IMG20230511094918-225x300.jpg 225w, https:\/\/www.uhu.es\/biblioteca\/labuhardilla\/wp-content\/uploads\/2023\/05\/IMG20230511094918-1152x1536.jpg 1152w, https:\/\/www.uhu.es\/biblioteca\/labuhardilla\/wp-content\/uploads\/2023\/05\/IMG20230511094918-1536x2048.jpg 1536w, https:\/\/www.uhu.es\/biblioteca\/labuhardilla\/wp-content\/uploads\/2023\/05\/IMG20230511094918-scaled.jpg 1920w\" sizes=\"(max-width: 768px) 100vw, 768px\" \/><\/figure><div class=\"wp-block-media-text__content\">\n<p style=\"font-size:16px\">Aprender a cuidar los libros es reconocer la val\u00eda de este invento. No se trata de un objeto de usar y tirar, sino de conocimientos que pueden llegar a mucha gente, si es cuidado. <\/p>\n\n\n\n<p style=\"font-size:16px\">Recuerda: si lo cuidas, \u00e9l cuida de ti. <\/p>\n\n\n\n<p style=\"font-size:16px\">Por todo ello y mucho m\u00e1s, cuidar los libros es m\u00e1s que una obligaci\u00f3n, una vocaci\u00f3n a la que volvemos cada d\u00eda con entusiasmo.<\/p>\n\n\n\n<p><\/p>\n<\/div><\/div>\n","protected":false},"excerpt":{"rendered":"<p>Aunque hoy no sea el D\u00eda del Libro, hoy, y cada d\u00eda es un buen d\u00eda para cuidar del libro. Grandes o peque\u00f1os, lujosos o humildes son la maleta donde guardamos el saber y la transportamos para llevarla a cualquier parte. No necesita enchufes ni bater\u00edas, ni trae manual de instrucciones,&#8230; pero lleva milenios acompa\u00f1ando&nbsp;<span class=\"excerpt_more\"><a href=\"https:\/\/www.uhu.es\/biblioteca\/labuhardilla\/?p=8471\">[Seguir leyendo&#8230;]<\/a><\/span><\/p>\n","protected":false},"author":1,"featured_media":0,"comment_status":"open","ping_status":"open","sticky":false,"template":"","format":"standard","meta":{"_s2mail":"yes"},"categories":[5],"tags":[46,259],"_links":{"self":[{"href":"https:\/\/www.uhu.es\/biblioteca\/labuhardilla\/index.php?rest_route=\/wp\/v2\/posts\/8471"}],"collection":[{"href":"https:\/\/www.uhu.es\/biblioteca\/labuhardilla\/index.php?rest_route=\/wp\/v2\/posts"}],"about":[{"href":"https:\/\/www.uhu.es\/biblioteca\/labuhardilla\/index.php?rest_route=\/wp\/v2\/types\/post"}],"author":[{"embeddable":true,"href":"https:\/\/www.uhu.es\/biblioteca\/labuhardilla\/index.php?rest_route=\/wp\/v2\/users\/1"}],"replies":[{"embeddable":true,"href":"https:\/\/www.uhu.es\/biblioteca\/labuhardilla\/index.php?rest_route=%2Fwp%2Fv2%2Fcomments&post=8471"}],"version-history":[{"count":4,"href":"https:\/\/www.uhu.es\/biblioteca\/labuhardilla\/index.php?rest_route=\/wp\/v2\/posts\/8471\/revisions"}],"predecessor-version":[{"id":8478,"href":"https:\/\/www.uhu.es\/biblioteca\/labuhardilla\/index.php?rest_route=\/wp\/v2\/posts\/8471\/revisions\/8478"}],"wp:attachment":[{"href":"https:\/\/www.uhu.es\/biblioteca\/labuhardilla\/index.php?rest_route=%2Fwp%2Fv2%2Fmedia&parent=8471"}],"wp:term":[{"taxonomy":"category","embeddable":true,"href":"https:\/\/www.uhu.es\/biblioteca\/labuhardilla\/index.php?rest_route=%2Fwp%2Fv2%2Fcategories&post=8471"},{"taxonomy":"post_tag","embeddable":true,"href":"https:\/\/www.uhu.es\/biblioteca\/labuhardilla\/index.php?rest_route=%2Fwp%2Fv2%2Ftags&post=8471"}],"curies":[{"name":"wp","href":"https:\/\/api.w.org\/{rel}","templated":true}]}}