{"id":8514,"date":"2024-09-24T08:00:53","date_gmt":"2024-09-24T08:00:53","guid":{"rendered":"https:\/\/www.uhu.es\/biblioteca\/labuhardilla\/?p=8514"},"modified":"2024-09-24T08:00:53","modified_gmt":"2024-09-24T08:00:53","slug":"con-el-nuevo-curso-nos-ponemos-en-marcha","status":"publish","type":"post","link":"https:\/\/www.uhu.es\/biblioteca\/labuhardilla\/?p=8514","title":{"rendered":"Con el nuevo curso nos ponemos en marcha"},"content":{"rendered":"\n<p>Lleg\u00f3 el oto\u00f1o y con \u00e9l nos ponemos en marcha. Comenzamos con alegr\u00eda un nuevo curso acad\u00e9mico. Este a\u00f1o es especialmente ilusionante pues se incorpora a nuestra Universidad el grado de Medicina.<\/p>\n\n\n\n<figure class=\"wp-block-gallery has-nested-images columns-default is-cropped\">\n<figure class=\"wp-block-image size-large\"><a href=\"https:\/\/www.uhu.es\/biblioteca\/labuhardilla\/wp-content\/uploads\/2024\/09\/Encabezado-correo-electronico-salud-profesional-azul-1.png\" rel='prettyPhoto[gallery1]'><img loading=\"lazy\" width=\"600\" height=\"200\" data-id=\"8517\"  src=\"https:\/\/www.uhu.es\/biblioteca\/labuhardilla\/wp-content\/uploads\/2024\/09\/Encabezado-correo-electronico-salud-profesional-azul-1.png\" alt=\"\" class=\"wp-image-8517\" srcset=\"https:\/\/www.uhu.es\/biblioteca\/labuhardilla\/wp-content\/uploads\/2024\/09\/Encabezado-correo-electronico-salud-profesional-azul-1.png 600w, https:\/\/www.uhu.es\/biblioteca\/labuhardilla\/wp-content\/uploads\/2024\/09\/Encabezado-correo-electronico-salud-profesional-azul-1-300x100.png 300w\" sizes=\"(max-width: 600px) 100vw, 600px\" \/><\/a><\/figure>\n<\/figure>\n\n\n\n<p class=\"has-text-align-center has-text-color has-background\" style=\"background-color:#f8eef0;color:#792439\"><strong>\u00a1\u00a1\u00a1Bienvenid@s a todos los nuevos usuarios que se incorporan en este 2024\/2025!!!<\/strong><\/p>\n\n\n\n<p class=\"has-text-align-left\">En la Biblioteca queremos que os sint\u00e1is a gusto, que os acerqu\u00e9is con confianza hasta nuestros mostradores de pr\u00e9stamo. Que aprovech\u00e9is al m\u00e1ximo todos los recursos que ofrecemos. Para ello ponemos a vuestra disposici\u00f3n:<\/p>\n\n\n\n<div class=\"wp-block-image\"><figure class=\"alignright size-large is-resized\"><a href=\"https:\/\/www.uhu.es\/biblioteca\/labuhardilla\/wp-content\/uploads\/2024\/09\/2.png\" rel='prettyPhoto[gallery1]'><img loading=\"lazy\" src=\"https:\/\/www.uhu.es\/biblioteca\/labuhardilla\/wp-content\/uploads\/2024\/09\/2-1024x726.png\" alt=\"\" class=\"wp-image-8526\" width=\"298\" height=\"211\" srcset=\"https:\/\/www.uhu.es\/biblioteca\/labuhardilla\/wp-content\/uploads\/2024\/09\/2-1024x726.png 1024w, https:\/\/www.uhu.es\/biblioteca\/labuhardilla\/wp-content\/uploads\/2024\/09\/2-300x213.png 300w, https:\/\/www.uhu.es\/biblioteca\/labuhardilla\/wp-content\/uploads\/2024\/09\/2-768x545.png 768w, https:\/\/www.uhu.es\/biblioteca\/labuhardilla\/wp-content\/uploads\/2024\/09\/2-1536x1090.png 1536w, https:\/\/www.uhu.es\/biblioteca\/labuhardilla\/wp-content\/uploads\/2024\/09\/2.png 1748w\" sizes=\"(max-width: 298px) 100vw, 298px\" \/><\/a><\/figure><\/div>\n\n\n\n<ul><li>Nuestra p\u00e1gina web, donde encontrar\u00e1s toda la informaci\u00f3n referente a biblioteca horarios, servicios, recursos electr\u00f3nicos, formaci\u00f3n\u2026&nbsp;&nbsp;<a rel=\"noreferrer noopener\" href=\"https:\/\/www.uhu.es\/biblioteca\/\" target=\"_blank\">https:\/\/www.uhu.es\/biblioteca\/<\/a><\/li><\/ul>\n\n\n\n<ul><li>Nuestro cat\u00e1logo Columbus, donde podr\u00e1s localizar los fondos de la biblioteca  y donde adem\u00e1s se han reunido todos los recursos de informaci\u00f3n disponibles de la biblioteca y gran cantidad de recursos externos. <a rel=\"noreferrer noopener\" href=\"https:\/\/www.uhu.es\/biblioteca\/busca\/catalogo\" target=\"_blank\">https:\/\/www.uhu.es\/biblioteca\/busca\/catalogo <\/a> <\/li><\/ul>\n\n\n\n<div class=\"wp-block-image\"><figure class=\"alignleft size-large is-resized\"><a href=\"https:\/\/www.uhu.es\/biblioteca\/labuhardilla\/wp-content\/uploads\/2024\/09\/Diseno-sin-titulo-6.png\" rel='prettyPhoto[gallery1]'><img loading=\"lazy\" src=\"https:\/\/www.uhu.es\/biblioteca\/labuhardilla\/wp-content\/uploads\/2024\/09\/Diseno-sin-titulo-6-1024x726.png\" alt=\"\" class=\"wp-image-8523\" width=\"234\" height=\"166\" srcset=\"https:\/\/www.uhu.es\/biblioteca\/labuhardilla\/wp-content\/uploads\/2024\/09\/Diseno-sin-titulo-6-1024x726.png 1024w, https:\/\/www.uhu.es\/biblioteca\/labuhardilla\/wp-content\/uploads\/2024\/09\/Diseno-sin-titulo-6-300x213.png 300w, https:\/\/www.uhu.es\/biblioteca\/labuhardilla\/wp-content\/uploads\/2024\/09\/Diseno-sin-titulo-6-768x545.png 768w, https:\/\/www.uhu.es\/biblioteca\/labuhardilla\/wp-content\/uploads\/2024\/09\/Diseno-sin-titulo-6-1536x1090.png 1536w, https:\/\/www.uhu.es\/biblioteca\/labuhardilla\/wp-content\/uploads\/2024\/09\/Diseno-sin-titulo-6.png 1748w\" sizes=\"(max-width: 234px) 100vw, 234px\" \/><\/a><\/figure><\/div>\n\n\n\n<ul class=\"has-background\" style=\"background-color:#eaf6fd\"><li>Nuestras redes sociales, <ul><li>Instagram, <a rel=\"noreferrer noopener\" href=\"https:\/\/www.instagram.com\/bibliotecauhu\/\" target=\"_blank\">https:\/\/www.instagram.com\/bibliotecauhu\/<\/a>  <\/li><li>Facebook <a rel=\"noreferrer noopener\" href=\"https:\/\/www.facebook.com\/BibliotecaUniversidadHuelva\/\" target=\"_blank\">https:\/\/www.facebook.com\/BibliotecaUniversidadHuelva\/<\/a> <\/li><li>y X <a rel=\"noreferrer noopener\" href=\"https:\/\/x.com\/bibliotecaUHU\" target=\"_blank\"> https:\/\/x.com\/bibliotecaUHU<\/a> donde te mantendremos al d\u00eda de las novedades que vayan surgiendo.<\/li><\/ul><\/li><\/ul>\n\n\n\n<p class=\"has-text-align-center has-text-color\" style=\"color:#922828;font-size:25px\"><strong>\u00a1S\u00edguenos, no te pierdas nada!<\/strong><\/p>\n\n\n\n<ul class=\"has-background\" style=\"background-color:#eaf6fd\"><li>Y no te olvides de consultar nuestras gu\u00edas tem\u00e1ticas <a rel=\"noreferrer noopener\" href=\"https:\/\/guiasbuh.uhu.es\/guias\" target=\"_blank\">https:\/\/guiasbuh.uhu.es\/guias<\/a> en ellas aprender\u00e1s desde lo m\u00e1s simple hasta lo m\u00e1s especializado. En pr\u00f3ximas ediciones hablaremos de cada una de ellas y te propondremos que visites alguna en particular.<\/li><\/ul>\n\n\n\n<figure class=\"wp-block-image size-full\"><a href=\"https:\/\/www.uhu.es\/biblioteca\/labuhardilla\/wp-content\/uploads\/2024\/09\/GUIAS_DE_LA_BUHcambiada-1.png\" rel='prettyPhoto[gallery1]'><img loading=\"lazy\" width=\"1025\" height=\"152\" src=\"https:\/\/www.uhu.es\/biblioteca\/labuhardilla\/wp-content\/uploads\/2024\/09\/GUIAS_DE_LA_BUHcambiada-1.png\" alt=\"\" class=\"wp-image-8522\" srcset=\"https:\/\/www.uhu.es\/biblioteca\/labuhardilla\/wp-content\/uploads\/2024\/09\/GUIAS_DE_LA_BUHcambiada-1.png 1025w, https:\/\/www.uhu.es\/biblioteca\/labuhardilla\/wp-content\/uploads\/2024\/09\/GUIAS_DE_LA_BUHcambiada-1-300x44.png 300w, https:\/\/www.uhu.es\/biblioteca\/labuhardilla\/wp-content\/uploads\/2024\/09\/GUIAS_DE_LA_BUHcambiada-1-768x114.png 768w\" sizes=\"(max-width: 1025px) 100vw, 1025px\" \/><\/a><\/figure>\n\n\n\n<div class=\"wp-container-69edce5f3a47d wp-block-group\"><div class=\"wp-block-group__inner-container\">\n<div class=\"wp-block-columns\">\n<div class=\"wp-block-column\">\n<figure class=\"wp-block-image size-large\"><a href=\"https:\/\/www.uhu.es\/biblioteca\/labuhardilla\/wp-content\/uploads\/2024\/09\/NORMAS-DE-USO-SALA-DE-ESTUDIO-Y-TRABAJO-1.png\" rel='prettyPhoto[gallery1]'><img loading=\"lazy\" width=\"724\" height=\"1024\" src=\"https:\/\/www.uhu.es\/biblioteca\/labuhardilla\/wp-content\/uploads\/2024\/09\/NORMAS-DE-USO-SALA-DE-ESTUDIO-Y-TRABAJO-1-724x1024.png\" alt=\"\" class=\"wp-image-8518\" srcset=\"https:\/\/www.uhu.es\/biblioteca\/labuhardilla\/wp-content\/uploads\/2024\/09\/NORMAS-DE-USO-SALA-DE-ESTUDIO-Y-TRABAJO-1-724x1024.png 724w, https:\/\/www.uhu.es\/biblioteca\/labuhardilla\/wp-content\/uploads\/2024\/09\/NORMAS-DE-USO-SALA-DE-ESTUDIO-Y-TRABAJO-1-212x300.png 212w, https:\/\/www.uhu.es\/biblioteca\/labuhardilla\/wp-content\/uploads\/2024\/09\/NORMAS-DE-USO-SALA-DE-ESTUDIO-Y-TRABAJO-1-768x1087.png 768w, https:\/\/www.uhu.es\/biblioteca\/labuhardilla\/wp-content\/uploads\/2024\/09\/NORMAS-DE-USO-SALA-DE-ESTUDIO-Y-TRABAJO-1-1085x1536.png 1085w, https:\/\/www.uhu.es\/biblioteca\/labuhardilla\/wp-content\/uploads\/2024\/09\/NORMAS-DE-USO-SALA-DE-ESTUDIO-Y-TRABAJO-1.png 1447w\" sizes=\"(max-width: 724px) 100vw, 724px\" \/><\/a><\/figure>\n<\/div>\n\n\n\n<div class=\"wp-block-column\">\n<p>                                                                                                                                                                               &nbsp;Entre nuestros servicios no s\u00f3lo est\u00e1 la ya cl\u00e1sica consulta de fondos, tanto de nuestro fondo f\u00edsico, como de nuestro fondo virtual<\/p>\n\n\n\n<p>Adem\u00e1s, contamos con colecciones especiales, como la de Fondo Antiguo, o el Club Ingl\u00e9s Bellavista.<\/p>\n\n\n\n<p>Nuestra Hemeroteca alberga revistas cient\u00edficas, pero tambi\u00e9n revistas m\u00e1s generales en las que podr\u00e1s practicar tu ingl\u00e9s o estar al tanto de novedades sociales y culturales<\/p>\n\n\n\n<p class=\"has-background\" style=\"background-color:#ddfff1\">Podr\u00e1s llevarte a casa hasta un total de 12 libros durante 14 d\u00edas si eres alumno, pero adem\u00e1s tendr\u00e1s acceso a solicitar libros de un campus diferente al tuyo sin tener que desplazarte, pr\u00e9stamo intercampus, o a port\u00e1tiles durante una semana\u2026<\/p>\n<\/div>\n<\/div>\n<\/div><\/div>\n\n\n\n<p>Nuestra vocaci\u00f3n es orientarte, queremos que, tanto en tus primeros pasos como cuando accedas a servicios m\u00e1s complejos, sientas que estamos aqu\u00ed para ayudarte.<\/p>\n\n\n\n<p>Ven a vernos, y s\u00edguenos en nuestras redes, te mantendremos al tanto de todo esto y mucho m\u00e1s. Te esperamos. <\/p>\n","protected":false},"excerpt":{"rendered":"<p>Lleg\u00f3 el oto\u00f1o y con \u00e9l nos ponemos en marcha. Comenzamos con alegr\u00eda un nuevo curso acad\u00e9mico. Este a\u00f1o es especialmente ilusionante pues se incorpora a nuestra Universidad el grado de Medicina. \u00a1\u00a1\u00a1Bienvenid@s a todos los nuevos usuarios que se incorporan en este 2024\/2025!!! En la Biblioteca queremos que os sint\u00e1is a gusto, que os&nbsp;<span class=\"excerpt_more\"><a href=\"https:\/\/www.uhu.es\/biblioteca\/labuhardilla\/?p=8514\">[Seguir leyendo&#8230;]<\/a><\/span><\/p>\n","protected":false},"author":1,"featured_media":8518,"comment_status":"open","ping_status":"open","sticky":false,"template":"","format":"standard","meta":{"_s2mail":"yes"},"categories":[3,6,131],"tags":[33,110],"_links":{"self":[{"href":"https:\/\/www.uhu.es\/biblioteca\/labuhardilla\/index.php?rest_route=\/wp\/v2\/posts\/8514"}],"collection":[{"href":"https:\/\/www.uhu.es\/biblioteca\/labuhardilla\/index.php?rest_route=\/wp\/v2\/posts"}],"about":[{"href":"https:\/\/www.uhu.es\/biblioteca\/labuhardilla\/index.php?rest_route=\/wp\/v2\/types\/post"}],"author":[{"embeddable":true,"href":"https:\/\/www.uhu.es\/biblioteca\/labuhardilla\/index.php?rest_route=\/wp\/v2\/users\/1"}],"replies":[{"embeddable":true,"href":"https:\/\/www.uhu.es\/biblioteca\/labuhardilla\/index.php?rest_route=%2Fwp%2Fv2%2Fcomments&post=8514"}],"version-history":[{"count":7,"href":"https:\/\/www.uhu.es\/biblioteca\/labuhardilla\/index.php?rest_route=\/wp\/v2\/posts\/8514\/revisions"}],"predecessor-version":[{"id":8530,"href":"https:\/\/www.uhu.es\/biblioteca\/labuhardilla\/index.php?rest_route=\/wp\/v2\/posts\/8514\/revisions\/8530"}],"wp:featuredmedia":[{"embeddable":true,"href":"https:\/\/www.uhu.es\/biblioteca\/labuhardilla\/index.php?rest_route=\/wp\/v2\/media\/8518"}],"wp:attachment":[{"href":"https:\/\/www.uhu.es\/biblioteca\/labuhardilla\/index.php?rest_route=%2Fwp%2Fv2%2Fmedia&parent=8514"}],"wp:term":[{"taxonomy":"category","embeddable":true,"href":"https:\/\/www.uhu.es\/biblioteca\/labuhardilla\/index.php?rest_route=%2Fwp%2Fv2%2Fcategories&post=8514"},{"taxonomy":"post_tag","embeddable":true,"href":"https:\/\/www.uhu.es\/biblioteca\/labuhardilla\/index.php?rest_route=%2Fwp%2Fv2%2Ftags&post=8514"}],"curies":[{"name":"wp","href":"https:\/\/api.w.org\/{rel}","templated":true}]}}