{"id":88,"date":"2012-02-10T11:15:42","date_gmt":"2012-02-10T11:15:42","guid":{"rendered":"http:\/\/www.uhu.es\/biblioteca\/blog\/?p=88"},"modified":"2012-10-05T10:45:21","modified_gmt":"2012-10-05T10:45:21","slug":"entrevista-al-excmo-sr-rector-magfco-prof-dr-francisco-jose-martinez-lopez","status":"publish","type":"post","link":"https:\/\/www.uhu.es\/biblioteca\/labuhardilla\/?p=88","title":{"rendered":"Entrevista al Excmo. Sr. Rector Magfco. Prof. Dr. Francisco Jos\u00e9 Mart\u00ednez L\u00f3pez"},"content":{"rendered":"<p>El Excmo. Sr. Rector Magfco. Prof. Dr. Francisco Jos\u00e9 Mart\u00ednez L\u00f3pez, es catedr\u00e1tico de econom\u00eda financiera y contabilidad, imparte clases en la Licenciatura de Administraci\u00f3n y Direcci\u00f3n de Empresas y en Metodolog\u00eda en la Investigaci\u00f3n en el Doctorado. Es Rector de la Universidad de Huelva desde 2005.<\/p>\n<ol start=\"1\">\n<li>\u00bfC\u00f3mo recuerda su primera visita a la BUH ?<\/li>\n<\/ol>\n<p>En primer lugar felicitaros por esta iniciativa.<br \/>\nMi primera visita fue hace ya m\u00e1s de 30 a\u00f1os (como pasa el tiempo), en 1981 en la biblioteca del Colegio Universitario de la R\u00e1bida (CUR). All\u00ed estaban Matilde, Toti y Roc\u00edo catalogando y atendiendo a los alumnos. Era un magn\u00edfica biblioteca de econom\u00eda \u00a8(dicen que en los a\u00f1os 70 era la mejor de Espa\u00f1a, ya que ven\u00edan muchos alumnos a consultarla de todo el pa\u00eds para hacer sus tesis doctorales). En mi caso, ya ten\u00eda por aquella \u00e9poca una gran afici\u00f3n a los libros, que son mi gran pasi\u00f3n, y me encant\u00f3 el tipo de biblioteca que ten\u00edamos. La recuerdo con un despacho muy coqueto para las bibliotecarias y un fondo que ocupaba todo un ala de uno de los edificios del CUR.<\/p>\n<ol start=\"2\">\n<li>\u00bfQu\u00e9 valora m\u00e1s y que echa en falta en la BUH?<\/li>\n<\/ol>\n<p>Valoro mucho la dedicaci\u00f3n del personal y que siempre he encontrado lo que buscaba (lo que no me ha ocurrido en otras bibliotecas de otras instituciones). Echo en falta una sala noble al estilo de las bibliotecas antiguas donde los libros y la madera conviven en natural armon\u00eda (tal vez cuando hagamos la ampliaci\u00f3n de la biblioteca podamos hacer alguna, pero no prometo nada).<\/p>\n<ol start=\"3\">\n<li>\u00bfSabe qu\u00e9 es la Biblioteca 2.0?\u00a0 \u00bfAcude a la biblioteca o la utiliza m\u00e1s a trav\u00e9s de internet (consultas al cat\u00e1logo, reservas, uso de bases de datos, revistas electr\u00f3nicas&#8230;)<\/li>\n<\/ol>\n<p>Me gusta utilizar los recursos telem\u00e1ticos. Lo vengo haciendo desde hace m\u00e1s de dos d\u00e9cadas. Una vez hice un trabajo en un congreso de bibliotecarios andaluces sobre los elementos que deber\u00eda tener lo que hoy llamamos la biblioteca 2.0, entonces las llam\u00e1bamos BBS, ya que est\u00e1bamos en 1994.<\/p>\n<ol start=\"4\">\n<li>\u00bfComunica a sus alumnos la importancia de la biblioteca para sus estudios?<\/li>\n<\/ol>\n<p>Mucho, sobre todo a los de m\u00e1steres y doctorados, pues siempre doy una clase sobre la forma de utilizar los recursos electr\u00f3nicos de nuestra biblioteca.<\/p>\n<ol start=\"5\">\n<li>\u00bfPuede recomendarnos alguna biblioteca que haya visitado y le haya gustado especialmente?<\/li>\n<\/ol>\n<p>Muchas, pues como he dicho, soy coleccionista de libros y visito numerosas bibliotecas (tengo m\u00e1s de 10.000, de los cuales casi 3.000 son sobre Huelva). Me gusta la Biblioteca Nacional, a la que voy con frecuencia, y hace unos d\u00edas visit\u00e9 la de Salamanca y me cautiv\u00f3.<\/p>\n","protected":false},"excerpt":{"rendered":"<p>El Excmo. Sr. Rector Magfco. Prof. Dr. Francisco Jos\u00e9 Mart\u00ednez L\u00f3pez, es catedr\u00e1tico de econom\u00eda financiera y contabilidad, imparte clases en la Licenciatura de Administraci\u00f3n y Direcci\u00f3n de Empresas y en Metodolog\u00eda en la Investigaci\u00f3n en el Doctorado. Es Rector de la Universidad de Huelva desde 2005. \u00bfC\u00f3mo recuerda su primera visita a la BUH&nbsp;<span class=\"excerpt_more\"><a href=\"https:\/\/www.uhu.es\/biblioteca\/labuhardilla\/?p=88\">[Seguir leyendo&#8230;]<\/a><\/span><\/p>\n","protected":false},"author":1,"featured_media":0,"comment_status":"open","ping_status":"open","sticky":false,"template":"","format":"standard","meta":{"_s2mail":"yes"},"categories":[6,5],"tags":[11,12],"_links":{"self":[{"href":"https:\/\/www.uhu.es\/biblioteca\/labuhardilla\/index.php?rest_route=\/wp\/v2\/posts\/88"}],"collection":[{"href":"https:\/\/www.uhu.es\/biblioteca\/labuhardilla\/index.php?rest_route=\/wp\/v2\/posts"}],"about":[{"href":"https:\/\/www.uhu.es\/biblioteca\/labuhardilla\/index.php?rest_route=\/wp\/v2\/types\/post"}],"author":[{"embeddable":true,"href":"https:\/\/www.uhu.es\/biblioteca\/labuhardilla\/index.php?rest_route=\/wp\/v2\/users\/1"}],"replies":[{"embeddable":true,"href":"https:\/\/www.uhu.es\/biblioteca\/labuhardilla\/index.php?rest_route=%2Fwp%2Fv2%2Fcomments&post=88"}],"version-history":[{"count":2,"href":"https:\/\/www.uhu.es\/biblioteca\/labuhardilla\/index.php?rest_route=\/wp\/v2\/posts\/88\/revisions"}],"predecessor-version":[{"id":132,"href":"https:\/\/www.uhu.es\/biblioteca\/labuhardilla\/index.php?rest_route=\/wp\/v2\/posts\/88\/revisions\/132"}],"wp:attachment":[{"href":"https:\/\/www.uhu.es\/biblioteca\/labuhardilla\/index.php?rest_route=%2Fwp%2Fv2%2Fmedia&parent=88"}],"wp:term":[{"taxonomy":"category","embeddable":true,"href":"https:\/\/www.uhu.es\/biblioteca\/labuhardilla\/index.php?rest_route=%2Fwp%2Fv2%2Fcategories&post=88"},{"taxonomy":"post_tag","embeddable":true,"href":"https:\/\/www.uhu.es\/biblioteca\/labuhardilla\/index.php?rest_route=%2Fwp%2Fv2%2Ftags&post=88"}],"curies":[{"name":"wp","href":"https:\/\/api.w.org\/{rel}","templated":true}]}}