{"id":90,"date":"2012-02-13T11:17:27","date_gmt":"2012-02-13T11:17:27","guid":{"rendered":"http:\/\/www.uhu.es\/biblioteca\/blog\/?p=90"},"modified":"2012-10-01T11:18:17","modified_gmt":"2012-10-01T11:18:17","slug":"boicot-a-elsevier","status":"publish","type":"post","link":"https:\/\/www.uhu.es\/biblioteca\/labuhardilla\/?p=90","title":{"rendered":"Boicot a Elsevier"},"content":{"rendered":"<p>Desde la biblioteca queremos hacernos eco de esta noticia que est\u00e1 dando mucho que hablar entre la comunidad cient\u00edfica y bibliotecaria. Desde hace mucho tiempo se habla de los precios abusivos de Elsevier, pero ahora, y teniendo en cuenta la \u00e9poca de crisis econ\u00f3mica que estamos viviendo, se est\u00e1 planteando un boicot a la editorial.<br \/>\nLa campa\u00f1a ha sido iniciada por el matem\u00e1tico Timothy Gowers quien public\u00f3 en su blog<a href=\"http:\/\/gowers.wordpress.com\/2012\/01\/21\/elsevier-my-part-in-its-downfall\/\"> un llamamiento al boicot<\/a>.<\/p>\n<p>En \u00e9l denuncia lo siguiente:<\/p>\n<ul>\n<li>\u00a0Cobra precios abusivos por las revistas, muy por encima de la media.<\/li>\n<li>\u00a0Las revistas solamente se pueden suscribir en \u201cpaquetes\u201d, de modo que las bibliotecas se ven obligadas a suscribir todas las revistas del paquete, en vez de poder elegir solamente aquellas que les interesan realmente.<\/li>\n<li>\u00a0Si las bibliotecas intentan negociar condiciones m\u00e1s favorables, Elsevier corta implacablemente el acceso a todas sus revistas.<\/li>\n<li>\u00a0Elsevier apoya muchas medidas, como la<a href=\"http:\/\/en.wikipedia.org\/wiki\/Research_Works_Act\"> Research Works<\/a><\/li>\n<\/ul>\n<p>La rebeli\u00f3n ha continuado y despu\u00e9s de a\u00f1os de protestas est\u00e9riles contra las pr\u00e1cticas de Elsevier, los acad\u00e9micos han decidido utilizar el potencial de internet para <a href=\"http:\/\/thecostofknowledge.com\/\">recoger firmas<\/a> , donde m\u00e1s de 5000 firmantes han pedido que no se publique, revise o se haga ning\u00fan trabajo editorial de ning\u00fan tipo para Elsevier. Se han ido sumando cient\u00edficos de otras disciplinas como la F\u00edsica, la Biolog\u00eda o la Inform\u00e1tica. La cosa amenaza con extenderse a otros consorcios editoriales como Springer. Las \u00a0editoriales deber\u00e1n tener \u00a0en cuenta esta protesta indignada del colectivo matem\u00e1tico que se va extendiendo a todos los cient\u00edficos.<\/p>\n<p>Por su parte, Elsevier se defiende , \u00a0y sostiene que en los \u00faltimos 10 a\u00f1os sus precios se han mantenido por debajo de los de sus competidores.<\/p>\n<p>M\u00e1s informaci\u00f3n:<br \/>\n<a href=\"http:\/\/www.economist.com\/node\/21545974\">The Economist<\/a><\/p>\n<p><a href=\"http:\/\/www.elmundo.es\/elmundosalud\/2012\/01\/30\/noticias\/1327952591.html\">El Mundo<\/a><\/p>\n","protected":false},"excerpt":{"rendered":"<p>Desde la biblioteca queremos hacernos eco de esta noticia que est\u00e1 dando mucho que hablar entre la comunidad cient\u00edfica y bibliotecaria. Desde hace mucho tiempo se habla de los precios abusivos de Elsevier, pero ahora, y teniendo en cuenta la \u00e9poca de crisis econ\u00f3mica que estamos viviendo, se est\u00e1 planteando un boicot a la editorial.&nbsp;<span class=\"excerpt_more\"><a href=\"https:\/\/www.uhu.es\/biblioteca\/labuhardilla\/?p=90\">[Seguir leyendo&#8230;]<\/a><\/span><\/p>\n","protected":false},"author":1,"featured_media":0,"comment_status":"open","ping_status":"open","sticky":false,"template":"","format":"standard","meta":{"_s2mail":"yes"},"categories":[3,6],"tags":[18,13,24],"_links":{"self":[{"href":"https:\/\/www.uhu.es\/biblioteca\/labuhardilla\/index.php?rest_route=\/wp\/v2\/posts\/90"}],"collection":[{"href":"https:\/\/www.uhu.es\/biblioteca\/labuhardilla\/index.php?rest_route=\/wp\/v2\/posts"}],"about":[{"href":"https:\/\/www.uhu.es\/biblioteca\/labuhardilla\/index.php?rest_route=\/wp\/v2\/types\/post"}],"author":[{"embeddable":true,"href":"https:\/\/www.uhu.es\/biblioteca\/labuhardilla\/index.php?rest_route=\/wp\/v2\/users\/1"}],"replies":[{"embeddable":true,"href":"https:\/\/www.uhu.es\/biblioteca\/labuhardilla\/index.php?rest_route=%2Fwp%2Fv2%2Fcomments&post=90"}],"version-history":[{"count":1,"href":"https:\/\/www.uhu.es\/biblioteca\/labuhardilla\/index.php?rest_route=\/wp\/v2\/posts\/90\/revisions"}],"predecessor-version":[{"id":91,"href":"https:\/\/www.uhu.es\/biblioteca\/labuhardilla\/index.php?rest_route=\/wp\/v2\/posts\/90\/revisions\/91"}],"wp:attachment":[{"href":"https:\/\/www.uhu.es\/biblioteca\/labuhardilla\/index.php?rest_route=%2Fwp%2Fv2%2Fmedia&parent=90"}],"wp:term":[{"taxonomy":"category","embeddable":true,"href":"https:\/\/www.uhu.es\/biblioteca\/labuhardilla\/index.php?rest_route=%2Fwp%2Fv2%2Fcategories&post=90"},{"taxonomy":"post_tag","embeddable":true,"href":"https:\/\/www.uhu.es\/biblioteca\/labuhardilla\/index.php?rest_route=%2Fwp%2Fv2%2Ftags&post=90"}],"curies":[{"name":"wp","href":"https:\/\/api.w.org\/{rel}","templated":true}]}}