{"id":92,"date":"2012-02-24T11:19:39","date_gmt":"2012-02-24T11:19:39","guid":{"rendered":"http:\/\/www.uhu.es\/biblioteca\/blog\/?p=92"},"modified":"2012-10-01T11:20:26","modified_gmt":"2012-10-01T11:20:26","slug":"la-biblioteca-en-las-jornadas-de-puertas-abiertas","status":"publish","type":"post","link":"https:\/\/www.uhu.es\/biblioteca\/labuhardilla\/?p=92","title":{"rendered":"La Biblioteca en las Jornadas de Puertas Abiertas"},"content":{"rendered":"<p>Durante la semana del 20 al 24 de febrero se han celebrado las<a title=\"Este enlace externo se abrir\u00e1 en una nueva ventana\" href=\"http:\/\/www.uhu.es\/sacu\/puertas_abiertas_2012\/\" target=\"_new\">\u00a0XII Jornadas de Puertas Abiertas en la Universidad de Huelva<\/a>, cuyo principal objetivo es acercar a los\/as estudiantes de Bachillerato y Ciclos Formativos de Grado Superior la oferta educativa y de servicios de la\u00a0<a title=\"Este enlace externo se abrir\u00e1 en una nueva ventana\" href=\"http:\/\/uhu.es\/\" target=\"_new\">Universidad de Huelva<\/a>\u00a0y de cada uno de los centros que la componen . Mas de 3.000 alumnos han participado en estas jornadas, en cuyo acto inaugural estuvieron presentes \u00a0el Rector de la Universidad de Huelva, Francisco Jos\u00e9 Mart\u00ednez L\u00f3pez; el Alcalde de Huelva, Pedro Rodr\u00edguez Gonz\u00e1lez; el Presidente del Consejo Social de la Universidad de Huelva, Julio Revilla Saavedra; el Presidente de la Junta Provincial de la Asociaci\u00f3n Espa\u00f1ola contra el C\u00e1ncer, Jos\u00e9 Luis Garc\u00eda Palacios, y la Vicerrectora de Estudiantes, Empleo y Empresa, Isabel Rodr\u00edguez Garc\u00eda.<\/p>\n<p>La<a title=\"Este enlace externo se abrir\u00e1 en una nueva ventana\" href=\"http:\/\/www.uhu.es\/biblioteca\/\" target=\"_new\">\u00a0Biblioteca<\/a>, como \u00a0servicio esencial de apoyo y fomento al estudio, la docencia y la investigaci\u00f3n de toda la comunidad universitaria de Huelva, ha colaborado\u00a0un a\u00f1o m\u00e1s, realizando visitas guiadas a la Biblioteca Central y estando presente en un puesto informativo en\u00a0la muestra del \u00a0Pabell\u00f3n de Deportes de la Universidad.<\/p>\n<p>Pod\u00e9is ver aqu\u00ed\u00a0<a title=\"Este enlace externo se abrir\u00e1 en una nueva ventana\" href=\"http:\/\/www.flickr.com\/photos\/bibliotecauniversidaddehuelva\" target=\"_new\">fotos<\/a>\u00a0de la Biblioteca en las Jornadas. Otras <a title=\"Este enlace externo se abrir\u00e1 en una nueva ventana\" href=\"http:\/\/www.uhu.es\/sacu\/puertas_abiertas_2012\/fotos.htm\" target=\"_new\">fotos<\/a> de las Jornadas.<\/p>\n","protected":false},"excerpt":{"rendered":"<p>Durante la semana del 20 al 24 de febrero se han celebrado las\u00a0XII Jornadas de Puertas Abiertas en la Universidad de Huelva, cuyo principal objetivo es acercar a los\/as estudiantes de Bachillerato y Ciclos Formativos de Grado Superior la oferta educativa y de servicios de la\u00a0Universidad de Huelva\u00a0y de cada uno de los centros que&nbsp;<span class=\"excerpt_more\"><a href=\"https:\/\/www.uhu.es\/biblioteca\/labuhardilla\/?p=92\">[Seguir leyendo&#8230;]<\/a><\/span><\/p>\n","protected":false},"author":1,"featured_media":0,"comment_status":"open","ping_status":"open","sticky":false,"template":"","format":"standard","meta":{"_s2mail":"yes"},"categories":[3,6],"tags":[26,32],"_links":{"self":[{"href":"https:\/\/www.uhu.es\/biblioteca\/labuhardilla\/index.php?rest_route=\/wp\/v2\/posts\/92"}],"collection":[{"href":"https:\/\/www.uhu.es\/biblioteca\/labuhardilla\/index.php?rest_route=\/wp\/v2\/posts"}],"about":[{"href":"https:\/\/www.uhu.es\/biblioteca\/labuhardilla\/index.php?rest_route=\/wp\/v2\/types\/post"}],"author":[{"embeddable":true,"href":"https:\/\/www.uhu.es\/biblioteca\/labuhardilla\/index.php?rest_route=\/wp\/v2\/users\/1"}],"replies":[{"embeddable":true,"href":"https:\/\/www.uhu.es\/biblioteca\/labuhardilla\/index.php?rest_route=%2Fwp%2Fv2%2Fcomments&post=92"}],"version-history":[{"count":1,"href":"https:\/\/www.uhu.es\/biblioteca\/labuhardilla\/index.php?rest_route=\/wp\/v2\/posts\/92\/revisions"}],"predecessor-version":[{"id":93,"href":"https:\/\/www.uhu.es\/biblioteca\/labuhardilla\/index.php?rest_route=\/wp\/v2\/posts\/92\/revisions\/93"}],"wp:attachment":[{"href":"https:\/\/www.uhu.es\/biblioteca\/labuhardilla\/index.php?rest_route=%2Fwp%2Fv2%2Fmedia&parent=92"}],"wp:term":[{"taxonomy":"category","embeddable":true,"href":"https:\/\/www.uhu.es\/biblioteca\/labuhardilla\/index.php?rest_route=%2Fwp%2Fv2%2Fcategories&post=92"},{"taxonomy":"post_tag","embeddable":true,"href":"https:\/\/www.uhu.es\/biblioteca\/labuhardilla\/index.php?rest_route=%2Fwp%2Fv2%2Ftags&post=92"}],"curies":[{"name":"wp","href":"https:\/\/api.w.org\/{rel}","templated":true}]}}