{"id":94,"date":"2012-03-02T11:23:30","date_gmt":"2012-03-02T11:23:30","guid":{"rendered":"http:\/\/www.uhu.es\/biblioteca\/blog\/?p=94"},"modified":"2012-10-01T11:24:11","modified_gmt":"2012-10-01T11:24:11","slug":"la-buh-en-la-reunion-del-convenio-unici2","status":"publish","type":"post","link":"https:\/\/www.uhu.es\/biblioteca\/labuhardilla\/?p=94","title":{"rendered":"La BUH en la reuni\u00f3n del Convenio UniCI2"},"content":{"rendered":"<p>El 28 de febrero tuvo lugar en Madrid una reuni\u00f3n de las bibliotecas integrantes del convenio UniCI2. A la misma asistieron representantes de las universidades de Alicante, Huelva, Santiago de Compostela, Zaragoza y La Laguna. Por parte de nuestra biblioteca asistieron Pedro G\u00f3mez y Jos\u00e9 Carlos Villad\u00f3niga.<br \/>\nEntre los acuerdos adoptados figuran los siguientes:<\/p>\n<ul>\n<li>Abrir el convenio a cualquier universidad que quiera incorporarse y que est\u00e9 dispuesta a cumplir unos compromisos m\u00ednimos.<\/li>\n<li>Aceptar la incorporaci\u00f3n al convenio de las universidades de Murcia y Vigo.<\/li>\n<li>Designar a Carmen Julia Hern\u00e1ndez, de la Universidad de La Laguna, como coordinadora del convenio.<\/li>\n<li>Realizar gestiones para registrar la marca UniCI2.<\/li>\n<\/ul>\n<p>En el marco de este convenio, la Biblioteca de la Universidad de Huelva imparte en 2011\/2012 un curso de formaci\u00f3n en competencias informacionales dirigido a los alumnos de 1\u00ba curso de nueve titulaciones de Grado. Se pretende con ello, que los alumnos adquieran los conocimientos y habilidades b\u00e1sicas necesarias para buscar, gestionar y usar la informaci\u00f3n de manera eficaz.<\/p>\n","protected":false},"excerpt":{"rendered":"<p>El 28 de febrero tuvo lugar en Madrid una reuni\u00f3n de las bibliotecas integrantes del convenio UniCI2. A la misma asistieron representantes de las universidades de Alicante, Huelva, Santiago de Compostela, Zaragoza y La Laguna. Por parte de nuestra biblioteca asistieron Pedro G\u00f3mez y Jos\u00e9 Carlos Villad\u00f3niga. Entre los acuerdos adoptados figuran los siguientes: Abrir&nbsp;<span class=\"excerpt_more\"><a href=\"https:\/\/www.uhu.es\/biblioteca\/labuhardilla\/?p=94\">[Seguir leyendo&#8230;]<\/a><\/span><\/p>\n","protected":false},"author":1,"featured_media":0,"comment_status":"open","ping_status":"open","sticky":false,"template":"","format":"standard","meta":{"_s2mail":"yes"},"categories":[3,6],"tags":[33],"_links":{"self":[{"href":"https:\/\/www.uhu.es\/biblioteca\/labuhardilla\/index.php?rest_route=\/wp\/v2\/posts\/94"}],"collection":[{"href":"https:\/\/www.uhu.es\/biblioteca\/labuhardilla\/index.php?rest_route=\/wp\/v2\/posts"}],"about":[{"href":"https:\/\/www.uhu.es\/biblioteca\/labuhardilla\/index.php?rest_route=\/wp\/v2\/types\/post"}],"author":[{"embeddable":true,"href":"https:\/\/www.uhu.es\/biblioteca\/labuhardilla\/index.php?rest_route=\/wp\/v2\/users\/1"}],"replies":[{"embeddable":true,"href":"https:\/\/www.uhu.es\/biblioteca\/labuhardilla\/index.php?rest_route=%2Fwp%2Fv2%2Fcomments&post=94"}],"version-history":[{"count":1,"href":"https:\/\/www.uhu.es\/biblioteca\/labuhardilla\/index.php?rest_route=\/wp\/v2\/posts\/94\/revisions"}],"predecessor-version":[{"id":95,"href":"https:\/\/www.uhu.es\/biblioteca\/labuhardilla\/index.php?rest_route=\/wp\/v2\/posts\/94\/revisions\/95"}],"wp:attachment":[{"href":"https:\/\/www.uhu.es\/biblioteca\/labuhardilla\/index.php?rest_route=%2Fwp%2Fv2%2Fmedia&parent=94"}],"wp:term":[{"taxonomy":"category","embeddable":true,"href":"https:\/\/www.uhu.es\/biblioteca\/labuhardilla\/index.php?rest_route=%2Fwp%2Fv2%2Fcategories&post=94"},{"taxonomy":"post_tag","embeddable":true,"href":"https:\/\/www.uhu.es\/biblioteca\/labuhardilla\/index.php?rest_route=%2Fwp%2Fv2%2Ftags&post=94"}],"curies":[{"name":"wp","href":"https:\/\/api.w.org\/{rel}","templated":true}]}}