{"id":98,"date":"2012-03-12T11:30:55","date_gmt":"2012-03-12T11:30:55","guid":{"rendered":"http:\/\/www.uhu.es\/biblioteca\/blog\/?p=98"},"modified":"2012-10-05T11:04:17","modified_gmt":"2012-10-05T11:04:17","slug":"jornada-de-formacion-ambiental-para-el-personal-bibliotecario","status":"publish","type":"post","link":"https:\/\/www.uhu.es\/biblioteca\/labuhardilla\/?p=98","title":{"rendered":"Jornada de Formaci\u00f3n Ambiental para el personal bibliotecario"},"content":{"rendered":"<p>El d\u00eda 8 de marzo, se celebr\u00f3 en la Facultad de Ciencias Experimentales una Jornada de Formaci\u00f3n Ambiental dirigida al personal de la biblioteca, organizada conjuntamente por el Aula de Sostenibilidad y la Biblioteca Universitaria. Tras las palabras de presentaci\u00f3n y bienvenida a cargo de Irene Correa Tierra, Directora del Aula de Sostenibilidad, se presentaron dos ponencias a cargo de Mar\u00eda Escudero Cid (<em>Introducci\u00f3n a la relevancia del medio ambiente en los servicios universitarios<\/em>), y de Jos\u00e9 Carlos Villad\u00f3niga G\u00f3mez (<em>Pr\u00e1cticas ambientales del Servicio de Biblioteca de la Universidad de Huelva<\/em>). Despu\u00e9s de estas intervenciones, se procedi\u00f3 a un foro de debate entre todos los participantes, para realizar propuestas concretas que contribuyan a la Biblioteca Verde y a la sostenibilidad en las pr\u00e1cticas de la actividad bibliotecaria. Para llevar a cabo estas acciones, se ha creado un grupo de trabajo compuesto por las siguientes personas:<\/p>\n<ul>\n<li>Lorenza D\u00edaz S\u00e1nchez (BUH)<\/li>\n<li>Mar\u00eda Escudero Cid (Aula de Sostenibilidad)<\/li>\n<li>Leonor L\u00f3pez Ase\u00f1eiro (BUH)<\/li>\n<li>Aurora Mora Gil (BUH)<\/li>\n<li>Juan Ramos Soto (BUH)<\/li>\n<li>Dolores Vald\u00e9s Morales (BUH)<\/li>\n<\/ul>\n<p>El primer objetivo del grupo ser\u00e1 poner en marcha un espacio de trabajo virtual en la plataforma Moodle, y concretar las primeras acciones a llevar a cabo surgidas tras el foro de debate.<\/p>\n<p>M\u00e1s informaci\u00f3n sobre nuestro proyecto de <a href=\"http:\/\/www.uhu.es\/biblioteca\/Biblioteca_Verde\/Bib_Verde.html\">Biblioteca Verde<\/a> y el <a href=\"http:\/\/uhu.es\/fexp\/aulasostenibilidad\/\">Aula de Sostenibilidad<\/a><\/p>\n","protected":false},"excerpt":{"rendered":"<p>El d\u00eda 8 de marzo, se celebr\u00f3 en la Facultad de Ciencias Experimentales una Jornada de Formaci\u00f3n Ambiental dirigida al personal de la biblioteca, organizada conjuntamente por el Aula de Sostenibilidad y la Biblioteca Universitaria. Tras las palabras de presentaci\u00f3n y bienvenida a cargo de Irene Correa Tierra, Directora del Aula de Sostenibilidad, se presentaron&nbsp;<span class=\"excerpt_more\"><a href=\"https:\/\/www.uhu.es\/biblioteca\/labuhardilla\/?p=98\">[Seguir leyendo&#8230;]<\/a><\/span><\/p>\n","protected":false},"author":1,"featured_media":0,"comment_status":"open","ping_status":"open","sticky":false,"template":"","format":"standard","meta":{"_s2mail":"yes"},"categories":[3,6],"tags":[33,36,32],"_links":{"self":[{"href":"https:\/\/www.uhu.es\/biblioteca\/labuhardilla\/index.php?rest_route=\/wp\/v2\/posts\/98"}],"collection":[{"href":"https:\/\/www.uhu.es\/biblioteca\/labuhardilla\/index.php?rest_route=\/wp\/v2\/posts"}],"about":[{"href":"https:\/\/www.uhu.es\/biblioteca\/labuhardilla\/index.php?rest_route=\/wp\/v2\/types\/post"}],"author":[{"embeddable":true,"href":"https:\/\/www.uhu.es\/biblioteca\/labuhardilla\/index.php?rest_route=\/wp\/v2\/users\/1"}],"replies":[{"embeddable":true,"href":"https:\/\/www.uhu.es\/biblioteca\/labuhardilla\/index.php?rest_route=%2Fwp%2Fv2%2Fcomments&post=98"}],"version-history":[{"count":6,"href":"https:\/\/www.uhu.es\/biblioteca\/labuhardilla\/index.php?rest_route=\/wp\/v2\/posts\/98\/revisions"}],"predecessor-version":[{"id":139,"href":"https:\/\/www.uhu.es\/biblioteca\/labuhardilla\/index.php?rest_route=\/wp\/v2\/posts\/98\/revisions\/139"}],"wp:attachment":[{"href":"https:\/\/www.uhu.es\/biblioteca\/labuhardilla\/index.php?rest_route=%2Fwp%2Fv2%2Fmedia&parent=98"}],"wp:term":[{"taxonomy":"category","embeddable":true,"href":"https:\/\/www.uhu.es\/biblioteca\/labuhardilla\/index.php?rest_route=%2Fwp%2Fv2%2Fcategories&post=98"},{"taxonomy":"post_tag","embeddable":true,"href":"https:\/\/www.uhu.es\/biblioteca\/labuhardilla\/index.php?rest_route=%2Fwp%2Fv2%2Ftags&post=98"}],"curies":[{"name":"wp","href":"https:\/\/api.w.org\/{rel}","templated":true}]}}