{"id":167,"date":"2022-11-15T17:57:24","date_gmt":"2022-11-15T17:57:24","guid":{"rendered":"http:\/\/www.uhu.es\/catedra-aguasdehuelva\/?p=167"},"modified":"2023-11-09T12:15:27","modified_gmt":"2023-11-09T12:15:27","slug":"inauguracion-xv-edicion-del-master-de-tecnologia-ambiental","status":"publish","type":"post","link":"https:\/\/www.uhu.es\/catedra-aguasdehuelva\/?p=167","title":{"rendered":"INAUGURACI\u00d3N XV EDICI\u00d3N DEL M\u00c1STER DE TECNOLOG\u00cdA AMBIENTAL"},"content":{"rendered":"\n<p><\/p>\n\n\n\n<p>Continuamos apoyando al M\u00e1ster de Tecnolog\u00eda Ambiental, cuya XV edici\u00f3n se inaugur\u00f3 el 28 de enero en un acto celebrado online que cont\u00f3 con la participaci\u00f3n de Xavier Querol, profesor del M\u00e1ster e investigador de reconocido prestigio en el campo de la contaminaci\u00f3n atmosf\u00e9rica (entre otros el Premio Nacional de Investigaci\u00f3n Alejandro Malaspina en 2019 y el Premio Rey Jaume I en Protecci\u00f3n del Medio Ambiente en 2013), que imparti\u00f3 la conferencia inaugural titulada \u00bfQu\u00e9 hemos aprendido del efecto de los confinamientos por COVID-19 para mejorar la calidad del aire?<br>M\u00e1s informaci\u00f3n en:<\/p>\n\n\n\n<p><a href=\"https:\/\/www.huelvainformacion.es\/huelva\/apertura-UHU-destaca-restricciones-movilidad_0_1542147661.html\">https:\/\/www.huelvainformacion.es\/huelva\/apertura-UHU-destaca-restricciones-movilidad_0_1542147661.html<\/a><\/p>\n\n\n\n<p><a href=\"https:\/\/huelvabuenasnoticias.com\/2021\/01\/29\/el-master-de-tecnologia-ambiental-presenta-su-xv-edicion-de-la-mano-del-experto-en-contaminacion-xavier-querol\/\">https:\/\/huelvabuenasnoticias.com\/2021\/01\/29\/el-master-de-tecnologia-ambiental-presenta-su-xv-edicion-de-la-mano-del-experto-en-contaminacion-xavier-querol\/<\/a><\/p>\n","protected":false},"excerpt":{"rendered":"<p>Continuamos apoyando al M\u00e1ster de Tecnolog\u00eda Ambiental, cuya XV edici\u00f3n se inaugur\u00f3 el 28 de enero en un acto celebrado online que cont\u00f3 con la participaci\u00f3n de Xavier Querol, profesor del M\u00e1ster e investigador de reconocido prestigio en el campo de la contaminaci\u00f3n atmosf\u00e9rica (entre otros el Premio Nacional de Investigaci\u00f3n Alejandro Malaspina en 2019 [&hellip;]<\/p>\n","protected":false},"author":1,"featured_media":168,"comment_status":"closed","ping_status":"closed","sticky":false,"template":"","format":"standard","meta":{"_et_pb_use_builder":"off","_et_pb_old_content":"","_et_gb_content_width":""},"categories":[11],"tags":[],"_links":{"self":[{"href":"https:\/\/www.uhu.es\/catedra-aguasdehuelva\/index.php?rest_route=\/wp\/v2\/posts\/167"}],"collection":[{"href":"https:\/\/www.uhu.es\/catedra-aguasdehuelva\/index.php?rest_route=\/wp\/v2\/posts"}],"about":[{"href":"https:\/\/www.uhu.es\/catedra-aguasdehuelva\/index.php?rest_route=\/wp\/v2\/types\/post"}],"author":[{"embeddable":true,"href":"https:\/\/www.uhu.es\/catedra-aguasdehuelva\/index.php?rest_route=\/wp\/v2\/users\/1"}],"replies":[{"embeddable":true,"href":"https:\/\/www.uhu.es\/catedra-aguasdehuelva\/index.php?rest_route=%2Fwp%2Fv2%2Fcomments&post=167"}],"version-history":[{"count":1,"href":"https:\/\/www.uhu.es\/catedra-aguasdehuelva\/index.php?rest_route=\/wp\/v2\/posts\/167\/revisions"}],"predecessor-version":[{"id":169,"href":"https:\/\/www.uhu.es\/catedra-aguasdehuelva\/index.php?rest_route=\/wp\/v2\/posts\/167\/revisions\/169"}],"wp:featuredmedia":[{"embeddable":true,"href":"https:\/\/www.uhu.es\/catedra-aguasdehuelva\/index.php?rest_route=\/wp\/v2\/media\/168"}],"wp:attachment":[{"href":"https:\/\/www.uhu.es\/catedra-aguasdehuelva\/index.php?rest_route=%2Fwp%2Fv2%2Fmedia&parent=167"}],"wp:term":[{"taxonomy":"category","embeddable":true,"href":"https:\/\/www.uhu.es\/catedra-aguasdehuelva\/index.php?rest_route=%2Fwp%2Fv2%2Fcategories&post=167"},{"taxonomy":"post_tag","embeddable":true,"href":"https:\/\/www.uhu.es\/catedra-aguasdehuelva\/index.php?rest_route=%2Fwp%2Fv2%2Ftags&post=167"}],"curies":[{"name":"wp","href":"https:\/\/api.w.org\/{rel}","templated":true}]}}