{"id":171,"date":"2022-11-15T17:59:14","date_gmt":"2022-11-15T17:59:14","guid":{"rendered":"http:\/\/www.uhu.es\/catedra-aguasdehuelva\/?p=171"},"modified":"2023-11-09T12:15:21","modified_gmt":"2023-11-09T12:15:21","slug":"entrega-de-premios-a-trabajos-finales-de-grado-y-master","status":"publish","type":"post","link":"https:\/\/www.uhu.es\/catedra-aguasdehuelva\/?p=171","title":{"rendered":"ENTREGA DE PREMIOS A TRABAJOS FINALES DE GRADO Y M\u00c1STER"},"content":{"rendered":"\n<p><\/p>\n\n\n\n<p>El \u00e9xito de los premios TFG y TFM de la C\u00e1tedra Aguas de Huelva se va consolidando a\u00f1o a a\u00f1o y en esta convocatoria se presentaron 59 trabajos, casi el doble que el a\u00f1o anterior. De ellos, se seleccionaron 20 trabajos que pasaron a la segunda fase. Finalmente, los premiados en cada una de las modalidades fueron:<\/p>\n\n\n\n<p>En la categor\u00eda TFG DE INNOVACI\u00d3N OPERATIVA Y MEDIO AMBIENTE, el primer premio recay\u00f3 en Abel Moreno Ram\u00edrez por su trabajo titulado \u2018Fauna de macroinvertebrados bent\u00f3nicos del r\u00edo Odiel (Huelva, Espa\u00f1a)\u2019, del Grado de Ciencias Ambientales, tutelado por el profesor \u2018Juan Carlos P\u00e9rez Quintero\u201d. En el trabajo se estudia la calidad del agua del r\u00edo Odiel utilizando indicadores biol\u00f3gicos, poniendo de manifiesto un buen estado que debe ser objeto de planes de conservaci\u00f3n, especialmente en la zona de cabecera. El segundo premio de esta modalidad se otorg\u00f3 a los alumnos Jos\u00e9 Manuel Berenguer Mart\u00ednez y Rub\u00e9n Rom\u00e1n Rond\u00e1n por su trabajo conjunto \u2018Colonizaci\u00f3n temprana de vegetaci\u00f3n en zonas afectadas por el incendio forestal de las Pe\u00f1uelas\u2019, del Grado de Ingenier\u00eda Forestal y del Medio Natural y tutorizado por el profesor Israel S\u00e1nchez Osorio. El Jurado valor\u00f3 la calidad y detalle de la memoria y sus aportaciones para conocer las principales condiciones para el restablecimiento de la vegetaci\u00f3n aut\u00f3ctona tras un incendio forestal, como el que afect\u00f3 al Parque Natural de Do\u00f1ana en 2017. Estos TFG est\u00e1n relacionados con los ODS 6 (Agua Limpia y Saneamiento) y 15 (Vida de los Ecosistemas Terrestres).<\/p>\n\n\n\n<p>En la modalidad TFG de INNOVACI\u00d3N SOCIAL, el primer premio se otorg\u00f3 a Gabriel G\u00f3mez Ruiz por el trabajo \u201cDise\u00f1o de un brazalete biotecnol\u00f3gico y de seguimiento para personas\u201d, dirigido por \u00c1ngel Mej\u00edas Borrero. En este trabajo del Grado de Ingenier\u00eda Electr\u00f3nica Industrial se ha dise\u00f1ado un brazalete para realizar el seguimiento de las constantes vitales de un ni\u00f1o\/a con necesidades especiales mientras est\u00e1 recibiendo una sesi\u00f3n de tratamiento a manos de un especialista (fisioterapeuta, logopeda, etc.), en colaboraci\u00f3n con la Asociaci\u00f3n Protectora de Personas con Discapacidad Intelectual de la Cuenca Minera (ASPROMIN). El segundo premio de esta categor\u00eda fue para el TFG del Grado de Educaci\u00f3n Infantil \u2018Arteterapia: un camino de experiencias art\u00edsticas en oncolog\u00eda pedi\u00e1trica\u2019 realizado por Cristina Recamales Gallardo y dirigido por Pilar Dom\u00ednguez Toscano, por su innovadora propuesta enfocada a la mejora de las condiciones de ni\u00f1os y ni\u00f1as hospitalizados con c\u00e1ncer. Los ODS relacionados con estos TFM son el 3 (Salud y Bienestar), 4 (Educaci\u00f3n de Calidad y 10 (Reducci\u00f3n de las Desigualdades).<\/p>\n\n\n\n<p>En cuanto a los premios a los TFM de INNOVACI\u00d3N OPERATIVA Y MEDIO AMBIENTE, la m\u00e1xima distinci\u00f3n fue para el trabajo del M\u00e1ster de Ingenier\u00eda Industrial titulado \u2018Dise\u00f1o y control de un electrolizador de tecnolog\u00eda PEM\u2019, realizado por Julio Jos\u00e9 Caparr\u00f3s Mancera y tutorizado por la profesora Francisca Segura Manzano. Este trabajo investiga las posibilidades de mejora de la tecnolog\u00eda de producci\u00f3n de hidr\u00f3geno mediante la electr\u00f3lisis del agua, sin generaci\u00f3n de contaminantes y con el uso de energ\u00edas renovables. El hidr\u00f3geno producido supondr\u00eda un vector energ\u00e9tico capaz de llegar a \u00e1reas remotas y con ello favorecer el desarrollo social e industrial. El segundo premio se otorg\u00f3 a Andr\u00e9s Iglesias Canabal, tambi\u00e9n del M\u00e1ster de Ingenier\u00eda Industrial, por el TFM titulado \u2018Estudio para la instalaci\u00f3n de una bomba de calor geot\u00e9rmica en una vivienda unifamilar\u2019 y dirigido por Jos\u00e9 Mac\u00edas Mac\u00edas, por su contribuci\u00f3n para el desarrollo de otro energ\u00eda renovable como es la geot\u00e9rmica, utilizando el calor del interior de la tierra mediante una bomba de calor. Ambos trabajos est\u00e1n relacionados directamente con los ODS 7 (Energ\u00eda Asequible y No Contaminante) y 13 (Acci\u00f3n por el Clima).<\/p>\n\n\n\n<p>Por \u00faltimo, en los TFM INNOVACI\u00d3N SOCIAL el primer premio recay\u00f3 en Roc\u00edo C\u00f3zar Espinosa por el trabajo \u2018Barreras de comunicaci\u00f3n en el alumnado con trastorno del espectro autista\u2019, del M\u00e1ster de Educaci\u00f3n Especial, dirigido por la profesora Mar\u00eda Jos\u00e9 Carrasco Mac\u00edas. Su objetivo es ayudar a los docentes a disminuir las barreras de comunicaci\u00f3n verbal y funcional que presentan estos alumnos\/as y conseguir que sean lo m\u00e1s aut\u00f3nomos posible en su vida diaria mediante un sistema de comunicaci\u00f3n alternativo con tablets. El segundo premio fue para Juan Gabriel Cubero Urbano por su trabajo del M\u00e1ster de Educaci\u00f3n Espacial: \u2018Personas adultas con discapacidad intelectual: el desarrollo de h\u00e1bitos de autonom\u00eda\u2019, dirigido por Asunci\u00f3n Moya Maya. Pretende desarrollar los h\u00e1bitos de autonom\u00eda en el uso de las TIC de este colectivo, para fomentar su participaci\u00f3n social y, en definitiva, su calidad de vida. Estos trabajos contribuyen a los ODS 3 (Salud y Bienestar), 4 (Educaci\u00f3n de Calidad) y 10 (Reducci\u00f3n de las Desigualdades).<\/p>\n\n\n\n<p>Aunque tradicionalmente el acto de entrega de los premios se celebra en diciembre, en esta ocasi\u00f3n se retras\u00f3 por la situaci\u00f3n generada por la pandemia Covid-19, realiz\u00e1ndose el 5 de marzo de 2021. Los premios se han entregado en un sencillo acto, con presencialidad limitada, celebrado en el Sal\u00f3n de Actos del Jacobo del Barco, y que ha contado con la presencia de la rectora de la Onubense, Mar\u00eda Antonia Pe\u00f1a, acompa\u00f1ada por el director de la C\u00e1tedra, Manuel Ol\u00edas; la directora gerente de Emahsa, Isabel Butr\u00f3n; el teniente de alcalde de Urbanismo, Medio Ambiente y Transici\u00f3n Ecol\u00f3gica del Ayuntamiento de Huelva, Manuel G\u00f3mez; la vicerrectora de Innovaci\u00f3n y Empleabilidad, Isabel Mar\u00eda Rodr\u00edguez; y el director de C\u00e1tedras Externas, Francisco Barba.<\/p>\n\n\n\n<p>En su intervenci\u00f3n, Mar\u00eda Antonia Pe\u00f1a, manifest\u00f3 el \u201corgullo\u201d que ha sentido \u201ccomo rectora y profesora\u201d al comprobar la calidad de los trabajos presentados. \u201cCon estos premios, reconocemos el talento investigador de nuestra Universidad, y tambi\u00e9n el compromiso de nuestros estudiantes\u201d, subray\u00f3 Pe\u00f1a. La rectora ha destacado la variedad tem\u00e1tica y el marco de los Objetivos de Desarrollo Sostenible, del que han derivado \u201ctemas todos interesantes necesarios, enfocados a lo que el mundo necesita\u201d. Por otro lado, incidi\u00f3 en que los trabajos premiados en esta cuarta convocatoria tienen m\u00e1s valor si cabe, teniendo en cuenta que \u201cse han tenido que desarrollar en unas condiciones particularmente adversas y an\u00f3malas para la vida universitaria\u201d, como es la pandemia del Covid-19.<\/p>\n\n\n\n<p>Isabel Mar\u00eda Rodr\u00edguez, vicerrectora de Innovaci\u00f3n y Empleabilidad, y Francisco Barba, director de C\u00e1tedras Externas, recalcaron el compromiso de Aguas de Huelva con la Universidad de Huelva manteniendo y consolidando esta c\u00e1tedra y estos Premios a TFG y TFM, as\u00ed como han subrayado el acierto de Emahsa para enmarcar esta convocatoria en la consecuci\u00f3n de los ODS. \u201cHemos visto investigadores y estudiantes comprometidos con cambiar y mejorar su entorno, demostrando no s\u00f3lo el talento, sino tambi\u00e9n la calidad humana\u201d, ha dicho Rodr\u00edguez.<\/p>\n\n\n\n<p>Por su parte, Isabel Butr\u00f3n, directora gerente de Aguas de Huelva, felicit\u00f3 a todos los premiados por la alt\u00edsima calidad de sus trabajos de fin de grado y de m\u00e1ster, y tambi\u00e9n por plantear proyectos que ayudan a mejorar la calidad de vida de las personas y nuestro entorno\u201d. Asimismo, ha querido hacer hincapi\u00e9 en \u201ctodas las grandes cosas que podemos conseguir a trav\u00e9s de la uni\u00f3n de sinergias, como las que generamos con nuestra alianza la Universidad de Huelva, Emahsa y el Ayuntamiento de Huelva\u201d. Finalmente, el teniente de alcalde Manuel G\u00f3mez, en representaci\u00f3n del Ayuntamiento de Huelva, tambi\u00e9n ha reiterado la relevancia de estas sinergias, como la propia Emahsa, que es ejemplo de alianza p\u00fablico-privada.<\/p>\n\n\n\n<p>El acto puede verse en:<br><a href=\"https:\/\/www.youtube.com\/watch?v=ez5bPMoBWxc\">https:\/\/www.youtube.com\/watch?v=ez5bPMoBWxc<\/a><\/p>\n","protected":false},"excerpt":{"rendered":"<p>El \u00e9xito de los premios TFG y TFM de la C\u00e1tedra Aguas de Huelva se va consolidando a\u00f1o a a\u00f1o y en esta convocatoria se presentaron 59 trabajos, casi el doble que el a\u00f1o anterior. De ellos, se seleccionaron 20 trabajos que pasaron a la segunda fase. Finalmente, los premiados en cada una de las [&hellip;]<\/p>\n","protected":false},"author":1,"featured_media":172,"comment_status":"closed","ping_status":"closed","sticky":false,"template":"","format":"standard","meta":{"_et_pb_use_builder":"off","_et_pb_old_content":"","_et_gb_content_width":""},"categories":[11],"tags":[],"_links":{"self":[{"href":"https:\/\/www.uhu.es\/catedra-aguasdehuelva\/index.php?rest_route=\/wp\/v2\/posts\/171"}],"collection":[{"href":"https:\/\/www.uhu.es\/catedra-aguasdehuelva\/index.php?rest_route=\/wp\/v2\/posts"}],"about":[{"href":"https:\/\/www.uhu.es\/catedra-aguasdehuelva\/index.php?rest_route=\/wp\/v2\/types\/post"}],"author":[{"embeddable":true,"href":"https:\/\/www.uhu.es\/catedra-aguasdehuelva\/index.php?rest_route=\/wp\/v2\/users\/1"}],"replies":[{"embeddable":true,"href":"https:\/\/www.uhu.es\/catedra-aguasdehuelva\/index.php?rest_route=%2Fwp%2Fv2%2Fcomments&post=171"}],"version-history":[{"count":1,"href":"https:\/\/www.uhu.es\/catedra-aguasdehuelva\/index.php?rest_route=\/wp\/v2\/posts\/171\/revisions"}],"predecessor-version":[{"id":173,"href":"https:\/\/www.uhu.es\/catedra-aguasdehuelva\/index.php?rest_route=\/wp\/v2\/posts\/171\/revisions\/173"}],"wp:featuredmedia":[{"embeddable":true,"href":"https:\/\/www.uhu.es\/catedra-aguasdehuelva\/index.php?rest_route=\/wp\/v2\/media\/172"}],"wp:attachment":[{"href":"https:\/\/www.uhu.es\/catedra-aguasdehuelva\/index.php?rest_route=%2Fwp%2Fv2%2Fmedia&parent=171"}],"wp:term":[{"taxonomy":"category","embeddable":true,"href":"https:\/\/www.uhu.es\/catedra-aguasdehuelva\/index.php?rest_route=%2Fwp%2Fv2%2Fcategories&post=171"},{"taxonomy":"post_tag","embeddable":true,"href":"https:\/\/www.uhu.es\/catedra-aguasdehuelva\/index.php?rest_route=%2Fwp%2Fv2%2Ftags&post=171"}],"curies":[{"name":"wp","href":"https:\/\/api.w.org\/{rel}","templated":true}]}}