{"id":174,"date":"2022-11-15T18:00:23","date_gmt":"2022-11-15T18:00:23","guid":{"rendered":"http:\/\/www.uhu.es\/catedra-aguasdehuelva\/?p=174"},"modified":"2023-11-09T12:15:14","modified_gmt":"2023-11-09T12:15:14","slug":"curso-de-monitor-ambiental-el-agua-y-su-importancia-para-la-vida","status":"publish","type":"post","link":"https:\/\/www.uhu.es\/catedra-aguasdehuelva\/?p=174","title":{"rendered":"CURSO DE MONITOR AMBIENTAL \u2018EL AGUA Y SU IMPORTANCIA PARA LA VIDA\u2019"},"content":{"rendered":"\n<p><\/p>\n\n\n\n<p>Coincidiendo con la celebraci\u00f3n del D\u00eda Mundial del Agua, un a\u00f1o m\u00e1s patrocinamos el curso de Monitor Ambiental organizado por el Aula de Sostenibilidad de la Universidad. En esta ocasi\u00f3n vers\u00f3 sobre \u2018El Agua y su importancia para la Vida\u2019 incluyendo los retos a los que nos enfrentamos y su importancia en los Objetivos de Desarrollo Sostenible. El curso se realiz\u00f3 por videoconferencia entre los d\u00edas 15 y 19 de marzo y fue impartido por divulgadores de la empresa PLATALEA, cubri\u00e9ndose las 30 plazas ofertadas.<\/p>\n","protected":false},"excerpt":{"rendered":"<p>Coincidiendo con la celebraci\u00f3n del D\u00eda Mundial del Agua, un a\u00f1o m\u00e1s patrocinamos el curso de Monitor Ambiental organizado por el Aula de Sostenibilidad de la Universidad. En esta ocasi\u00f3n vers\u00f3 sobre \u2018El Agua y su importancia para la Vida\u2019 incluyendo los retos a los que nos enfrentamos y su importancia en los Objetivos de [&hellip;]<\/p>\n","protected":false},"author":1,"featured_media":175,"comment_status":"closed","ping_status":"closed","sticky":false,"template":"","format":"standard","meta":{"_et_pb_use_builder":"off","_et_pb_old_content":"","_et_gb_content_width":""},"categories":[11],"tags":[],"_links":{"self":[{"href":"https:\/\/www.uhu.es\/catedra-aguasdehuelva\/index.php?rest_route=\/wp\/v2\/posts\/174"}],"collection":[{"href":"https:\/\/www.uhu.es\/catedra-aguasdehuelva\/index.php?rest_route=\/wp\/v2\/posts"}],"about":[{"href":"https:\/\/www.uhu.es\/catedra-aguasdehuelva\/index.php?rest_route=\/wp\/v2\/types\/post"}],"author":[{"embeddable":true,"href":"https:\/\/www.uhu.es\/catedra-aguasdehuelva\/index.php?rest_route=\/wp\/v2\/users\/1"}],"replies":[{"embeddable":true,"href":"https:\/\/www.uhu.es\/catedra-aguasdehuelva\/index.php?rest_route=%2Fwp%2Fv2%2Fcomments&post=174"}],"version-history":[{"count":1,"href":"https:\/\/www.uhu.es\/catedra-aguasdehuelva\/index.php?rest_route=\/wp\/v2\/posts\/174\/revisions"}],"predecessor-version":[{"id":176,"href":"https:\/\/www.uhu.es\/catedra-aguasdehuelva\/index.php?rest_route=\/wp\/v2\/posts\/174\/revisions\/176"}],"wp:featuredmedia":[{"embeddable":true,"href":"https:\/\/www.uhu.es\/catedra-aguasdehuelva\/index.php?rest_route=\/wp\/v2\/media\/175"}],"wp:attachment":[{"href":"https:\/\/www.uhu.es\/catedra-aguasdehuelva\/index.php?rest_route=%2Fwp%2Fv2%2Fmedia&parent=174"}],"wp:term":[{"taxonomy":"category","embeddable":true,"href":"https:\/\/www.uhu.es\/catedra-aguasdehuelva\/index.php?rest_route=%2Fwp%2Fv2%2Fcategories&post=174"},{"taxonomy":"post_tag","embeddable":true,"href":"https:\/\/www.uhu.es\/catedra-aguasdehuelva\/index.php?rest_route=%2Fwp%2Fv2%2Ftags&post=174"}],"curies":[{"name":"wp","href":"https:\/\/api.w.org\/{rel}","templated":true}]}}