{"id":177,"date":"2022-11-15T18:01:18","date_gmt":"2022-11-15T18:01:18","guid":{"rendered":"http:\/\/www.uhu.es\/catedra-aguasdehuelva\/?p=177"},"modified":"2023-11-09T12:15:10","modified_gmt":"2023-11-09T12:15:10","slug":"concurso-humedales","status":"publish","type":"post","link":"https:\/\/www.uhu.es\/catedra-aguasdehuelva\/?p=177","title":{"rendered":"CONCURSO HUMEDALES"},"content":{"rendered":"\n<p><\/p>\n\n\n\n<p>Nos sumamos a la conmemoraci\u00f3n del D\u00eda Mundial del Agua, que este a\u00f1o tiene como lema \u2018Valoremos el Agua\u2019, con un concurso organizado junto con el Aula de Sostenibilidad sobre los principales humedales de la provincia de Huelva, en los que los participantes ten\u00edan que identificar 10 humedales emblem\u00e1ticos de la provincia de Huelva. La ganadora consigui\u00f3 una fant\u00e1stica bicicleta plegable para promover la movilidad sostenible y todos los participantes recibieron botellas recargables de la C\u00e1tedra con el fin de fomentar el consumo de agua de grifo, que en la ciudad de Huelva tiene una excelente calidad, y reducir los impactos por el consumo de botellas de agua mineral.<\/p>\n","protected":false},"excerpt":{"rendered":"<p>Nos sumamos a la conmemoraci\u00f3n del D\u00eda Mundial del Agua, que este a\u00f1o tiene como lema \u2018Valoremos el Agua\u2019, con un concurso organizado junto con el Aula de Sostenibilidad sobre los principales humedales de la provincia de Huelva, en los que los participantes ten\u00edan que identificar 10 humedales emblem\u00e1ticos de la provincia de Huelva. La [&hellip;]<\/p>\n","protected":false},"author":1,"featured_media":178,"comment_status":"closed","ping_status":"closed","sticky":false,"template":"","format":"standard","meta":{"_et_pb_use_builder":"off","_et_pb_old_content":"","_et_gb_content_width":""},"categories":[11],"tags":[],"_links":{"self":[{"href":"https:\/\/www.uhu.es\/catedra-aguasdehuelva\/index.php?rest_route=\/wp\/v2\/posts\/177"}],"collection":[{"href":"https:\/\/www.uhu.es\/catedra-aguasdehuelva\/index.php?rest_route=\/wp\/v2\/posts"}],"about":[{"href":"https:\/\/www.uhu.es\/catedra-aguasdehuelva\/index.php?rest_route=\/wp\/v2\/types\/post"}],"author":[{"embeddable":true,"href":"https:\/\/www.uhu.es\/catedra-aguasdehuelva\/index.php?rest_route=\/wp\/v2\/users\/1"}],"replies":[{"embeddable":true,"href":"https:\/\/www.uhu.es\/catedra-aguasdehuelva\/index.php?rest_route=%2Fwp%2Fv2%2Fcomments&post=177"}],"version-history":[{"count":1,"href":"https:\/\/www.uhu.es\/catedra-aguasdehuelva\/index.php?rest_route=\/wp\/v2\/posts\/177\/revisions"}],"predecessor-version":[{"id":179,"href":"https:\/\/www.uhu.es\/catedra-aguasdehuelva\/index.php?rest_route=\/wp\/v2\/posts\/177\/revisions\/179"}],"wp:featuredmedia":[{"embeddable":true,"href":"https:\/\/www.uhu.es\/catedra-aguasdehuelva\/index.php?rest_route=\/wp\/v2\/media\/178"}],"wp:attachment":[{"href":"https:\/\/www.uhu.es\/catedra-aguasdehuelva\/index.php?rest_route=%2Fwp%2Fv2%2Fmedia&parent=177"}],"wp:term":[{"taxonomy":"category","embeddable":true,"href":"https:\/\/www.uhu.es\/catedra-aguasdehuelva\/index.php?rest_route=%2Fwp%2Fv2%2Fcategories&post=177"},{"taxonomy":"post_tag","embeddable":true,"href":"https:\/\/www.uhu.es\/catedra-aguasdehuelva\/index.php?rest_route=%2Fwp%2Fv2%2Ftags&post=177"}],"curies":[{"name":"wp","href":"https:\/\/api.w.org\/{rel}","templated":true}]}}