{"id":183,"date":"2022-11-15T18:04:28","date_gmt":"2022-11-15T18:04:28","guid":{"rendered":"http:\/\/www.uhu.es\/catedra-aguasdehuelva\/?p=183"},"modified":"2023-11-09T12:15:00","modified_gmt":"2023-11-09T12:15:00","slug":"constitucion-de-la-red-de-catedras-del-agua","status":"publish","type":"post","link":"https:\/\/www.uhu.es\/catedra-aguasdehuelva\/?p=183","title":{"rendered":"CONSTITUCI\u00d3N DE LA RED DE C\u00c1TEDRAS DEL AGUA"},"content":{"rendered":"\n<p><\/p>\n\n\n\n<p>Hemos participado en la jornada de constituci\u00f3n de la \u2018Red de C\u00e1tedras del Agua\u2019 impulsada por el Grupo Agbar junto con otras 8 c\u00e1tedras de las Universidades Polit\u00e9cnica de Catalu\u00f1a, Granada, M\u00e1laga, Cat\u00f3lica de Murcia, Las Palmas de Gran Canaria, Murcia y la Universidad Nacional de Educaci\u00f3n a Distancia. En la jornada intervinieron, adem\u00e1s de los Directores\/as de cada C\u00e1tedra, Manuel Cermer\u00f3n, CEO de Suez Espa\u00f1a y Carlos Montero, Chief Technology Officer. El objetivo principal es aumentar las sinergias entre las C\u00e1tedras para contribuir a una transici\u00f3n Ecol\u00f3gica y Justa desde el \u00c1mbito del Agua. Para ello, se constituir\u00e1n varios grupos de trabajo sobre Econom\u00eda Circular, Calidad Medioambiental, Eficiencia Energ\u00e9tica y promoci\u00f3n del Talento.<\/p>\n","protected":false},"excerpt":{"rendered":"<p>Hemos participado en la jornada de constituci\u00f3n de la \u2018Red de C\u00e1tedras del Agua\u2019 impulsada por el Grupo Agbar junto con otras 8 c\u00e1tedras de las Universidades Polit\u00e9cnica de Catalu\u00f1a, Granada, M\u00e1laga, Cat\u00f3lica de Murcia, Las Palmas de Gran Canaria, Murcia y la Universidad Nacional de Educaci\u00f3n a Distancia. En la jornada intervinieron, adem\u00e1s de [&hellip;]<\/p>\n","protected":false},"author":1,"featured_media":184,"comment_status":"closed","ping_status":"closed","sticky":false,"template":"","format":"standard","meta":{"_et_pb_use_builder":"off","_et_pb_old_content":"","_et_gb_content_width":""},"categories":[11],"tags":[],"_links":{"self":[{"href":"https:\/\/www.uhu.es\/catedra-aguasdehuelva\/index.php?rest_route=\/wp\/v2\/posts\/183"}],"collection":[{"href":"https:\/\/www.uhu.es\/catedra-aguasdehuelva\/index.php?rest_route=\/wp\/v2\/posts"}],"about":[{"href":"https:\/\/www.uhu.es\/catedra-aguasdehuelva\/index.php?rest_route=\/wp\/v2\/types\/post"}],"author":[{"embeddable":true,"href":"https:\/\/www.uhu.es\/catedra-aguasdehuelva\/index.php?rest_route=\/wp\/v2\/users\/1"}],"replies":[{"embeddable":true,"href":"https:\/\/www.uhu.es\/catedra-aguasdehuelva\/index.php?rest_route=%2Fwp%2Fv2%2Fcomments&post=183"}],"version-history":[{"count":1,"href":"https:\/\/www.uhu.es\/catedra-aguasdehuelva\/index.php?rest_route=\/wp\/v2\/posts\/183\/revisions"}],"predecessor-version":[{"id":185,"href":"https:\/\/www.uhu.es\/catedra-aguasdehuelva\/index.php?rest_route=\/wp\/v2\/posts\/183\/revisions\/185"}],"wp:featuredmedia":[{"embeddable":true,"href":"https:\/\/www.uhu.es\/catedra-aguasdehuelva\/index.php?rest_route=\/wp\/v2\/media\/184"}],"wp:attachment":[{"href":"https:\/\/www.uhu.es\/catedra-aguasdehuelva\/index.php?rest_route=%2Fwp%2Fv2%2Fmedia&parent=183"}],"wp:term":[{"taxonomy":"category","embeddable":true,"href":"https:\/\/www.uhu.es\/catedra-aguasdehuelva\/index.php?rest_route=%2Fwp%2Fv2%2Fcategories&post=183"},{"taxonomy":"post_tag","embeddable":true,"href":"https:\/\/www.uhu.es\/catedra-aguasdehuelva\/index.php?rest_route=%2Fwp%2Fv2%2Ftags&post=183"}],"curies":[{"name":"wp","href":"https:\/\/api.w.org\/{rel}","templated":true}]}}