{"id":399,"date":"2023-03-27T11:26:49","date_gmt":"2023-03-27T11:26:49","guid":{"rendered":"http:\/\/www.uhu.es\/catedra-aguasdehuelva\/?p=399"},"modified":"2023-03-27T11:26:50","modified_gmt":"2023-03-27T11:26:50","slug":"reunion-director-gerente-de-aguas-de-huelva-y-la-rectora-de-la-universidad-de-huelva","status":"publish","type":"post","link":"https:\/\/www.uhu.es\/catedra-aguasdehuelva\/?p=399","title":{"rendered":"REUNI\u00d3N DIRECTOR GERENTE DE AGUAS DE HUELVA Y LA RECTORA DE LA UNIVERSIDAD DE HUELVA"},"content":{"rendered":"\n<p><\/p>\n\n\n\n<p>En el d\u00eda de hoy se ha celebrado una reuni\u00f3n del nuevo Director Gerente de la Empresa Municipal de Aguas de Huelva, Pedro Pe\u00f1a Chac\u00f3n se ha reunido con la Rectora de la Universidad de Huelva, Mar\u00eda Antonia Pe\u00f1a Guerrero, para impulsar la colaboraci\u00f3n de ambas entidades en el marco de la C\u00e1tedra de Innovaci\u00f3n Social Aguas de Huelva. A la reuni\u00f3n tambi\u00e9n asistieron el resto de los miembros del Consejo de la C\u00e1tedra Aguas de Huelva.<\/p>\n","protected":false},"excerpt":{"rendered":"<p>En el d\u00eda de hoy se ha celebrado una reuni\u00f3n del nuevo Director Gerente de la Empresa Municipal de Aguas de Huelva, Pedro Pe\u00f1a Chac\u00f3n se ha reunido con la Rectora de la Universidad de Huelva, Mar\u00eda Antonia Pe\u00f1a Guerrero, para impulsar la colaboraci\u00f3n de ambas entidades en el marco de la C\u00e1tedra de Innovaci\u00f3n [&hellip;]<\/p>\n","protected":false},"author":1,"featured_media":400,"comment_status":"open","ping_status":"open","sticky":false,"template":"","format":"standard","meta":{"_et_pb_use_builder":"off","_et_pb_old_content":"","_et_gb_content_width":""},"categories":[5],"tags":[],"_links":{"self":[{"href":"https:\/\/www.uhu.es\/catedra-aguasdehuelva\/index.php?rest_route=\/wp\/v2\/posts\/399"}],"collection":[{"href":"https:\/\/www.uhu.es\/catedra-aguasdehuelva\/index.php?rest_route=\/wp\/v2\/posts"}],"about":[{"href":"https:\/\/www.uhu.es\/catedra-aguasdehuelva\/index.php?rest_route=\/wp\/v2\/types\/post"}],"author":[{"embeddable":true,"href":"https:\/\/www.uhu.es\/catedra-aguasdehuelva\/index.php?rest_route=\/wp\/v2\/users\/1"}],"replies":[{"embeddable":true,"href":"https:\/\/www.uhu.es\/catedra-aguasdehuelva\/index.php?rest_route=%2Fwp%2Fv2%2Fcomments&post=399"}],"version-history":[{"count":1,"href":"https:\/\/www.uhu.es\/catedra-aguasdehuelva\/index.php?rest_route=\/wp\/v2\/posts\/399\/revisions"}],"predecessor-version":[{"id":401,"href":"https:\/\/www.uhu.es\/catedra-aguasdehuelva\/index.php?rest_route=\/wp\/v2\/posts\/399\/revisions\/401"}],"wp:featuredmedia":[{"embeddable":true,"href":"https:\/\/www.uhu.es\/catedra-aguasdehuelva\/index.php?rest_route=\/wp\/v2\/media\/400"}],"wp:attachment":[{"href":"https:\/\/www.uhu.es\/catedra-aguasdehuelva\/index.php?rest_route=%2Fwp%2Fv2%2Fmedia&parent=399"}],"wp:term":[{"taxonomy":"category","embeddable":true,"href":"https:\/\/www.uhu.es\/catedra-aguasdehuelva\/index.php?rest_route=%2Fwp%2Fv2%2Fcategories&post=399"},{"taxonomy":"post_tag","embeddable":true,"href":"https:\/\/www.uhu.es\/catedra-aguasdehuelva\/index.php?rest_route=%2Fwp%2Fv2%2Ftags&post=399"}],"curies":[{"name":"wp","href":"https:\/\/api.w.org\/{rel}","templated":true}]}}