{"id":409,"date":"2023-03-27T11:31:08","date_gmt":"2023-03-27T11:31:08","guid":{"rendered":"http:\/\/www.uhu.es\/catedra-aguasdehuelva\/?p=409"},"modified":"2023-03-27T11:31:25","modified_gmt":"2023-03-27T11:31:25","slug":"inauguracion-del-proyecto-cuida5","status":"publish","type":"post","link":"https:\/\/www.uhu.es\/catedra-aguasdehuelva\/?p=409","title":{"rendered":"INAUGURACI\u00d3N DEL PROYECTO CUIDA5+"},"content":{"rendered":"\n<p><\/p>\n\n\n\n<p>El 6 de octubre arranc\u00f3 el Curso de Orientaci\u00f3n Laboral en el sector de los cuidados que se enmarca en el proyecto CUIDA 5+ cuyo objetivo es promover iniciativas de innovaci\u00f3n social en el sector de los cuidados. El proyecto result\u00f3 financiado en el marco de la convocatoria de la C\u00e1tedra \u2018Act\u00faa por el Desarrollo Sostenible en Huelva\u2019.<\/p>\n\n\n\n<p>El curso va dirigido a las personas que trabajan en el sector del trabajo del hogar y los cuidados, fundamentalmente mujeres, y que van a recibir formaci\u00f3n en tres \u00e1mbitos: t\u00e9cnico, derecho laboral y emprendimiento. La formaci\u00f3n se impartir\u00e1 en una modalidad h\u00edbrida, pudiendo combinarse la asistencia presencial con la visualizaci\u00f3n on line de los contenidos a trav\u00e9s de la plataforma de la Universidad de Huelva http:\/\/open.uhu.es<\/p>\n\n\n\n<p>Se han inscrito unas 60 personas inscritas, que podr\u00e1n acceder a un t\u00edtulo propio de acci\u00f3n formativa por la Universidad de Huelva. Asimismo, 90 personas se han registrado para el seguimiento online (en streaming directo) del contenido del curso.<br>En la segunda fase tendr\u00e1n lugar una serie de talleres sectoriales dirigidos a instituciones locales, familias, PYMES, asociaciones y colectivos de trabajadoras del hogar y cuidados, abiertos al conjunto de la sociedad onubense para identificar las necesidades del sector y llevar a cabo un diagn\u00f3stico de la situaci\u00f3n del trabajo del hogar y cuidados en nuestra provincia. Este diagn\u00f3stico servir\u00e1 de base para la presentaci\u00f3n de propuestas.<\/p>\n\n\n\n<p>En la tercera fase se canalizar\u00e1n las iniciativas m\u00e1s innovadoras que el alumnado proponga, en el \u00e1mbito de la econom\u00eda social, y recibir\u00e1n el acompa\u00f1amiento del CADE para que puedan valorar la viabilidad de los emprendimientos que propongan. Las tres mejores iniciativas que se seleccionen por el equipo dinamizador podr\u00e1n recibir apoyo econ\u00f3mico en su constituci\u00f3n.<\/p>\n\n\n\n<p>En el proyecto CUIDA 5+ colaboran la Universidad de Huelva, el CADE (Centro Andaluz de Emprendimiento), FAECTA, la Asociaci\u00f3n Huelva para Tod@s y la C\u00e1tedra Aguas de Huelva, que financia el proyecto.<\/p>\n","protected":false},"excerpt":{"rendered":"<p>El 6 de octubre arranc\u00f3 el Curso de Orientaci\u00f3n Laboral en el sector de los cuidados que se enmarca en el proyecto CUIDA 5+ cuyo objetivo es promover iniciativas de innovaci\u00f3n social en el sector de los cuidados. El proyecto result\u00f3 financiado en el marco de la convocatoria de la C\u00e1tedra \u2018Act\u00faa por el Desarrollo [&hellip;]<\/p>\n","protected":false},"author":1,"featured_media":410,"comment_status":"open","ping_status":"open","sticky":false,"template":"","format":"standard","meta":{"_et_pb_use_builder":"off","_et_pb_old_content":"","_et_gb_content_width":""},"categories":[5],"tags":[],"_links":{"self":[{"href":"https:\/\/www.uhu.es\/catedra-aguasdehuelva\/index.php?rest_route=\/wp\/v2\/posts\/409"}],"collection":[{"href":"https:\/\/www.uhu.es\/catedra-aguasdehuelva\/index.php?rest_route=\/wp\/v2\/posts"}],"about":[{"href":"https:\/\/www.uhu.es\/catedra-aguasdehuelva\/index.php?rest_route=\/wp\/v2\/types\/post"}],"author":[{"embeddable":true,"href":"https:\/\/www.uhu.es\/catedra-aguasdehuelva\/index.php?rest_route=\/wp\/v2\/users\/1"}],"replies":[{"embeddable":true,"href":"https:\/\/www.uhu.es\/catedra-aguasdehuelva\/index.php?rest_route=%2Fwp%2Fv2%2Fcomments&post=409"}],"version-history":[{"count":2,"href":"https:\/\/www.uhu.es\/catedra-aguasdehuelva\/index.php?rest_route=\/wp\/v2\/posts\/409\/revisions"}],"predecessor-version":[{"id":412,"href":"https:\/\/www.uhu.es\/catedra-aguasdehuelva\/index.php?rest_route=\/wp\/v2\/posts\/409\/revisions\/412"}],"wp:featuredmedia":[{"embeddable":true,"href":"https:\/\/www.uhu.es\/catedra-aguasdehuelva\/index.php?rest_route=\/wp\/v2\/media\/410"}],"wp:attachment":[{"href":"https:\/\/www.uhu.es\/catedra-aguasdehuelva\/index.php?rest_route=%2Fwp%2Fv2%2Fmedia&parent=409"}],"wp:term":[{"taxonomy":"category","embeddable":true,"href":"https:\/\/www.uhu.es\/catedra-aguasdehuelva\/index.php?rest_route=%2Fwp%2Fv2%2Fcategories&post=409"},{"taxonomy":"post_tag","embeddable":true,"href":"https:\/\/www.uhu.es\/catedra-aguasdehuelva\/index.php?rest_route=%2Fwp%2Fv2%2Ftags&post=409"}],"curies":[{"name":"wp","href":"https:\/\/api.w.org\/{rel}","templated":true}]}}