{"id":432,"date":"2023-03-27T11:39:10","date_gmt":"2023-03-27T11:39:10","guid":{"rendered":"http:\/\/www.uhu.es\/catedra-aguasdehuelva\/?p=432"},"modified":"2023-03-27T11:39:11","modified_gmt":"2023-03-27T11:39:11","slug":"visitas-guiadas-senores-del-agua","status":"publish","type":"post","link":"https:\/\/www.uhu.es\/catedra-aguasdehuelva\/?p=432","title":{"rendered":"VISITAS GUIADAS \u2018SE\u00d1ORES DEL AGUA\u2019"},"content":{"rendered":"\n<p><\/p>\n\n\n\n<p>Tras alcanzarse en Huelva el nivel de alerta sanitaria cero por el Covid, la C\u00e1tedra Aguas de Huelva en colaboraci\u00f3n con la empresa de divulgaci\u00f3n Platalea reinician las visitas guiadas para conocer y poner en valor el patrimonio ligado a la historia del agua en nuestra ciudad.<\/p>\n\n\n\n<p>En esta ocasi\u00f3n, se realizar\u00e1 el recorrido titulado \u00abLos Se\u00f1ores del Agua\u00bb, que nos trasladar\u00e1 a la historia de las primeras redes de suministro privadas que se desarrollaron a partir de finales del siglo XIX en la ciudad de Huelva, una vez que el agua del sistema de galer\u00edas subterr\u00e1neas de Fuente Vieja no era suficiente para el abastecimiento de la creciente poblaci\u00f3n. Ya bien entrado el siglo XX, se acometer\u00e1 la tra\u00edda p\u00fablica de agua desde el embalse de Beas (propiedad de la empresa Aguas de Huelva), lo que supondr\u00e1 el inicio del actual sistema de suministro de agua. Aparecieron entonces iniciativas llevadas a cabo por personas relevantes de la ciudad como Antonio de Mora y Garc\u00eda, Guillermo Sundheim o Manuel V\u00e1zquez L\u00f3pez, cuyos nombres y legado nos acompa\u00f1ar\u00e1n durante estas visitas.<\/p>\n\n\n\n<p>Los recorridos tienen una duraci\u00f3n de unas 2 horas y se realizar\u00e1n los primeros s\u00e1bados de cada mes, se inician en la Plaza de la Merced y finalizan en la Casa Col\u00f3n. Es una actividad totalmente gratuita, pero es necesario inscribirse previamente en https:\/\/www.platalea.com\/los-senores-del-agua\/<\/p>\n","protected":false},"excerpt":{"rendered":"<p>Tras alcanzarse en Huelva el nivel de alerta sanitaria cero por el Covid, la C\u00e1tedra Aguas de Huelva en colaboraci\u00f3n con la empresa de divulgaci\u00f3n Platalea reinician las visitas guiadas para conocer y poner en valor el patrimonio ligado a la historia del agua en nuestra ciudad. En esta ocasi\u00f3n, se realizar\u00e1 el recorrido titulado [&hellip;]<\/p>\n","protected":false},"author":1,"featured_media":433,"comment_status":"open","ping_status":"open","sticky":false,"template":"","format":"standard","meta":{"_et_pb_use_builder":"off","_et_pb_old_content":"","_et_gb_content_width":""},"categories":[5],"tags":[],"_links":{"self":[{"href":"https:\/\/www.uhu.es\/catedra-aguasdehuelva\/index.php?rest_route=\/wp\/v2\/posts\/432"}],"collection":[{"href":"https:\/\/www.uhu.es\/catedra-aguasdehuelva\/index.php?rest_route=\/wp\/v2\/posts"}],"about":[{"href":"https:\/\/www.uhu.es\/catedra-aguasdehuelva\/index.php?rest_route=\/wp\/v2\/types\/post"}],"author":[{"embeddable":true,"href":"https:\/\/www.uhu.es\/catedra-aguasdehuelva\/index.php?rest_route=\/wp\/v2\/users\/1"}],"replies":[{"embeddable":true,"href":"https:\/\/www.uhu.es\/catedra-aguasdehuelva\/index.php?rest_route=%2Fwp%2Fv2%2Fcomments&post=432"}],"version-history":[{"count":1,"href":"https:\/\/www.uhu.es\/catedra-aguasdehuelva\/index.php?rest_route=\/wp\/v2\/posts\/432\/revisions"}],"predecessor-version":[{"id":434,"href":"https:\/\/www.uhu.es\/catedra-aguasdehuelva\/index.php?rest_route=\/wp\/v2\/posts\/432\/revisions\/434"}],"wp:featuredmedia":[{"embeddable":true,"href":"https:\/\/www.uhu.es\/catedra-aguasdehuelva\/index.php?rest_route=\/wp\/v2\/media\/433"}],"wp:attachment":[{"href":"https:\/\/www.uhu.es\/catedra-aguasdehuelva\/index.php?rest_route=%2Fwp%2Fv2%2Fmedia&parent=432"}],"wp:term":[{"taxonomy":"category","embeddable":true,"href":"https:\/\/www.uhu.es\/catedra-aguasdehuelva\/index.php?rest_route=%2Fwp%2Fv2%2Fcategories&post=432"},{"taxonomy":"post_tag","embeddable":true,"href":"https:\/\/www.uhu.es\/catedra-aguasdehuelva\/index.php?rest_route=%2Fwp%2Fv2%2Ftags&post=432"}],"curies":[{"name":"wp","href":"https:\/\/api.w.org\/{rel}","templated":true}]}}