{"id":435,"date":"2023-03-27T11:39:58","date_gmt":"2023-03-27T11:39:58","guid":{"rendered":"http:\/\/www.uhu.es\/catedra-aguasdehuelva\/?p=435"},"modified":"2023-03-27T11:39:59","modified_gmt":"2023-03-27T11:39:59","slug":"jornadas-sciencity-en-la-uhu","status":"publish","type":"post","link":"https:\/\/www.uhu.es\/catedra-aguasdehuelva\/?p=435","title":{"rendered":"JORNADAS SCIENCITY EN LA UHU"},"content":{"rendered":"\n<p><\/p>\n\n\n\n<p>Colaboramos con las jornadas ScienCity que se celebran en la Universidad de Huelva, un foro de divulgaci\u00f3n cient\u00edfica y tecnol\u00f3gica en el que el principal objetivo es fomentar la cultura cient\u00edfica y tecnol\u00f3gica. El programa incluye un ciclo de ponencias, talleres y un concurso de ideas para dar a conocer a la sociedad los conocimientos y tecnolog\u00edas emergentes investigados en las universidades, informar de experiencias, servicios e iniciativas puestas ya en marcha por instituciones y empresas, incentivar la creaci\u00f3n de ideas y posibilidades de desarrollo conjuntas, as\u00ed como implicar y provocar la participaci\u00f3n ciudadana. Entre otras actividades, se puede contemplar la exposici\u00f3n de veh\u00edculos el\u00e9ctricos con la participaci\u00f3n de marcas como Tesla, Mercedes, BMW, Volvo, Mini y KIA.<\/p>\n","protected":false},"excerpt":{"rendered":"<p>Colaboramos con las jornadas ScienCity que se celebran en la Universidad de Huelva, un foro de divulgaci\u00f3n cient\u00edfica y tecnol\u00f3gica en el que el principal objetivo es fomentar la cultura cient\u00edfica y tecnol\u00f3gica. El programa incluye un ciclo de ponencias, talleres y un concurso de ideas para dar a conocer a la sociedad los conocimientos [&hellip;]<\/p>\n","protected":false},"author":1,"featured_media":436,"comment_status":"open","ping_status":"open","sticky":false,"template":"","format":"standard","meta":{"_et_pb_use_builder":"off","_et_pb_old_content":"","_et_gb_content_width":""},"categories":[5],"tags":[],"_links":{"self":[{"href":"https:\/\/www.uhu.es\/catedra-aguasdehuelva\/index.php?rest_route=\/wp\/v2\/posts\/435"}],"collection":[{"href":"https:\/\/www.uhu.es\/catedra-aguasdehuelva\/index.php?rest_route=\/wp\/v2\/posts"}],"about":[{"href":"https:\/\/www.uhu.es\/catedra-aguasdehuelva\/index.php?rest_route=\/wp\/v2\/types\/post"}],"author":[{"embeddable":true,"href":"https:\/\/www.uhu.es\/catedra-aguasdehuelva\/index.php?rest_route=\/wp\/v2\/users\/1"}],"replies":[{"embeddable":true,"href":"https:\/\/www.uhu.es\/catedra-aguasdehuelva\/index.php?rest_route=%2Fwp%2Fv2%2Fcomments&post=435"}],"version-history":[{"count":1,"href":"https:\/\/www.uhu.es\/catedra-aguasdehuelva\/index.php?rest_route=\/wp\/v2\/posts\/435\/revisions"}],"predecessor-version":[{"id":437,"href":"https:\/\/www.uhu.es\/catedra-aguasdehuelva\/index.php?rest_route=\/wp\/v2\/posts\/435\/revisions\/437"}],"wp:featuredmedia":[{"embeddable":true,"href":"https:\/\/www.uhu.es\/catedra-aguasdehuelva\/index.php?rest_route=\/wp\/v2\/media\/436"}],"wp:attachment":[{"href":"https:\/\/www.uhu.es\/catedra-aguasdehuelva\/index.php?rest_route=%2Fwp%2Fv2%2Fmedia&parent=435"}],"wp:term":[{"taxonomy":"category","embeddable":true,"href":"https:\/\/www.uhu.es\/catedra-aguasdehuelva\/index.php?rest_route=%2Fwp%2Fv2%2Fcategories&post=435"},{"taxonomy":"post_tag","embeddable":true,"href":"https:\/\/www.uhu.es\/catedra-aguasdehuelva\/index.php?rest_route=%2Fwp%2Fv2%2Ftags&post=435"}],"curies":[{"name":"wp","href":"https:\/\/api.w.org\/{rel}","templated":true}]}}