{"id":798,"date":"2023-11-21T10:50:00","date_gmt":"2023-11-21T10:50:00","guid":{"rendered":"https:\/\/www.uhu.es\/catedra-aguasdehuelva\/?p=798"},"modified":"2023-11-23T11:19:26","modified_gmt":"2023-11-23T11:19:26","slug":"comienza-el-programa-solidario-alojamiento-con-corazon-de-la-casa-paco-giron-para-el-curso-2023-2024","status":"publish","type":"post","link":"https:\/\/www.uhu.es\/catedra-aguasdehuelva\/?p=798","title":{"rendered":"Comienza el programa solidario \u00abAlojamiento con Coraz\u00f3n\u00bb de la Casa Paco Gir\u00f3n para el curso 2023 &#8211; 2024"},"content":{"rendered":"\n<p><\/p>\n\n\n\n<p>Tres estudiantes de la Universidad participan en esta iniciativa solidaria en la Casa Paco Gir\u00f3n de Huelva con el apoyo de la C\u00e1tedra de Innvovaci\u00f3n Social Aguas de Huelva de la UHU. La Directora del Servicio de Atenci\u00f3n a la Comunidad Universitaria, Maril\u00f3 Guzm\u00e1n, acompa\u00f1ada por el concejal de Servicios Sociales, Familia y Accesibilidad del Ayuntamiento de Huelva, Jos\u00e9 Manuel Moreno, la Directora de la C\u00e1tedra de Innovaci\u00f3n Social Aguas de Huelva, Rosa Giles, la Directora de Desarrollo Sostenible de EMAHSA, Natividad Moya, el Coordinador de la Casa Paco Gir\u00f3n, Vicente Garc\u00eda, y la t\u00e9cnica del SACU, Isabel Suero, han dado la bienvenida a los alumnos del programa alternativo de alojamiento solidario \u201cALOJAMIENTO CON CORAZ\u00d3N\u201d.<\/p>\n\n\n\n<p>Durante este nuevo curso escolar 2023-2024, la Casa Paco Gir\u00f3n vuelve a contar con el patrocinio de la C\u00e1tedra de Innovaci\u00f3n Social Aguas de Huelva y con el apoyo de la Universidad de Huelva a trav\u00e9s de su Servicio de Atenci\u00f3n a la Comunidad Universitaria (SACU). Un proyecto alineado con los objetivos 10 y 17 de la Agenda 2030 de Naciones Unidas; reducci\u00f3n de las desigualdades y alianzas para lograr los objetivos.<\/p>\n\n\n\n<p>Las tres entidades contin\u00faan su apuesta por iniciar de nuevo durante este nuevo curso escolar su programa de alojamiento solidario destinado igualmente a estudiantes con recursos econ\u00f3micos limitados. El proyecto de alojamiento de la Casa Paco Gir\u00f3n est\u00e1 destinado a personas que requieren de un proyecto de autonom\u00eda personal, siendo un punto de \u201capoyo mutuo, integrador y de convivencia\u201d.<\/p>\n\n\n\n<p>La C\u00e1tedra de Innovaci\u00f3n Social de Aguas de Huelva patrocina la puesta en marcha de este Programa de Alojamiento Alternativo, que permite a estudiantes de la Universidad de Huelva alojarse en la Casa Paco Gir\u00f3n y participar en las actividades cotidianas de la casa por un precio simb\u00f3lico.&nbsp;<\/p>\n\n\n\n<p>En este sentido, los\/as alumnos\/as dar\u00e1n apoyo acad\u00e9mico en caso necesario a los dem\u00e1s habitantes del alojamiento, realizar\u00e1n actividades de ocio y tiempo libre con el resto de los j\u00f3venes con los que convivir\u00e1n en la casa, y colaborar\u00e1n en el cuidado y mantenimiento de \u00e9sta. De esta forma se facilita la ayuda mutua entre los miembros beneficiarios del mismo.<\/p>\n\n\n\n<p>Se trata de una importante iniciativa integradora para la prevenci\u00f3n y la lucha contra la exclusi\u00f3n social, fomentando adem\u00e1s valores como la solidaridad, el apoyo mutuo, la convivencia y el respeto, desde la empat\u00eda y enriqueciendo la vida universitaria.<\/p>\n\n\n\n<p>Adri\u00e1n, Enya, y Hala, estudiantes de Psicolog\u00eda, Educaci\u00f3n Social y Turismo de la Universidad de Huelva, compartir\u00e1n cocina, comedor y otras estancias, con otras personas que habitan la Casa Paco Gir\u00f3n, en un proyecto solidario para la convivencia y el crecimiento mutuo.<\/p>\n\n\n\n<p>Descubre m\u00e1s informaci\u00f3n sobre el programa solidario \u201cAlojamiento con Coraz\u00f3n\u201d en este audiovisual de Aguas de Huelva:&nbsp;<a href=\"https:\/\/youtu.be\/X5_FM1fptRo\">https:\/\/youtu.be\/X5_FM1fptRo<\/a><\/p>\n","protected":false},"excerpt":{"rendered":"<p>Tres estudiantes de la Universidad participan en esta iniciativa solidaria en la Casa Paco Gir\u00f3n de Huelva con el apoyo de la C\u00e1tedra de Innvovaci\u00f3n Social Aguas de Huelva de la UHU. La Directora del Servicio de Atenci\u00f3n a la Comunidad Universitaria, Maril\u00f3 Guzm\u00e1n, acompa\u00f1ada por el concejal de Servicios Sociales, Familia y Accesibilidad del [&hellip;]<\/p>\n","protected":false},"author":1,"featured_media":799,"comment_status":"open","ping_status":"open","sticky":false,"template":"","format":"standard","meta":{"_et_pb_use_builder":"off","_et_pb_old_content":"","_et_gb_content_width":""},"categories":[3,20],"tags":[],"_links":{"self":[{"href":"https:\/\/www.uhu.es\/catedra-aguasdehuelva\/index.php?rest_route=\/wp\/v2\/posts\/798"}],"collection":[{"href":"https:\/\/www.uhu.es\/catedra-aguasdehuelva\/index.php?rest_route=\/wp\/v2\/posts"}],"about":[{"href":"https:\/\/www.uhu.es\/catedra-aguasdehuelva\/index.php?rest_route=\/wp\/v2\/types\/post"}],"author":[{"embeddable":true,"href":"https:\/\/www.uhu.es\/catedra-aguasdehuelva\/index.php?rest_route=\/wp\/v2\/users\/1"}],"replies":[{"embeddable":true,"href":"https:\/\/www.uhu.es\/catedra-aguasdehuelva\/index.php?rest_route=%2Fwp%2Fv2%2Fcomments&post=798"}],"version-history":[{"count":2,"href":"https:\/\/www.uhu.es\/catedra-aguasdehuelva\/index.php?rest_route=\/wp\/v2\/posts\/798\/revisions"}],"predecessor-version":[{"id":801,"href":"https:\/\/www.uhu.es\/catedra-aguasdehuelva\/index.php?rest_route=\/wp\/v2\/posts\/798\/revisions\/801"}],"wp:featuredmedia":[{"embeddable":true,"href":"https:\/\/www.uhu.es\/catedra-aguasdehuelva\/index.php?rest_route=\/wp\/v2\/media\/799"}],"wp:attachment":[{"href":"https:\/\/www.uhu.es\/catedra-aguasdehuelva\/index.php?rest_route=%2Fwp%2Fv2%2Fmedia&parent=798"}],"wp:term":[{"taxonomy":"category","embeddable":true,"href":"https:\/\/www.uhu.es\/catedra-aguasdehuelva\/index.php?rest_route=%2Fwp%2Fv2%2Fcategories&post=798"},{"taxonomy":"post_tag","embeddable":true,"href":"https:\/\/www.uhu.es\/catedra-aguasdehuelva\/index.php?rest_route=%2Fwp%2Fv2%2Ftags&post=798"}],"curies":[{"name":"wp","href":"https:\/\/api.w.org\/{rel}","templated":true}]}}