{"id":825,"date":"2023-12-01T08:43:00","date_gmt":"2023-12-01T08:43:00","guid":{"rendered":"https:\/\/www.uhu.es\/catedra-aguasdehuelva\/?p=825"},"modified":"2023-12-01T08:43:01","modified_gmt":"2023-12-01T08:43:01","slug":"jornada-de-innovacion-social-en-la-intervencion-con-jovenes-vulnerables-el-reto-de-la-desinstitucionalizacion-2","status":"publish","type":"post","link":"https:\/\/www.uhu.es\/catedra-aguasdehuelva\/?p=825","title":{"rendered":"Jornada de Innovaci\u00f3n Social en la Intervenci\u00f3n con j\u00f3venes vulnerables: el reto de la Desinstitucionalizaci\u00f3n"},"content":{"rendered":"\n<p><\/p>\n\n\n\n<p>El 10 de noviembre de 2023 se celebr\u00f3 la Jornada de Innovaci\u00f3n Social en la Intervenci\u00f3n con j\u00f3venes vulnerables: el reto de la Desinstitucionalizaci\u00f3n en la Escuela T\u00e9cnica Superior de Ingenier\u00eda de la Universidad de Huelva. La C\u00e1tedra de Innovaci\u00f3n Social \u201cAguas de Huelva\u201d patrocin\u00f3 esta Jornada organizada por&nbsp;las asociaciones Casa Paco Gir\u00f3n y Crecer con Futuro, junto con la Fundaci\u00f3n Marcelino Champagnat, y que tambi\u00e9n cont\u00f3 con la colaboraci\u00f3n de la Fundaci\u00f3n La Caixa y el SACU de la Universidad de Huelva.&nbsp;<\/p>\n\n\n\n<p>En esta Jornada se presentaron&nbsp;iniciativas innovadoras en el abordaje de las circunstancias que rodean la emancipaci\u00f3n con \u00e9xito de los\/as j\u00f3venes vulnerables y el proceso de desinstitucionalizaci\u00f3n. Se dirigi\u00f3 fundamentalmente a los futuros profesionales de la Educaci\u00f3n y del Trabajo Social, la Psicolog\u00eda y la Psicopedagog\u00eda, y&nbsp;en general, a toda la comunidad educativa, as\u00ed como a los\/as&nbsp;profesionales que trabajan en este \u00e1mbito de actuaci\u00f3n.<\/p>\n\n\n\n<p>V\u00eddeos de la sesi\u00f3n:<\/p>\n\n\n\n<p><strong>Parte 1: &nbsp;<\/strong><a href=\"https:\/\/video.uhu.es\/media\/Jornada%20Desinstitucionalizaci%C3%B3n%20Parte%201\/1_c6669ogg\">https:\/\/video.uhu.es\/media\/Jornada%20Desinstitucionalizaci%C3%B3n%20Parte%201\/1_c6669ogg<\/a><\/p>\n\n\n\n<p><strong>Parte 2:<\/strong><\/p>\n\n\n\n<p><a href=\"https:\/\/video.uhu.es\/media\/Jornada%20Desinstitucionalizaci%C3%B3n%20Parte%202\/1_mlakejbu\">https:\/\/video.uhu.es\/media\/Jornada%20Desinstitucionalizaci%C3%B3n%20Parte%202\/1_mlakejbu<\/a><\/p>\n\n\n\n<p><strong>Parte 3:<\/strong><\/p>\n\n\n\n<p><a href=\"https:\/\/video.uhu.es\/media\/Jornada%20Desinstitucionalizaci%C3%B3n%20Parte%203\/1_5seti0iq\">https:\/\/video.uhu.es\/media\/Jornada%20Desinstitucionalizaci%C3%B3n%20Parte%203\/1_5seti0iq<\/a><\/p>\n\n\n\n<p><strong>Presentaci\u00f3n Asociaci\u00f3n Casa Paco Gir\u00f3n: <\/strong><a href=\"https:\/\/video.uhu.es\/media\/Asociaci%C3%B3n%20Casa%20Paco%20Gir%C3%B3n\/1_5p1mi5lc\">https:\/\/video.uhu.es\/media\/Asociaci%C3%B3n%20Casa%20Paco%20Gir%C3%B3n\/1_5p1mi5lc<\/a><\/p>\n\n\n\n<p><strong>Presentaci\u00f3n Asociaci\u00f3n Crecer con Futuro: <\/strong><a href=\"https:\/\/video.uhu.es\/media\/Asociaci%C3%B3n%20Crecer%20con%20Futuro\/1_7v0kiedw\">https:\/\/video.uhu.es\/media\/Asociaci%C3%B3n%20Crecer%20con%20Futuro\/1_7v0kiedw<\/a><\/p>\n\n\n\n<p><strong>Presentaci\u00f3n Fundaci\u00f3n Marcelino Champagnat: <\/strong><a href=\"https:\/\/video.uhu.es\/media\/Fundaci%C3%B3n%20Marcelino%20Champagnat\/1_0a0fcewy\">https:\/\/video.uhu.es\/media\/Fundaci%C3%B3n%20Marcelino%20Champagnat\/1_0a0fcewy<\/a><\/p>\n","protected":false},"excerpt":{"rendered":"<p>El 10 de noviembre de 2023 se celebr\u00f3 la Jornada de Innovaci\u00f3n Social en la Intervenci\u00f3n con j\u00f3venes vulnerables: el reto de la Desinstitucionalizaci\u00f3n en la Escuela T\u00e9cnica Superior de Ingenier\u00eda de la Universidad de Huelva. La C\u00e1tedra de Innovaci\u00f3n Social \u201cAguas de Huelva\u201d patrocin\u00f3 esta Jornada organizada por&nbsp;las asociaciones Casa Paco Gir\u00f3n y Crecer [&hellip;]<\/p>\n","protected":false},"author":1,"featured_media":826,"comment_status":"open","ping_status":"open","sticky":false,"template":"","format":"standard","meta":{"_et_pb_use_builder":"off","_et_pb_old_content":"","_et_gb_content_width":""},"categories":[6,3],"tags":[],"_links":{"self":[{"href":"https:\/\/www.uhu.es\/catedra-aguasdehuelva\/index.php?rest_route=\/wp\/v2\/posts\/825"}],"collection":[{"href":"https:\/\/www.uhu.es\/catedra-aguasdehuelva\/index.php?rest_route=\/wp\/v2\/posts"}],"about":[{"href":"https:\/\/www.uhu.es\/catedra-aguasdehuelva\/index.php?rest_route=\/wp\/v2\/types\/post"}],"author":[{"embeddable":true,"href":"https:\/\/www.uhu.es\/catedra-aguasdehuelva\/index.php?rest_route=\/wp\/v2\/users\/1"}],"replies":[{"embeddable":true,"href":"https:\/\/www.uhu.es\/catedra-aguasdehuelva\/index.php?rest_route=%2Fwp%2Fv2%2Fcomments&post=825"}],"version-history":[{"count":1,"href":"https:\/\/www.uhu.es\/catedra-aguasdehuelva\/index.php?rest_route=\/wp\/v2\/posts\/825\/revisions"}],"predecessor-version":[{"id":827,"href":"https:\/\/www.uhu.es\/catedra-aguasdehuelva\/index.php?rest_route=\/wp\/v2\/posts\/825\/revisions\/827"}],"wp:featuredmedia":[{"embeddable":true,"href":"https:\/\/www.uhu.es\/catedra-aguasdehuelva\/index.php?rest_route=\/wp\/v2\/media\/826"}],"wp:attachment":[{"href":"https:\/\/www.uhu.es\/catedra-aguasdehuelva\/index.php?rest_route=%2Fwp%2Fv2%2Fmedia&parent=825"}],"wp:term":[{"taxonomy":"category","embeddable":true,"href":"https:\/\/www.uhu.es\/catedra-aguasdehuelva\/index.php?rest_route=%2Fwp%2Fv2%2Fcategories&post=825"},{"taxonomy":"post_tag","embeddable":true,"href":"https:\/\/www.uhu.es\/catedra-aguasdehuelva\/index.php?rest_route=%2Fwp%2Fv2%2Ftags&post=825"}],"curies":[{"name":"wp","href":"https:\/\/api.w.org\/{rel}","templated":true}]}}