{"id":861,"date":"2024-12-20T12:00:10","date_gmt":"2024-12-20T12:00:10","guid":{"rendered":"https:\/\/www.uhu.es\/catedra-aguasdehuelva\/?p=861"},"modified":"2024-12-20T12:13:12","modified_gmt":"2024-12-20T12:13:12","slug":"iv-convocatoria-actua-por-el-desarrollo-sostenible-de-huelva-2024","status":"publish","type":"post","link":"https:\/\/www.uhu.es\/catedra-aguasdehuelva\/?p=861","title":{"rendered":"IV Convocatoria Act\u00faa por el Desarrollo Sostenible de Huelva. 2024"},"content":{"rendered":"\n<p>Proyectos Financiados:<\/p>\n\n\n\n<p>TecEnerG\u00eda 1.0: Compromiso colectivo en la eficiencia energ\u00e9tica y la transferencia de conocimiento en la era digital. Investigadora: Elena FERRI FUENTEVILLA<\/p>\n\n\n\n<p>Formaci\u00f3n para la inserci\u00f3n sociolaboral en empresas de econom\u00eda social de trabajadoras del hogar y cuidados en situaci\u00f3n de vulnerabilidad. Investigador: David&nbsp; FLORES RUIZ<\/p>\n","protected":false},"excerpt":{"rendered":"<p>Proyectos Financiados: TecEnerG\u00eda 1.0: Compromiso colectivo en la eficiencia energ\u00e9tica y la transferencia de conocimiento en la era digital. Investigadora: Elena FERRI FUENTEVILLA Formaci\u00f3n para la inserci\u00f3n sociolaboral en empresas de econom\u00eda social de trabajadoras del hogar y cuidados en situaci\u00f3n de vulnerabilidad. Investigador: David&nbsp; FLORES RUIZ<\/p>\n","protected":false},"author":1,"featured_media":814,"comment_status":"open","ping_status":"open","sticky":false,"template":"","format":"standard","meta":{"_et_pb_use_builder":"off","_et_pb_old_content":"","_et_gb_content_width":"1080"},"categories":[7,3],"tags":[],"_links":{"self":[{"href":"https:\/\/www.uhu.es\/catedra-aguasdehuelva\/index.php?rest_route=\/wp\/v2\/posts\/861"}],"collection":[{"href":"https:\/\/www.uhu.es\/catedra-aguasdehuelva\/index.php?rest_route=\/wp\/v2\/posts"}],"about":[{"href":"https:\/\/www.uhu.es\/catedra-aguasdehuelva\/index.php?rest_route=\/wp\/v2\/types\/post"}],"author":[{"embeddable":true,"href":"https:\/\/www.uhu.es\/catedra-aguasdehuelva\/index.php?rest_route=\/wp\/v2\/users\/1"}],"replies":[{"embeddable":true,"href":"https:\/\/www.uhu.es\/catedra-aguasdehuelva\/index.php?rest_route=%2Fwp%2Fv2%2Fcomments&post=861"}],"version-history":[{"count":1,"href":"https:\/\/www.uhu.es\/catedra-aguasdehuelva\/index.php?rest_route=\/wp\/v2\/posts\/861\/revisions"}],"predecessor-version":[{"id":862,"href":"https:\/\/www.uhu.es\/catedra-aguasdehuelva\/index.php?rest_route=\/wp\/v2\/posts\/861\/revisions\/862"}],"wp:featuredmedia":[{"embeddable":true,"href":"https:\/\/www.uhu.es\/catedra-aguasdehuelva\/index.php?rest_route=\/wp\/v2\/media\/814"}],"wp:attachment":[{"href":"https:\/\/www.uhu.es\/catedra-aguasdehuelva\/index.php?rest_route=%2Fwp%2Fv2%2Fmedia&parent=861"}],"wp:term":[{"taxonomy":"category","embeddable":true,"href":"https:\/\/www.uhu.es\/catedra-aguasdehuelva\/index.php?rest_route=%2Fwp%2Fv2%2Fcategories&post=861"},{"taxonomy":"post_tag","embeddable":true,"href":"https:\/\/www.uhu.es\/catedra-aguasdehuelva\/index.php?rest_route=%2Fwp%2Fv2%2Ftags&post=861"}],"curies":[{"name":"wp","href":"https:\/\/api.w.org\/{rel}","templated":true}]}}