{"id":5002,"date":"2024-03-07T11:06:00","date_gmt":"2024-03-07T11:06:00","guid":{"rendered":"https:\/\/www.uhu.es\/catedra-atlanticcopper\/?p=5002"},"modified":"2026-02-13T13:09:13","modified_gmt":"2026-02-13T13:09:13","slug":"resolucion-convocatoria-de-premios-a-tfg","status":"publish","type":"post","link":"https:\/\/www.uhu.es\/catedra-atlanticcopper\/resolucion-convocatoria-de-premios-a-tfg\/","title":{"rendered":"Resoluci\u00f3n Convocatoria de Premios a TFG 2024"},"content":{"rendered":"\n<p>RESOLUCI\u00d3N DEFINITIVA DEL VICERRECTORADO DE INNOVACI\u00d3N Y EMPLEABILIDAD<br>DE LA UNIVERSIDAD DE HUELVA DE FECHA 31 DE MAYO DE 2024, DE LA<br>CONVOCATORIA DE PREMIOS A TRABAJOS FIN DE GRADO DE LA C\u00c1TEDRA ATLANTIC<br>COPPER DE LA UNIVERSIDAD DE HUELVA, APROBADA POR RESOLUCI\u00d3N DEL<br>VICERRECTORADO DE INNOVACI\u00d3N Y EMPLEABILIDAD DE LA UNIVERSIDAD DE<br>HUELVA DE FECHA 07 DE MARZO DE 2024<\/p>\n\n\n\n<figure class=\"wp-block-embed\"><div class=\"wp-block-embed__wrapper\">\nhttps:\/\/www.uhu.es\/catedra-atlanticcopper\/wp-content\/uploads\/V-Resolucion-TFG-TFM-definitiva-signed.pdf\n<\/div><\/figure>\n","protected":false},"excerpt":{"rendered":"<p>RESOLUCI\u00d3N DEFINITIVA DEL VICERRECTORADO DE INNOVACI\u00d3N Y EMPLEABILIDADDE LA UNIVERSIDAD DE HUELVA DE FECHA 31 DE MAYO DE 2024, DE LACONVOCATORIA DE PREMIOS A TRABAJOS FIN DE GRADO DE LA C\u00c1TEDRA ATLANTICCOPPER DE LA UNIVERSIDAD DE HUELVA, APROBADA POR RESOLUCI\u00d3N DELVICERRECTORADO DE INNOVACI\u00d3N Y EMPLEABILIDAD DE LA UNIVERSIDAD DEHUELVA DE FECHA 07 DE MARZO DE [&hellip;]<\/p>\n","protected":false},"author":4,"featured_media":4916,"comment_status":"closed","ping_status":"closed","sticky":false,"template":"","format":"standard","meta":{"footnotes":""},"categories":[7],"tags":[],"class_list":["post-5002","post","type-post","status-publish","format-standard","has-post-thumbnail","hentry","category-resolucion"],"_links":{"self":[{"href":"https:\/\/www.uhu.es\/catedra-atlanticcopper\/wp-json\/wp\/v2\/posts\/5002","targetHints":{"allow":["GET"]}}],"collection":[{"href":"https:\/\/www.uhu.es\/catedra-atlanticcopper\/wp-json\/wp\/v2\/posts"}],"about":[{"href":"https:\/\/www.uhu.es\/catedra-atlanticcopper\/wp-json\/wp\/v2\/types\/post"}],"author":[{"embeddable":true,"href":"https:\/\/www.uhu.es\/catedra-atlanticcopper\/wp-json\/wp\/v2\/users\/4"}],"replies":[{"embeddable":true,"href":"https:\/\/www.uhu.es\/catedra-atlanticcopper\/wp-json\/wp\/v2\/comments?post=5002"}],"version-history":[{"count":2,"href":"https:\/\/www.uhu.es\/catedra-atlanticcopper\/wp-json\/wp\/v2\/posts\/5002\/revisions"}],"predecessor-version":[{"id":5005,"href":"https:\/\/www.uhu.es\/catedra-atlanticcopper\/wp-json\/wp\/v2\/posts\/5002\/revisions\/5005"}],"wp:featuredmedia":[{"embeddable":true,"href":"https:\/\/www.uhu.es\/catedra-atlanticcopper\/wp-json\/wp\/v2\/media\/4916"}],"wp:attachment":[{"href":"https:\/\/www.uhu.es\/catedra-atlanticcopper\/wp-json\/wp\/v2\/media?parent=5002"}],"wp:term":[{"taxonomy":"category","embeddable":true,"href":"https:\/\/www.uhu.es\/catedra-atlanticcopper\/wp-json\/wp\/v2\/categories?post=5002"},{"taxonomy":"post_tag","embeddable":true,"href":"https:\/\/www.uhu.es\/catedra-atlanticcopper\/wp-json\/wp\/v2\/tags?post=5002"}],"curies":[{"name":"wp","href":"https:\/\/api.w.org\/{rel}","templated":true}]}}