{"id":1359,"date":"2024-10-29T15:41:39","date_gmt":"2024-10-29T15:41:39","guid":{"rendered":"https:\/\/www.uhu.es\/catedra-provincia\/?p=1359"},"modified":"2024-10-29T15:54:47","modified_gmt":"2024-10-29T15:54:47","slug":"visita-ruta-del-jabugo-y-aracena","status":"publish","type":"post","link":"https:\/\/www.uhu.es\/catedra-provincia\/?p=1359","title":{"rendered":"VISITA RUTA DEL JABUGO Y ARACENA"},"content":{"rendered":"\n<p><strong>15 de Noviembre de 2024<\/strong><\/p>\n\n\n\n<p><strong>REGISTRATION IN:<\/strong><\/p>\n\n\n\n<p><a href=\"https:\/\/forms.gle\/eHs3q9seA6Apm7cC9\">https:\/\/forms.gle\/eHs3q9seA6Apm7cC9<\/a><\/p>\n\n\n\n<p>SALIDA en bus: Puerta del Comedor Universitario \u00abCampus de El Carmen\u00bb<\/p>\n\n\n\n<p>HORA: 8.30 horas<\/p>\n\n\n\n<p>VUELTA: 19:30 horas<\/p>\n\n\n\n<p>N\u00ba de plazas: 50<\/p>\n\n\n\n<p>Gu\u00eda en ingl\u00e9s<\/p>\n\n\n\n<p>Se ir\u00e1n agotando las plazas por orden de llegada de la solicitud de inscripci\u00f3n que deb\u00e9is rellenar en el anterior enlace (una vez rellenado mandad tambi\u00e9n un correo a c\u00e1<a href=\"mailto:tedra.provincia@uhu.es\" target=\"_blank\" rel=\"noreferrer noopener\">tedra.provincia@uhu.es<\/a>)<\/p>\n\n\n\n<p>Os proponemos conocer los secretos de un producto gourmet mundialmente conocido, y que tiene como origen el Parque Natural Sierra de Aracena y Picos de Aroche, un entorno declarado Reserva de la Biosfera en 2002 por la Unesco, disfrutando de una experiencia \u00fanica a trav\u00e9s de la Ruta del Jabugo.<\/p>\n\n\n\n<p>La Ruta de Jabugo, nos permite acercarnos al mundo del cerdo de bellota 100 % ib\u00e9rico, desde su h\u00e1bitat natural en las dehesas centenarias, hasta donde culmina el proceso de curaci\u00f3n artesanal del jam\u00f3n con Denominaci\u00f3n de Origen Protegida (DOP) Jabugo en la bodega.<\/p>\n\n\n\n<p>La Ruta de Jabugo, re\u00fane la esencia de la tradici\u00f3n, base del arraigo del cerdo de bellota 100 % ib\u00e9rico a esta comarca.<\/p>\n\n\n\n<p>En Aracena se encuentran uno de los mayores tesoros, La Gruta de las Maravillas, un icono de referencia tur\u00edstica en toda la Sierra. Su gran extensi\u00f3n de sus lagos, la abundancia y variedad de formaciones, y la longitud de su desarrollo hacen de este complejo subterr\u00e1neo un conjunto de gran belleza y vistosidad.<\/p>\n\n\n\n<p>See more:<\/p>\n\n\n\n<p><a href=\"https:\/\/www.andalucia.org\/en\/la-gruta-de-las-maravillas-grotto-an-underground-treasure\">https:\/\/www.andalucia.org\/en\/la-gruta-de-las-maravillas-grotto-an-underground-treasure<\/a><\/p>\n","protected":false},"excerpt":{"rendered":"<p>15 de Noviembre de 2024 REGISTRATION IN: https:\/\/forms.gle\/eHs3q9seA6Apm7cC9 SALIDA en bus: Puerta del Comedor Universitario \u00abCampus de El Carmen\u00bb HORA: 8.30 horas VUELTA: 19:30 horas N\u00ba de plazas: 50 Gu\u00eda en ingl\u00e9s Se ir\u00e1n agotando las plazas por orden de llegada de la solicitud de inscripci\u00f3n que deb\u00e9is rellenar en el anterior enlace (una vez [&hellip;]<\/p>\n","protected":false},"author":1,"featured_media":0,"comment_status":"closed","ping_status":"closed","sticky":false,"template":"","format":"standard","meta":{"_et_pb_use_builder":"off","_et_pb_old_content":"","_et_gb_content_width":"1080","footnotes":""},"categories":[1],"tags":[],"_links":{"self":[{"href":"https:\/\/www.uhu.es\/catedra-provincia\/index.php?rest_route=\/wp\/v2\/posts\/1359"}],"collection":[{"href":"https:\/\/www.uhu.es\/catedra-provincia\/index.php?rest_route=\/wp\/v2\/posts"}],"about":[{"href":"https:\/\/www.uhu.es\/catedra-provincia\/index.php?rest_route=\/wp\/v2\/types\/post"}],"author":[{"embeddable":true,"href":"https:\/\/www.uhu.es\/catedra-provincia\/index.php?rest_route=\/wp\/v2\/users\/1"}],"replies":[{"embeddable":true,"href":"https:\/\/www.uhu.es\/catedra-provincia\/index.php?rest_route=%2Fwp%2Fv2%2Fcomments&post=1359"}],"version-history":[{"count":2,"href":"https:\/\/www.uhu.es\/catedra-provincia\/index.php?rest_route=\/wp\/v2\/posts\/1359\/revisions"}],"predecessor-version":[{"id":1367,"href":"https:\/\/www.uhu.es\/catedra-provincia\/index.php?rest_route=\/wp\/v2\/posts\/1359\/revisions\/1367"}],"wp:attachment":[{"href":"https:\/\/www.uhu.es\/catedra-provincia\/index.php?rest_route=%2Fwp%2Fv2%2Fmedia&parent=1359"}],"wp:term":[{"taxonomy":"category","embeddable":true,"href":"https:\/\/www.uhu.es\/catedra-provincia\/index.php?rest_route=%2Fwp%2Fv2%2Fcategories&post=1359"},{"taxonomy":"post_tag","embeddable":true,"href":"https:\/\/www.uhu.es\/catedra-provincia\/index.php?rest_route=%2Fwp%2Fv2%2Ftags&post=1359"}],"curies":[{"name":"wp","href":"https:\/\/api.w.org\/{rel}","templated":true}]}}