{"id":744,"date":"2022-03-21T21:14:02","date_gmt":"2022-03-21T21:14:02","guid":{"rendered":"http:\/\/www.uhu.es\/catedra-provincia\/?p=744"},"modified":"2022-03-21T21:14:28","modified_gmt":"2022-03-21T21:14:28","slug":"la-catedra-de-la-provincia-de-la-uhu-abre-su-convocatoria-de-ayudas-para-proyectos-de-investigacion-y-transferencia","status":"publish","type":"post","link":"https:\/\/www.uhu.es\/catedra-provincia\/?p=744","title":{"rendered":"La C\u00e1tedra de la Provincia de la UHU abre su convocatoria de ayudas para proyectos de investigaci\u00f3n y transferencia"},"content":{"rendered":"\n<p>El Vicerrectorado de Innovaci\u00f3n y Empleabilidad de la Universidad de Huelva ha abierto la tercera convocatoria de ayudas de la C\u00e1tedra de la Provincia para micro-proyectos de transferencia del conocimiento. Las ayudas, que se convocan en r\u00e9gimen de concurrencia competitiva y a las que se pueden optar hasta el 10 de febrero, est\u00e1n dotadas con hasta 5.000 euros cada una hasta un m\u00e1ximo total de 20.000 euros para todos los proyectos seleccionados.<\/p>\n\n\n\n<p>El objetivo de esta convocatoria es promover la investigaci\u00f3n y su transferencia hacia la sociedad y su tejido productivo e institucional, siempre en el marco de la provincia de Huelva. Los proyectos, que tendr\u00e1n una duraci\u00f3n comprendida entre la fecha de resoluci\u00f3n definitiva y el 15 de febrero de 2023, deber\u00e1n suponer un avance en la investigaci\u00f3n y su transferencia en medioambiente, g\u00e9nero, patrimonio y desarrollo local, que se establecen como \u00e1reas prioritarias.<\/p>\n\n\n\n<p>El comit\u00e9 de expertos que evaluar\u00e1 las solicitudes valorara? especialmente la innovaci\u00f3n en la forma de analizar y desarrollar los temas abordados, la transferencia, la sostenibilidad de los resultados, y la visibilidad y el impacto socioecon\u00f3mico del proyecto en la provincia de Huelva.<\/p>\n\n\n\n<p>Las bases de la convocatoria establecen que los proyectos subvencionados ser\u00e1n realizados por equipos de trabajos dirigidos por una persona investigadora principal (en posesi\u00f3n del t\u00edtulo de doctor\/a), para lo que se fijan dos modalidades: investigador principal consolidado (con vinculaci\u00f3n permanente funcionarial o laboral con la Universidad de Huelva), o investigador principal joven o emergente (sin vinculaci\u00f3n permanente con la Onubense y miembro de alg\u00fan Grupo de Investigaci\u00f3n de la UHU). En este \u00faltimo caso, deber\u00e1 incluir en su equipo de trabajo a una persona investigadora con vinculaci\u00f3n permanente funcionarial o laboral con la Universidad de Huelva, que actuara? como tutora y orientadora cient\u00edfica.<\/p>\n\n\n\n<p>La duraci\u00f3n m\u00e1xima de los proyectos ser\u00e1 de 12 meses. El investigador principal deber\u00e1 presentar un informe intermedio antes del 30 de julio de 2022 y uno al final, una vez concluido el plazo de la convocatoria antes del 15 de febrero de 2023.<\/p>\n\n\n","protected":false},"excerpt":{"rendered":"<p>El Vicerrectorado de Innovaci\u00f3n y Empleabilidad de la Universidad de Huelva ha abierto la tercera convocatoria de ayudas de la C\u00e1tedra de la Provincia para micro-proyectos de transferencia del conocimiento. Las ayudas, que se convocan en r\u00e9gimen de concurrencia competitiva y a las que se pueden optar hasta el 10 de febrero, est\u00e1n dotadas con [&hellip;]<\/p>\n","protected":false},"author":1,"featured_media":0,"comment_status":"open","ping_status":"open","sticky":false,"template":"","format":"standard","meta":{"_et_pb_use_builder":"","_et_pb_old_content":"","_et_gb_content_width":"","footnotes":""},"categories":[18],"tags":[],"_links":{"self":[{"href":"https:\/\/www.uhu.es\/catedra-provincia\/index.php?rest_route=\/wp\/v2\/posts\/744"}],"collection":[{"href":"https:\/\/www.uhu.es\/catedra-provincia\/index.php?rest_route=\/wp\/v2\/posts"}],"about":[{"href":"https:\/\/www.uhu.es\/catedra-provincia\/index.php?rest_route=\/wp\/v2\/types\/post"}],"author":[{"embeddable":true,"href":"https:\/\/www.uhu.es\/catedra-provincia\/index.php?rest_route=\/wp\/v2\/users\/1"}],"replies":[{"embeddable":true,"href":"https:\/\/www.uhu.es\/catedra-provincia\/index.php?rest_route=%2Fwp%2Fv2%2Fcomments&post=744"}],"version-history":[{"count":1,"href":"https:\/\/www.uhu.es\/catedra-provincia\/index.php?rest_route=\/wp\/v2\/posts\/744\/revisions"}],"predecessor-version":[{"id":745,"href":"https:\/\/www.uhu.es\/catedra-provincia\/index.php?rest_route=\/wp\/v2\/posts\/744\/revisions\/745"}],"wp:attachment":[{"href":"https:\/\/www.uhu.es\/catedra-provincia\/index.php?rest_route=%2Fwp%2Fv2%2Fmedia&parent=744"}],"wp:term":[{"taxonomy":"category","embeddable":true,"href":"https:\/\/www.uhu.es\/catedra-provincia\/index.php?rest_route=%2Fwp%2Fv2%2Fcategories&post=744"},{"taxonomy":"post_tag","embeddable":true,"href":"https:\/\/www.uhu.es\/catedra-provincia\/index.php?rest_route=%2Fwp%2Fv2%2Ftags&post=744"}],"curies":[{"name":"wp","href":"https:\/\/api.w.org\/{rel}","templated":true}]}}