{"id":2449,"date":"2025-11-30T18:00:17","date_gmt":"2025-11-30T17:00:17","guid":{"rendered":"https:\/\/www.uhu.es\/d-inclusion65\/?p=2449"},"modified":"2025-12-08T12:04:15","modified_gmt":"2025-12-08T11:04:15","slug":"estudio-de-caso-principado-asturias","status":"publish","type":"post","link":"https:\/\/www.uhu.es\/d-inclusion65\/estudio-de-caso-principado-asturias\/","title":{"rendered":"La Universidad de Huelva, Cruz Roja y Somos Digital ampl\u00edan su an\u00e1lisis sobre la inclusi\u00f3n digital con nuevos estudios de caso en el Principado de Asturias"},"content":{"rendered":"<p><div class=\"fusion-fullwidth fullwidth-box fusion-builder-row-1 fusion-flex-container nonhundred-percent-fullwidth non-hundred-percent-height-scrolling\" style=\"--awb-border-radius-top-left:0px;--awb-border-radius-top-right:0px;--awb-border-radius-bottom-right:0px;--awb-border-radius-bottom-left:0px;--awb-flex-wrap:wrap;\" ><div class=\"fusion-builder-row fusion-row fusion-flex-align-items-flex-start fusion-flex-content-wrap\" style=\"max-width:1456px;margin-left: calc(-4% \/ 2 );margin-right: calc(-4% \/ 2 );\"><div class=\"fusion-layout-column fusion_builder_column fusion-builder-column-0 fusion_builder_column_1_1 1_1 fusion-flex-column\" style=\"--awb-bg-size:cover;--awb-width-large:100%;--awb-margin-top-large:0px;--awb-spacing-right-large:1.92%;--awb-margin-bottom-large:0px;--awb-spacing-left-large:1.92%;--awb-width-medium:100%;--awb-spacing-right-medium:1.92%;--awb-spacing-left-medium:1.92%;--awb-width-small:100%;--awb-spacing-right-small:1.92%;--awb-spacing-left-small:1.92%;\"><div class=\"fusion-column-wrapper fusion-flex-justify-content-flex-start fusion-content-layout-column\"><div class=\"fusion-text fusion-text-1\" style=\"--awb-margin-right:40px;--awb-margin-left:40px;\"><p><span style=\"font-weight: 400;\">En el marco del proyecto de investigaci\u00f3n <\/span><b>D-Inclusi\u00f3n<\/b><span style=\"font-weight: 400;\"> (c\u00f3digo <\/span><b>PID2021-123552OB-I00<\/b><span style=\"font-weight: 400;\">), financiado por el Ministerio de Ciencia, Innovaci\u00f3n y Universidades, la Agencia Estatal de Investigaci\u00f3n y el Fondo Europeo de Desarrollo Regional (<\/span><b>MICIU\/AEI \/10.13039\/501100011033 y FEDER, UE<\/b><span style=\"font-weight: 400;\">), la <\/span><b>Universidad de Huelva<\/b><span style=\"font-weight: 400;\"> contin\u00faa avanzando en la observaci\u00f3n y an\u00e1lisis de experiencias formativas dirigidas a personas mayores en distintas regiones del pa\u00eds. Coordinado por los profesores <\/span><b>Ram\u00f3n Tirado<\/b><span style=\"font-weight: 400;\"> y <\/span><b>Ana Duarte<\/b><span style=\"font-weight: 400;\">, el proyecto tiene como objetivo identificar metodolog\u00edas pedag\u00f3gicas innovadoras que faciliten el aprendizaje digital y promuevan la autonom\u00eda y participaci\u00f3n activa de este colectivo en la sociedad actual.<\/span><\/p>\n<p><span style=\"font-weight: 400;\">En esta nueva fase, el equipo investigador ha llevado a cabo cuatro estudios de caso en el <\/span><b>Principado de Asturias<\/b><span style=\"font-weight: 400;\">, en colaboraci\u00f3n con los <\/span><b>Servicios de Dinamizaci\u00f3n Tecnol\u00f3gica Local (SDTL)<\/b><span style=\"font-weight: 400;\">, ampliando as\u00ed la diversidad territorial del proyecto y fortaleciendo la red de entidades comprometidas con la inclusi\u00f3n digital.<\/span><\/p>\n<p><span style=\"font-weight: 400;\">Estos nuevos estudios de caso se suman a los ya desarrollados en <\/span><b>Galicia<\/b><span style=\"font-weight: 400;\"> y <\/span><b>Castilla y Le\u00f3n<\/b><span style=\"font-weight: 400;\">, ampliando el alcance territorial del proyecto y permitiendo un an\u00e1lisis comparativo m\u00e1s profundo sobre las diferentes realidades digitales del pa\u00eds.\u00a0<\/span><\/p>\n<p><b>Talleres en Ovi\u00f1ana y Novellana: IA y herramientas m\u00f3viles al servicio de la vida cotidiana<\/b><\/p>\n<p><span style=\"font-weight: 400;\">El <\/span><b>18 de noviembre de 2025<\/b><span style=\"font-weight: 400;\">, los telecentros de <\/span><b>Ovi\u00f1ana<\/b><span style=\"font-weight: 400;\"> y <\/span><b>Novellana<\/b><span style=\"font-weight: 400;\"> acogieron el taller <\/span><b>\u201cUso del m\u00f3vil e Inteligencia Artificial\u201d<\/b><span style=\"font-weight: 400;\">, dinamizado por <\/span><b>\u00c1ngel Vior<\/b><span style=\"font-weight: 400;\">.<\/span><span style=\"font-weight: 400;\"><br \/>\n<\/span><span style=\"font-weight: 400;\">La actividad se centr\u00f3 en la utilizaci\u00f3n pr\u00e1ctica de herramientas accesibles para personas mayores, como <\/span><b>Google Lens<\/b><span style=\"font-weight: 400;\">, diversas funciones de <\/span><b>WhatsApp<\/b><span style=\"font-weight: 400;\"> y la inteligencia artificial conversacional <\/span><b>ChatGPT<\/b><span style=\"font-weight: 400;\">.<\/span><\/p>\n<p><span style=\"font-weight: 400;\">El taller permiti\u00f3 a los participantes comprender c\u00f3mo estas tecnolog\u00edas pueden facilitar tareas cotidianas, mejorar su comunicaci\u00f3n digital y abrir nuevas posibilidades para la resoluci\u00f3n de problemas y el acceso a la informaci\u00f3n.<\/span><\/p>\n<p><b>Talleres en Salas y La Espina: fortaleciendo las competencias b\u00e1sicas en inform\u00e1tica<\/b><\/p>\n<p><span style=\"font-weight: 400;\">El <\/span><b>19 de noviembre de 2025<\/b><span style=\"font-weight: 400;\">, los estudios de caso continuaron en los telecentros de <\/span><b>Salas<\/b><span style=\"font-weight: 400;\"> y <\/span><b>La Espina<\/b><span style=\"font-weight: 400;\"> con el taller <\/span><b>\u201cManejo b\u00e1sico de ordenadores\u201d<\/b><span style=\"font-weight: 400;\">, impartido por <\/span><b>Beatriz Pel\u00e1ez<\/b><span style=\"font-weight: 400;\">. La formaci\u00f3n estuvo orientada al aprendizaje de competencias fundamentales como la <\/span><b>creaci\u00f3n y organizaci\u00f3n de carpetas en Windows<\/b><span style=\"font-weight: 400;\">, as\u00ed como la realizaci\u00f3n de <\/span><b>b\u00fasquedas eficaces en Google<\/b><span style=\"font-weight: 400;\">, reforzando habilidades esenciales para desenvolverse de manera aut\u00f3noma en entornos digitales.<\/span><\/p>\n<p><b>Compromiso con la investigaci\u00f3n y la inclusi\u00f3n digital<\/b><\/p>\n<p><span style=\"font-weight: 400;\">Durante estas jornadas, el equipo investigador de la Universidad de Huelva llev\u00f3 a cabo observaciones y recopilaci\u00f3n de datos clave para el desarrollo de propuestas did\u00e1cticas inclusivas, ajustadas a las necesidades reales de las personas mayores en diferentes territorios.<\/span><\/p>\n<p><span style=\"font-weight: 400;\">En esta fase particip\u00f3 tambi\u00e9n <\/span><b>Javier L\u00f3pez<\/b><span style=\"font-weight: 400;\">, miembro del equipo de investigaci\u00f3n y responsable auton\u00f3mico del programa <\/span><b>Click_A<\/b><span style=\"font-weight: 400;\"> de Cruz Roja Andaluc\u00eda, una iniciativa de voluntariado para la inclusi\u00f3n digital financiada por la Agencia Digital de Andaluc\u00eda, cuya participaci\u00f3n refuerza la dimensi\u00f3n colaborativa del proyecto.<\/span><\/p>\n<p><span style=\"font-weight: 400;\">Las actividades contaron con la colaboraci\u00f3n activa de <\/span><b>Cruz Roja<\/b><span style=\"font-weight: 400;\"> y de la <\/span><b>Asociaci\u00f3n Somos Digital<\/b><span style=\"font-weight: 400;\">, entidades socias del proyecto D-Inclusi\u00f3n, consolidando una red nacional para el impulso de competencias digitales en la poblaci\u00f3n mayor.<\/span><\/p>\n<p><span style=\"font-weight: 400;\">Con la realizaci\u00f3n de estos estudios en Asturias, la Universidad de Huelva reafirma su compromiso con la <\/span><b>investigaci\u00f3n aplicada<\/b><span style=\"font-weight: 400;\">, la <\/span><b>transferencia de conocimiento<\/b><span style=\"font-weight: 400;\"> y la promoci\u00f3n de una <\/span><b>digitalizaci\u00f3n inclusiva<\/b><span style=\"font-weight: 400;\">, trabajando en alianza con el tercer sector y las administraciones p\u00fablicas para reducir la brecha digital en Espa\u00f1a.<\/span><\/p>\n<\/div><\/div><\/div><\/div><\/div><div class=\"fusion-fullwidth fullwidth-box fusion-builder-row-2 fusion-flex-container has-pattern-background has-mask-background nonhundred-percent-fullwidth non-hundred-percent-height-scrolling\" style=\"--awb-border-radius-top-left:0px;--awb-border-radius-top-right:0px;--awb-border-radius-bottom-right:0px;--awb-border-radius-bottom-left:0px;--awb-flex-wrap:wrap;\" ><div class=\"fusion-builder-row fusion-row fusion-flex-align-items-flex-start fusion-flex-content-wrap\" style=\"max-width:1456px;margin-left: calc(-4% \/ 2 );margin-right: calc(-4% \/ 2 );\"><div class=\"fusion-layout-column fusion_builder_column fusion-builder-column-1 fusion_builder_column_1_2 1_2 fusion-flex-column\" style=\"--awb-bg-size:cover;--awb-width-large:50%;--awb-margin-top-large:0px;--awb-spacing-right-large:3.84%;--awb-margin-bottom-large:20px;--awb-spacing-left-large:3.84%;--awb-width-medium:50%;--awb-order-medium:0;--awb-spacing-right-medium:3.84%;--awb-spacing-left-medium:3.84%;--awb-width-small:100%;--awb-order-small:0;--awb-spacing-right-small:1.92%;--awb-spacing-left-small:1.92%;\"><div class=\"fusion-column-wrapper fusion-column-has-shadow fusion-flex-justify-content-flex-start fusion-content-layout-column\"><div class=\"fusion-image-element \" style=\"text-align:center;--awb-caption-title-font-family:var(--h2_typography-font-family);--awb-caption-title-font-weight:var(--h2_typography-font-weight);--awb-caption-title-font-style:var(--h2_typography-font-style);--awb-caption-title-size:var(--h2_typography-font-size);--awb-caption-title-transform:var(--h2_typography-text-transform);--awb-caption-title-line-height:var(--h2_typography-line-height);--awb-caption-title-letter-spacing:var(--h2_typography-letter-spacing);\"><span class=\" fusion-imageframe imageframe-none imageframe-1 hover-type-none\"><img decoding=\"async\" width=\"300\" height=\"158\" title=\"SDTL-Ovi\u00f1ana-Asturias\" src=\"https:\/\/www.uhu.es\/d-inclusion65\/wp-content\/uploads\/2025\/12\/SDTL-Ovinana-Asturias-300x158.jpg\" alt class=\"img-responsive wp-image-2452\" srcset=\"https:\/\/www.uhu.es\/d-inclusion65\/wp-content\/uploads\/2025\/12\/SDTL-Ovinana-Asturias-200x105.jpg 200w, https:\/\/www.uhu.es\/d-inclusion65\/wp-content\/uploads\/2025\/12\/SDTL-Ovinana-Asturias-400x210.jpg 400w, https:\/\/www.uhu.es\/d-inclusion65\/wp-content\/uploads\/2025\/12\/SDTL-Ovinana-Asturias-600x315.jpg 600w, https:\/\/www.uhu.es\/d-inclusion65\/wp-content\/uploads\/2025\/12\/SDTL-Ovinana-Asturias-800x420.jpg 800w, https:\/\/www.uhu.es\/d-inclusion65\/wp-content\/uploads\/2025\/12\/SDTL-Ovinana-Asturias.jpg 1200w\" sizes=\"(max-width: 640px) 100vw, 800px\" \/><\/span><\/div><\/div><\/div><div class=\"fusion-layout-column fusion_builder_column fusion-builder-column-2 fusion_builder_column_1_2 1_2 fusion-flex-column\" style=\"--awb-bg-size:cover;--awb-width-large:50%;--awb-margin-top-large:0px;--awb-spacing-right-large:3.84%;--awb-margin-bottom-large:20px;--awb-spacing-left-large:3.84%;--awb-width-medium:50%;--awb-order-medium:0;--awb-spacing-right-medium:3.84%;--awb-spacing-left-medium:3.84%;--awb-width-small:100%;--awb-order-small:0;--awb-spacing-right-small:1.92%;--awb-spacing-left-small:1.92%;\"><div class=\"fusion-column-wrapper fusion-column-has-shadow fusion-flex-justify-content-flex-start fusion-content-layout-column\"><div class=\"fusion-image-element \" style=\"text-align:center;--awb-caption-title-font-family:var(--h2_typography-font-family);--awb-caption-title-font-weight:var(--h2_typography-font-weight);--awb-caption-title-font-style:var(--h2_typography-font-style);--awb-caption-title-size:var(--h2_typography-font-size);--awb-caption-title-transform:var(--h2_typography-text-transform);--awb-caption-title-line-height:var(--h2_typography-line-height);--awb-caption-title-letter-spacing:var(--h2_typography-letter-spacing);\"><span class=\" fusion-imageframe imageframe-none imageframe-2 hover-type-none\"><img decoding=\"async\" width=\"300\" height=\"158\" title=\"SDTL-LaEspina-Asturias\" src=\"https:\/\/www.uhu.es\/d-inclusion65\/wp-content\/uploads\/2025\/12\/SDTL-LaEspina-Asturias-300x158.jpg\" alt class=\"img-responsive wp-image-2453\" srcset=\"https:\/\/www.uhu.es\/d-inclusion65\/wp-content\/uploads\/2025\/12\/SDTL-LaEspina-Asturias-200x105.jpg 200w, https:\/\/www.uhu.es\/d-inclusion65\/wp-content\/uploads\/2025\/12\/SDTL-LaEspina-Asturias-400x210.jpg 400w, https:\/\/www.uhu.es\/d-inclusion65\/wp-content\/uploads\/2025\/12\/SDTL-LaEspina-Asturias-600x315.jpg 600w, https:\/\/www.uhu.es\/d-inclusion65\/wp-content\/uploads\/2025\/12\/SDTL-LaEspina-Asturias-800x420.jpg 800w, https:\/\/www.uhu.es\/d-inclusion65\/wp-content\/uploads\/2025\/12\/SDTL-LaEspina-Asturias.jpg 1200w\" sizes=\"(max-width: 640px) 100vw, 800px\" \/><\/span><\/div><\/div><\/div><\/div><\/div><\/p>\n","protected":false},"excerpt":{"rendered":"","protected":false},"author":1,"featured_media":2450,"comment_status":"open","ping_status":"open","sticky":false,"template":"","format":"standard","meta":{"footnotes":""},"categories":[7,8,6],"tags":[11,13,10,9,12],"yoast_head":"<!-- This site is optimized with the Yoast SEO plugin v22.5 - https:\/\/yoast.com\/wordpress\/plugins\/seo\/ -->\n<title>La Universidad de Huelva, Cruz Roja y Somos Digital ampl\u00edan su an\u00e1lisis sobre la inclusi\u00f3n digital con nuevos estudios de caso en el Principado de Asturias - D-Inclusi\u00f3n65<\/title>\n<meta name=\"robots\" content=\"noindex, follow\" \/>\n<meta property=\"og:locale\" content=\"es_ES\" \/>\n<meta property=\"og:type\" content=\"article\" \/>\n<meta property=\"og:title\" content=\"La Universidad de Huelva, Cruz Roja y Somos Digital ampl\u00edan su an\u00e1lisis sobre la inclusi\u00f3n digital con nuevos estudios de caso en el Principado de Asturias - D-Inclusi\u00f3n65\" \/>\n<meta property=\"og:url\" content=\"https:\/\/www.uhu.es\/d-inclusion65\/estudio-de-caso-principado-asturias\/\" \/>\n<meta property=\"og:site_name\" content=\"D-Inclusi\u00f3n65\" \/>\n<meta property=\"article:published_time\" content=\"2025-11-30T17:00:17+00:00\" \/>\n<meta property=\"article:modified_time\" content=\"2025-12-08T11:04:15+00:00\" \/>\n<meta property=\"og:image\" content=\"https:\/\/www.uhu.es\/d-inclusion65\/wp-content\/uploads\/2025\/12\/SDTL-Novellana-Asturias.jpg\" \/>\n\t<meta property=\"og:image:width\" content=\"1200\" \/>\n\t<meta property=\"og:image:height\" content=\"630\" \/>\n\t<meta property=\"og:image:type\" content=\"image\/jpeg\" \/>\n<meta name=\"author\" content=\"D-Inclusion\" \/>\n<meta name=\"twitter:card\" content=\"summary_large_image\" \/>\n<meta name=\"twitter:label1\" content=\"Written by\" \/>\n\t<meta name=\"twitter:data1\" content=\"D-Inclusion\" \/>\n\t<meta name=\"twitter:label2\" content=\"Est. reading time\" \/>\n\t<meta name=\"twitter:data2\" content=\"1 minuto\" \/>\n<script type=\"application\/ld+json\" class=\"yoast-schema-graph\">{\"@context\":\"https:\/\/schema.org\",\"@graph\":[{\"@type\":\"WebPage\",\"@id\":\"https:\/\/www.uhu.es\/d-inclusion65\/estudio-de-caso-principado-asturias\/\",\"url\":\"https:\/\/www.uhu.es\/d-inclusion65\/estudio-de-caso-principado-asturias\/\",\"name\":\"La Universidad de Huelva, Cruz Roja y Somos Digital ampl\u00edan su an\u00e1lisis sobre la inclusi\u00f3n digital con nuevos estudios de caso en el Principado de Asturias - D-Inclusi\u00f3n65\",\"isPartOf\":{\"@id\":\"https:\/\/www.uhu.es\/d-inclusion65\/#website\"},\"primaryImageOfPage\":{\"@id\":\"https:\/\/www.uhu.es\/d-inclusion65\/estudio-de-caso-principado-asturias\/#primaryimage\"},\"image\":{\"@id\":\"https:\/\/www.uhu.es\/d-inclusion65\/estudio-de-caso-principado-asturias\/#primaryimage\"},\"thumbnailUrl\":\"https:\/\/www.uhu.es\/d-inclusion65\/wp-content\/uploads\/2025\/12\/SDTL-Novellana-Asturias.jpg\",\"datePublished\":\"2025-11-30T17:00:17+00:00\",\"dateModified\":\"2025-12-08T11:04:15+00:00\",\"author\":{\"@id\":\"https:\/\/www.uhu.es\/d-inclusion65\/#\/schema\/person\/181fe8c0984fff0a0a17d24245c7d838\"},\"breadcrumb\":{\"@id\":\"https:\/\/www.uhu.es\/d-inclusion65\/estudio-de-caso-principado-asturias\/#breadcrumb\"},\"inLanguage\":\"es\",\"potentialAction\":[{\"@type\":\"ReadAction\",\"target\":[\"https:\/\/www.uhu.es\/d-inclusion65\/estudio-de-caso-principado-asturias\/\"]}]},{\"@type\":\"ImageObject\",\"inLanguage\":\"es\",\"@id\":\"https:\/\/www.uhu.es\/d-inclusion65\/estudio-de-caso-principado-asturias\/#primaryimage\",\"url\":\"https:\/\/www.uhu.es\/d-inclusion65\/wp-content\/uploads\/2025\/12\/SDTL-Novellana-Asturias.jpg\",\"contentUrl\":\"https:\/\/www.uhu.es\/d-inclusion65\/wp-content\/uploads\/2025\/12\/SDTL-Novellana-Asturias.jpg\",\"width\":1200,\"height\":630},{\"@type\":\"BreadcrumbList\",\"@id\":\"https:\/\/www.uhu.es\/d-inclusion65\/estudio-de-caso-principado-asturias\/#breadcrumb\",\"itemListElement\":[{\"@type\":\"ListItem\",\"position\":1,\"name\":\"Home\",\"item\":\"https:\/\/www.uhu.es\/d-inclusion65\/\"},{\"@type\":\"ListItem\",\"position\":2,\"name\":\"La Universidad de Huelva, Cruz Roja y Somos Digital ampl\u00edan su an\u00e1lisis sobre la inclusi\u00f3n digital con nuevos estudios de caso en el Principado de Asturias\"}]},{\"@type\":\"WebSite\",\"@id\":\"https:\/\/www.uhu.es\/d-inclusion65\/#website\",\"url\":\"https:\/\/www.uhu.es\/d-inclusion65\/\",\"name\":\"D-Inclusi\u00f3n65\",\"description\":\"\",\"potentialAction\":[{\"@type\":\"SearchAction\",\"target\":{\"@type\":\"EntryPoint\",\"urlTemplate\":\"https:\/\/www.uhu.es\/d-inclusion65\/?s={search_term_string}\"},\"query-input\":\"required name=search_term_string\"}],\"inLanguage\":\"es\"},{\"@type\":\"Person\",\"@id\":\"https:\/\/www.uhu.es\/d-inclusion65\/#\/schema\/person\/181fe8c0984fff0a0a17d24245c7d838\",\"name\":\"D-Inclusion\",\"image\":{\"@type\":\"ImageObject\",\"inLanguage\":\"es\",\"@id\":\"https:\/\/www.uhu.es\/d-inclusion65\/#\/schema\/person\/image\/\",\"url\":\"https:\/\/secure.gravatar.com\/avatar\/1bd254c238ba1cb78a5f89436185a218?s=96&d=mm&r=g\",\"contentUrl\":\"https:\/\/secure.gravatar.com\/avatar\/1bd254c238ba1cb78a5f89436185a218?s=96&d=mm&r=g\",\"caption\":\"D-Inclusion\"},\"sameAs\":[\"https:\/\/agenciabis.es\/d-inclusion65-2\"]}]}<\/script>\n<!-- \/ Yoast SEO plugin. -->","yoast_head_json":{"title":"La Universidad de Huelva, Cruz Roja y Somos Digital ampl\u00edan su an\u00e1lisis sobre la inclusi\u00f3n digital con nuevos estudios de caso en el Principado de Asturias - D-Inclusi\u00f3n65","robots":{"index":"noindex","follow":"follow"},"og_locale":"es_ES","og_type":"article","og_title":"La Universidad de Huelva, Cruz Roja y Somos Digital ampl\u00edan su an\u00e1lisis sobre la inclusi\u00f3n digital con nuevos estudios de caso en el Principado de Asturias - D-Inclusi\u00f3n65","og_url":"https:\/\/www.uhu.es\/d-inclusion65\/estudio-de-caso-principado-asturias\/","og_site_name":"D-Inclusi\u00f3n65","article_published_time":"2025-11-30T17:00:17+00:00","article_modified_time":"2025-12-08T11:04:15+00:00","og_image":[{"width":1200,"height":630,"url":"https:\/\/www.uhu.es\/d-inclusion65\/wp-content\/uploads\/2025\/12\/SDTL-Novellana-Asturias.jpg","type":"image\/jpeg"}],"author":"D-Inclusion","twitter_card":"summary_large_image","twitter_misc":{"Written by":"D-Inclusion","Est. reading time":"1 minuto"},"schema":{"@context":"https:\/\/schema.org","@graph":[{"@type":"WebPage","@id":"https:\/\/www.uhu.es\/d-inclusion65\/estudio-de-caso-principado-asturias\/","url":"https:\/\/www.uhu.es\/d-inclusion65\/estudio-de-caso-principado-asturias\/","name":"La Universidad de Huelva, Cruz Roja y Somos Digital ampl\u00edan su an\u00e1lisis sobre la inclusi\u00f3n digital con nuevos estudios de caso en el Principado de Asturias - D-Inclusi\u00f3n65","isPartOf":{"@id":"https:\/\/www.uhu.es\/d-inclusion65\/#website"},"primaryImageOfPage":{"@id":"https:\/\/www.uhu.es\/d-inclusion65\/estudio-de-caso-principado-asturias\/#primaryimage"},"image":{"@id":"https:\/\/www.uhu.es\/d-inclusion65\/estudio-de-caso-principado-asturias\/#primaryimage"},"thumbnailUrl":"https:\/\/www.uhu.es\/d-inclusion65\/wp-content\/uploads\/2025\/12\/SDTL-Novellana-Asturias.jpg","datePublished":"2025-11-30T17:00:17+00:00","dateModified":"2025-12-08T11:04:15+00:00","author":{"@id":"https:\/\/www.uhu.es\/d-inclusion65\/#\/schema\/person\/181fe8c0984fff0a0a17d24245c7d838"},"breadcrumb":{"@id":"https:\/\/www.uhu.es\/d-inclusion65\/estudio-de-caso-principado-asturias\/#breadcrumb"},"inLanguage":"es","potentialAction":[{"@type":"ReadAction","target":["https:\/\/www.uhu.es\/d-inclusion65\/estudio-de-caso-principado-asturias\/"]}]},{"@type":"ImageObject","inLanguage":"es","@id":"https:\/\/www.uhu.es\/d-inclusion65\/estudio-de-caso-principado-asturias\/#primaryimage","url":"https:\/\/www.uhu.es\/d-inclusion65\/wp-content\/uploads\/2025\/12\/SDTL-Novellana-Asturias.jpg","contentUrl":"https:\/\/www.uhu.es\/d-inclusion65\/wp-content\/uploads\/2025\/12\/SDTL-Novellana-Asturias.jpg","width":1200,"height":630},{"@type":"BreadcrumbList","@id":"https:\/\/www.uhu.es\/d-inclusion65\/estudio-de-caso-principado-asturias\/#breadcrumb","itemListElement":[{"@type":"ListItem","position":1,"name":"Home","item":"https:\/\/www.uhu.es\/d-inclusion65\/"},{"@type":"ListItem","position":2,"name":"La Universidad de Huelva, Cruz Roja y Somos Digital ampl\u00edan su an\u00e1lisis sobre la inclusi\u00f3n digital con nuevos estudios de caso en el Principado de Asturias"}]},{"@type":"WebSite","@id":"https:\/\/www.uhu.es\/d-inclusion65\/#website","url":"https:\/\/www.uhu.es\/d-inclusion65\/","name":"D-Inclusi\u00f3n65","description":"","potentialAction":[{"@type":"SearchAction","target":{"@type":"EntryPoint","urlTemplate":"https:\/\/www.uhu.es\/d-inclusion65\/?s={search_term_string}"},"query-input":"required name=search_term_string"}],"inLanguage":"es"},{"@type":"Person","@id":"https:\/\/www.uhu.es\/d-inclusion65\/#\/schema\/person\/181fe8c0984fff0a0a17d24245c7d838","name":"D-Inclusion","image":{"@type":"ImageObject","inLanguage":"es","@id":"https:\/\/www.uhu.es\/d-inclusion65\/#\/schema\/person\/image\/","url":"https:\/\/secure.gravatar.com\/avatar\/1bd254c238ba1cb78a5f89436185a218?s=96&d=mm&r=g","contentUrl":"https:\/\/secure.gravatar.com\/avatar\/1bd254c238ba1cb78a5f89436185a218?s=96&d=mm&r=g","caption":"D-Inclusion"},"sameAs":["https:\/\/agenciabis.es\/d-inclusion65-2"]}]}},"_links":{"self":[{"href":"https:\/\/www.uhu.es\/d-inclusion65\/wp-json\/wp\/v2\/posts\/2449"}],"collection":[{"href":"https:\/\/www.uhu.es\/d-inclusion65\/wp-json\/wp\/v2\/posts"}],"about":[{"href":"https:\/\/www.uhu.es\/d-inclusion65\/wp-json\/wp\/v2\/types\/post"}],"author":[{"embeddable":true,"href":"https:\/\/www.uhu.es\/d-inclusion65\/wp-json\/wp\/v2\/users\/1"}],"replies":[{"embeddable":true,"href":"https:\/\/www.uhu.es\/d-inclusion65\/wp-json\/wp\/v2\/comments?post=2449"}],"version-history":[{"count":2,"href":"https:\/\/www.uhu.es\/d-inclusion65\/wp-json\/wp\/v2\/posts\/2449\/revisions"}],"predecessor-version":[{"id":2454,"href":"https:\/\/www.uhu.es\/d-inclusion65\/wp-json\/wp\/v2\/posts\/2449\/revisions\/2454"}],"wp:featuredmedia":[{"embeddable":true,"href":"https:\/\/www.uhu.es\/d-inclusion65\/wp-json\/wp\/v2\/media\/2450"}],"wp:attachment":[{"href":"https:\/\/www.uhu.es\/d-inclusion65\/wp-json\/wp\/v2\/media?parent=2449"}],"wp:term":[{"taxonomy":"category","embeddable":true,"href":"https:\/\/www.uhu.es\/d-inclusion65\/wp-json\/wp\/v2\/categories?post=2449"},{"taxonomy":"post_tag","embeddable":true,"href":"https:\/\/www.uhu.es\/d-inclusion65\/wp-json\/wp\/v2\/tags?post=2449"}],"curies":[{"name":"wp","href":"https:\/\/api.w.org\/{rel}","templated":true}]}}