{"id":11025,"date":"2016-02-10T11:56:16","date_gmt":"2016-02-10T11:56:16","guid":{"rendered":"http:\/\/www.uhu.es\/etsi\/?p=11025"},"modified":"2016-02-10T11:56:16","modified_gmt":"2016-02-10T11:56:16","slug":"visita-al-complejo-minero-las-cruces","status":"publish","type":"post","link":"https:\/\/www.uhu.es\/etsi\/visita-al-complejo-minero-las-cruces\/","title":{"rendered":"Visita al Complejo Minero \u201cLas Cruces\u201d"},"content":{"rendered":"<p><strong>Visita al Complejo Minero \u201cLas Cruces\u201d \u00a0realizada por los alumnos de la carrera de Grado en Explotaci\u00f3n de Minas y Recursos Energ\u00e9ticos. <\/strong><\/p>\n<p>El d\u00eda 05\/02\/2016 \u00a0se realiz\u00f3 una visita al Complejo Minero \u201cLas Cruces\u201d de la empresa \u201cLas Cruces, S.A.\u201d, ubicada en el t\u00e9rmino municipal de Gerena (Sevilla), por parte de los alumnos de la carrera de Grado en Ingenier\u00eda en Explotaci\u00f3n de Minas y Recursos Energ\u00e9ticos, como continuaci\u00f3n a las pr\u00e1cticas de campo y de las visitas t\u00e9cnicas programadas en la titulaci\u00f3n de Minas, acompa\u00f1ados de los profesores del \u00c1rea de Explotaci\u00f3n de Minas, el \u00a0profesor Dr. Emilio Romero Mac\u00edas y el Dr. Fco. Javier Gonz\u00e1lez M\u00e1rquez.<\/p>\n<p>En las instalaciones de la mina nos esperaban el Jefe de Planificaci\u00f3n Minera, D. Iv\u00e1n Carrasco, \u00a0que tras dar la bienvenida a los alumnos de minas, presentaron la Compa\u00f1\u00eda y explicaron el Proyecto Minero\u00a0 (geolog\u00eda del yacimiento, m\u00e9todo de explotaci\u00f3n,\u00a0 tratamiento de mineral, \u00a0gesti\u00f3n de los residuos mineros, etc.)<\/p>\n<p>Los alumnos tuvieron la oportunidad de visitar una corta minera, as\u00ed como las instalaciones auxiliares de la mina\u00a0 y la maquinaria empleada.<\/p>\n<p>Agradecimientos a D. Iv\u00e1n Carrasco Marti\u00e1\u00f1ez \u00a0(Jefe de Planificaci\u00f3n de la Corta Minera)\u00a0 y D\u00aa Mar\u00eda Bocarando\u00a0 (Comunicaci\u00f3n externa) que ha permitido la visita, por el trato recibido y su colaboraci\u00f3n.<\/p>\n<div id=\"attachment_10977\" style=\"width: 1033px\" class=\"wp-caption aligncenter\"><a href=\"https:\/\/www.uhu.es\/etsi\/wp-content\/uploads\/2016\/02\/14.jpg\" rel=\"attachment wp-att-10977\"><img aria-describedby=\"caption-attachment-10977\" decoding=\"async\" loading=\"lazy\" class=\"wp-image-10977\" src=\"https:\/\/www.uhu.es\/etsi\/wp-content\/uploads\/2016\/02\/14.jpg\" alt=\"DSC_2224\" width=\"1023\" height=\"767\" \/><\/a><p id=\"caption-attachment-10977\" class=\"wp-caption-text\"><center>Imagen de los alumnos de Grado de Ingenier\u00eda en Explotaci\u00f3n de Minas y Recursos Energ\u00e9ticos que asistieron a la visita t\u00e9cnica<\/center><\/p><\/div>\n<p>&nbsp;<\/p>\n","protected":false},"excerpt":{"rendered":"<p>Visita al Complejo Minero \u201cLas Cruces\u201d \u00a0realizada por los alumnos de la carrera de Grado en Explotaci\u00f3n de Minas y &#8230; <\/p>\n<div><a href=\"https:\/\/www.uhu.es\/etsi\/visita-al-complejo-minero-las-cruces\/\" class=\"more-link\">Read More<\/a><\/div>\n","protected":false},"author":7,"featured_media":0,"comment_status":"closed","ping_status":"closed","sticky":false,"template":"","format":"standard","meta":[],"categories":[103],"tags":[],"yoast_head":"<!-- This site is optimized with the Yoast SEO plugin v20.2.1 - https:\/\/yoast.com\/wordpress\/plugins\/seo\/ -->\n<title>Visita al Complejo Minero \u201cLas Cruces\u201d - ETSI, UHU<\/title>\n<meta name=\"robots\" content=\"index, follow, max-snippet:-1, max-image-preview:large, max-video-preview:-1\" \/>\n<link rel=\"canonical\" href=\"https:\/\/www.uhu.es\/etsi\/visita-al-complejo-minero-las-cruces\/\" \/>\n<meta property=\"og:locale\" content=\"es_ES\" \/>\n<meta property=\"og:type\" content=\"article\" \/>\n<meta property=\"og:title\" content=\"Visita al Complejo Minero \u201cLas Cruces\u201d - ETSI, UHU\" \/>\n<meta property=\"og:description\" content=\"Visita al Complejo Minero \u201cLas Cruces\u201d \u00a0realizada por los alumnos de la carrera de Grado en Explotaci\u00f3n de Minas y ... Read More\" \/>\n<meta property=\"og:url\" content=\"https:\/\/www.uhu.es\/etsi\/visita-al-complejo-minero-las-cruces\/\" \/>\n<meta property=\"og:site_name\" content=\"ETSI, UHU\" \/>\n<meta property=\"article:published_time\" content=\"2016-02-10T11:56:16+00:00\" \/>\n<meta property=\"og:image\" content=\"http:\/\/www.uhu.es\/etsi\/wp-content\/uploads\/2016\/02\/14.jpg\" \/>\n<meta name=\"author\" content=\"Webmaster ETSI UHU\" \/>\n<meta name=\"twitter:label1\" content=\"Written by\" \/>\n\t<meta name=\"twitter:data1\" content=\"Webmaster ETSI UHU\" \/>\n\t<meta name=\"twitter:label2\" content=\"Est. reading time\" \/>\n\t<meta name=\"twitter:data2\" content=\"1 minute\" \/>\n<script type=\"application\/ld+json\" class=\"yoast-schema-graph\">{\"@context\":\"https:\/\/schema.org\",\"@graph\":[{\"@type\":\"Article\",\"@id\":\"https:\/\/www.uhu.es\/etsi\/visita-al-complejo-minero-las-cruces\/#article\",\"isPartOf\":{\"@id\":\"https:\/\/www.uhu.es\/etsi\/visita-al-complejo-minero-las-cruces\/\"},\"author\":{\"name\":\"Webmaster ETSI UHU\",\"@id\":\"https:\/\/www.uhu.es\/etsi\/#\/schema\/person\/0be60ebb90d6eb6178b4e7931aab375b\"},\"headline\":\"Visita al Complejo Minero \u201cLas Cruces\u201d\",\"datePublished\":\"2016-02-10T11:56:16+00:00\",\"dateModified\":\"2016-02-10T11:56:16+00:00\",\"mainEntityOfPage\":{\"@id\":\"https:\/\/www.uhu.es\/etsi\/visita-al-complejo-minero-las-cruces\/\"},\"wordCount\":278,\"publisher\":{\"@id\":\"https:\/\/www.uhu.es\/etsi\/#organization\"},\"articleSection\":[\"Actividades\"],\"inLanguage\":\"es-ES\"},{\"@type\":\"WebPage\",\"@id\":\"https:\/\/www.uhu.es\/etsi\/visita-al-complejo-minero-las-cruces\/\",\"url\":\"https:\/\/www.uhu.es\/etsi\/visita-al-complejo-minero-las-cruces\/\",\"name\":\"Visita al Complejo Minero \u201cLas Cruces\u201d - ETSI, UHU\",\"isPartOf\":{\"@id\":\"https:\/\/www.uhu.es\/etsi\/#website\"},\"datePublished\":\"2016-02-10T11:56:16+00:00\",\"dateModified\":\"2016-02-10T11:56:16+00:00\",\"breadcrumb\":{\"@id\":\"https:\/\/www.uhu.es\/etsi\/visita-al-complejo-minero-las-cruces\/#breadcrumb\"},\"inLanguage\":\"es-ES\",\"potentialAction\":[{\"@type\":\"ReadAction\",\"target\":[\"https:\/\/www.uhu.es\/etsi\/visita-al-complejo-minero-las-cruces\/\"]}]},{\"@type\":\"BreadcrumbList\",\"@id\":\"https:\/\/www.uhu.es\/etsi\/visita-al-complejo-minero-las-cruces\/#breadcrumb\",\"itemListElement\":[{\"@type\":\"ListItem\",\"position\":1,\"name\":\"Portada\",\"item\":\"https:\/\/www.uhu.es\/etsi\/\"},{\"@type\":\"ListItem\",\"position\":2,\"name\":\"Visita al Complejo Minero \u201cLas Cruces\u201d\"}]},{\"@type\":\"WebSite\",\"@id\":\"https:\/\/www.uhu.es\/etsi\/#website\",\"url\":\"https:\/\/www.uhu.es\/etsi\/\",\"name\":\"ETSI, UHU\",\"description\":\"Escuela T\u00e9cnica Superior de  Ingenier\u00eda de la Universidad de Huelva\",\"publisher\":{\"@id\":\"https:\/\/www.uhu.es\/etsi\/#organization\"},\"potentialAction\":[{\"@type\":\"SearchAction\",\"target\":{\"@type\":\"EntryPoint\",\"urlTemplate\":\"https:\/\/www.uhu.es\/etsi\/?s={search_term_string}\"},\"query-input\":\"required name=search_term_string\"}],\"inLanguage\":\"es-ES\"},{\"@type\":\"Organization\",\"@id\":\"https:\/\/www.uhu.es\/etsi\/#organization\",\"name\":\"UHU ETSI\",\"url\":\"https:\/\/www.uhu.es\/etsi\/\",\"logo\":{\"@type\":\"ImageObject\",\"inLanguage\":\"es-ES\",\"@id\":\"https:\/\/www.uhu.es\/etsi\/#\/schema\/logo\/image\/\",\"url\":\"http:\/\/www.uhu.es\/etsi\/wp-content\/uploads\/2016\/02\/membrete_ETSI.jpg\",\"contentUrl\":\"http:\/\/www.uhu.es\/etsi\/wp-content\/uploads\/2016\/02\/membrete_ETSI.jpg\",\"width\":423,\"height\":81,\"caption\":\"UHU ETSI\"},\"image\":{\"@id\":\"https:\/\/www.uhu.es\/etsi\/#\/schema\/logo\/image\/\"}},{\"@type\":\"Person\",\"@id\":\"https:\/\/www.uhu.es\/etsi\/#\/schema\/person\/0be60ebb90d6eb6178b4e7931aab375b\",\"name\":\"Webmaster ETSI UHU\",\"image\":{\"@type\":\"ImageObject\",\"inLanguage\":\"es-ES\",\"@id\":\"https:\/\/www.uhu.es\/etsi\/#\/schema\/person\/image\/\",\"url\":\"https:\/\/secure.gravatar.com\/avatar\/f9197cc9116f1efc0d73935d997efa0a?s=96&d=mm&r=g\",\"contentUrl\":\"https:\/\/secure.gravatar.com\/avatar\/f9197cc9116f1efc0d73935d997efa0a?s=96&d=mm&r=g\",\"caption\":\"Webmaster ETSI UHU\"},\"sameAs\":[\"http:\/\/www.uhu.es\/etsi\"],\"url\":\"https:\/\/www.uhu.es\/etsi\/author\/webmaster\/\"}]}<\/script>\n<!-- \/ Yoast SEO plugin. -->","yoast_head_json":{"title":"Visita al Complejo Minero \u201cLas Cruces\u201d - ETSI, UHU","robots":{"index":"index","follow":"follow","max-snippet":"max-snippet:-1","max-image-preview":"max-image-preview:large","max-video-preview":"max-video-preview:-1"},"canonical":"https:\/\/www.uhu.es\/etsi\/visita-al-complejo-minero-las-cruces\/","og_locale":"es_ES","og_type":"article","og_title":"Visita al Complejo Minero \u201cLas Cruces\u201d - ETSI, UHU","og_description":"Visita al Complejo Minero \u201cLas Cruces\u201d \u00a0realizada por los alumnos de la carrera de Grado en Explotaci\u00f3n de Minas y ... Read More","og_url":"https:\/\/www.uhu.es\/etsi\/visita-al-complejo-minero-las-cruces\/","og_site_name":"ETSI, UHU","article_published_time":"2016-02-10T11:56:16+00:00","og_image":[{"url":"http:\/\/www.uhu.es\/etsi\/wp-content\/uploads\/2016\/02\/14.jpg"}],"author":"Webmaster ETSI UHU","twitter_misc":{"Written by":"Webmaster ETSI UHU","Est. reading time":"1 minute"},"schema":{"@context":"https:\/\/schema.org","@graph":[{"@type":"Article","@id":"https:\/\/www.uhu.es\/etsi\/visita-al-complejo-minero-las-cruces\/#article","isPartOf":{"@id":"https:\/\/www.uhu.es\/etsi\/visita-al-complejo-minero-las-cruces\/"},"author":{"name":"Webmaster ETSI UHU","@id":"https:\/\/www.uhu.es\/etsi\/#\/schema\/person\/0be60ebb90d6eb6178b4e7931aab375b"},"headline":"Visita al Complejo Minero \u201cLas Cruces\u201d","datePublished":"2016-02-10T11:56:16+00:00","dateModified":"2016-02-10T11:56:16+00:00","mainEntityOfPage":{"@id":"https:\/\/www.uhu.es\/etsi\/visita-al-complejo-minero-las-cruces\/"},"wordCount":278,"publisher":{"@id":"https:\/\/www.uhu.es\/etsi\/#organization"},"articleSection":["Actividades"],"inLanguage":"es-ES"},{"@type":"WebPage","@id":"https:\/\/www.uhu.es\/etsi\/visita-al-complejo-minero-las-cruces\/","url":"https:\/\/www.uhu.es\/etsi\/visita-al-complejo-minero-las-cruces\/","name":"Visita al Complejo Minero \u201cLas Cruces\u201d - ETSI, UHU","isPartOf":{"@id":"https:\/\/www.uhu.es\/etsi\/#website"},"datePublished":"2016-02-10T11:56:16+00:00","dateModified":"2016-02-10T11:56:16+00:00","breadcrumb":{"@id":"https:\/\/www.uhu.es\/etsi\/visita-al-complejo-minero-las-cruces\/#breadcrumb"},"inLanguage":"es-ES","potentialAction":[{"@type":"ReadAction","target":["https:\/\/www.uhu.es\/etsi\/visita-al-complejo-minero-las-cruces\/"]}]},{"@type":"BreadcrumbList","@id":"https:\/\/www.uhu.es\/etsi\/visita-al-complejo-minero-las-cruces\/#breadcrumb","itemListElement":[{"@type":"ListItem","position":1,"name":"Portada","item":"https:\/\/www.uhu.es\/etsi\/"},{"@type":"ListItem","position":2,"name":"Visita al Complejo Minero \u201cLas Cruces\u201d"}]},{"@type":"WebSite","@id":"https:\/\/www.uhu.es\/etsi\/#website","url":"https:\/\/www.uhu.es\/etsi\/","name":"ETSI, UHU","description":"Escuela T\u00e9cnica Superior de  Ingenier\u00eda de la Universidad de Huelva","publisher":{"@id":"https:\/\/www.uhu.es\/etsi\/#organization"},"potentialAction":[{"@type":"SearchAction","target":{"@type":"EntryPoint","urlTemplate":"https:\/\/www.uhu.es\/etsi\/?s={search_term_string}"},"query-input":"required name=search_term_string"}],"inLanguage":"es-ES"},{"@type":"Organization","@id":"https:\/\/www.uhu.es\/etsi\/#organization","name":"UHU ETSI","url":"https:\/\/www.uhu.es\/etsi\/","logo":{"@type":"ImageObject","inLanguage":"es-ES","@id":"https:\/\/www.uhu.es\/etsi\/#\/schema\/logo\/image\/","url":"http:\/\/www.uhu.es\/etsi\/wp-content\/uploads\/2016\/02\/membrete_ETSI.jpg","contentUrl":"http:\/\/www.uhu.es\/etsi\/wp-content\/uploads\/2016\/02\/membrete_ETSI.jpg","width":423,"height":81,"caption":"UHU ETSI"},"image":{"@id":"https:\/\/www.uhu.es\/etsi\/#\/schema\/logo\/image\/"}},{"@type":"Person","@id":"https:\/\/www.uhu.es\/etsi\/#\/schema\/person\/0be60ebb90d6eb6178b4e7931aab375b","name":"Webmaster ETSI UHU","image":{"@type":"ImageObject","inLanguage":"es-ES","@id":"https:\/\/www.uhu.es\/etsi\/#\/schema\/person\/image\/","url":"https:\/\/secure.gravatar.com\/avatar\/f9197cc9116f1efc0d73935d997efa0a?s=96&d=mm&r=g","contentUrl":"https:\/\/secure.gravatar.com\/avatar\/f9197cc9116f1efc0d73935d997efa0a?s=96&d=mm&r=g","caption":"Webmaster ETSI UHU"},"sameAs":["http:\/\/www.uhu.es\/etsi"],"url":"https:\/\/www.uhu.es\/etsi\/author\/webmaster\/"}]}},"_links":{"self":[{"href":"https:\/\/www.uhu.es\/etsi\/wp-json\/wp\/v2\/posts\/11025"}],"collection":[{"href":"https:\/\/www.uhu.es\/etsi\/wp-json\/wp\/v2\/posts"}],"about":[{"href":"https:\/\/www.uhu.es\/etsi\/wp-json\/wp\/v2\/types\/post"}],"author":[{"embeddable":true,"href":"https:\/\/www.uhu.es\/etsi\/wp-json\/wp\/v2\/users\/7"}],"replies":[{"embeddable":true,"href":"https:\/\/www.uhu.es\/etsi\/wp-json\/wp\/v2\/comments?post=11025"}],"version-history":[{"count":4,"href":"https:\/\/www.uhu.es\/etsi\/wp-json\/wp\/v2\/posts\/11025\/revisions"}],"predecessor-version":[{"id":11040,"href":"https:\/\/www.uhu.es\/etsi\/wp-json\/wp\/v2\/posts\/11025\/revisions\/11040"}],"wp:attachment":[{"href":"https:\/\/www.uhu.es\/etsi\/wp-json\/wp\/v2\/media?parent=11025"}],"wp:term":[{"taxonomy":"category","embeddable":true,"href":"https:\/\/www.uhu.es\/etsi\/wp-json\/wp\/v2\/categories?post=11025"},{"taxonomy":"post_tag","embeddable":true,"href":"https:\/\/www.uhu.es\/etsi\/wp-json\/wp\/v2\/tags?post=11025"}],"curies":[{"name":"wp","href":"https:\/\/api.w.org\/{rel}","templated":true}]}}