{"id":11242,"date":"2016-03-29T09:28:00","date_gmt":"2016-03-29T09:28:00","guid":{"rendered":"http:\/\/www.uhu.es\/etsi\/?p=11242"},"modified":"2016-03-29T09:28:00","modified_gmt":"2016-03-29T09:28:00","slug":"i-jornada-analisis-planificacion-medio-natural","status":"publish","type":"post","link":"https:\/\/www.uhu.es\/etsi\/i-jornada-analisis-planificacion-medio-natural\/","title":{"rendered":"I Jornada de An\u00e1lisis y Planificaci\u00f3n de Medio Natural"},"content":{"rendered":"<p>El <strong>1 de abril de 2016<\/strong>\u00a0en la\u00a0ESCUELA T\u00c9CNICA SUPERIOR DE INGENIER\u00cdA.<\/p>\n<p><strong>Inscripci\u00f3n:<\/strong><br \/>\nGratuita<br \/>\nE-mail: juanc@uhu.es<br \/>\nAforo limitado<\/p>\n<p><strong>Organiza:<\/strong><br \/>\nGrupo de investigaci\u00f3n \u2018An\u00e1lisis y\u00a0Planificaci\u00f3n del Medio Natural\u2019 (RNM-315)<\/p>\n<p><strong>Lugar de celebraci\u00f3n<\/strong>:<br \/>\nAula de grados del Departamento de Ciencias Agroforestales, Campus de La\u00a0R\u00e1bida, Edificio Salt\u00e9s<\/p>\n<p><strong>Programa:<\/strong><\/p>\n<p>9:30-10:00h: Presentaci\u00f3n<\/p>\n<p>10:00-10:30h: Inventario forestal de la Reserva Natural de Dindefelo (Senegal):contribuci\u00f3n a la conservaci\u00f3n del h\u00e1bitat de la poblaci\u00f3n m\u00e1s septentrional de\u00a0chimpanc\u00e9 (Pan troglodytes ssp.verus).<br \/>\nPonente: Dra. Reyes Alejano Monge<\/p>\n<p>10:30-11:00h: Evaluaci\u00f3n y predicci\u00f3n del recurso solar.<br \/>\nPonente: Dr. Gabriel L\u00f3pez Rodr\u00edguez<\/p>\n<p>11:00-11:30h: Producci\u00f3n de biomasa y efectos sobre el suelo de cultivos energ\u00e9ticos en\u00a0clima continental.<br \/>\nPonente: D\u00f1a. Patricia Alesso Oviedo<\/p>\n<p>11:30-12:00h: Pausa, caf\u00e9.<\/p>\n<p>12:00-12-30h: Coexistencia de especies arb\u00f3reas en ecosistemas forestales: d\u00f3nde,\u00a0cu\u00e1ndo y c\u00f3mo.<br \/>\nPonente: Dr. Enrique Andivia Mu\u00f1oz<\/p>\n<p>12:30-13:00h: \u00bfEs posible recuperar las poblaciones de anguila europea (Anguilla\u00a0anguilla)? Efectos de los cambios ambientales sobre las rutas migratorias de leptoc\u00e9falos.<br \/>\nPonente: Dr. Juan Carlos Guti\u00e9rrez Estrada<\/p>\n<p>13:00-13:30h: Par\u00e1metros morfo-fisiol\u00f3gicos para la selecci\u00f3n precoz de clones de\u00a0Eucalyptus por su resistencia a la sequ\u00eda.<br \/>\nPonente: Dr. Manuel Fern\u00e1ndez Mart\u00ednez<\/p>\n<p>13:30-14:00h: Valoraci\u00f3n de la efectividad de los diques forestales en la retenci\u00f3n de\u00a0sedimentos mediante el empleo de los datos Lidar del PONOA.<br \/>\nPonente: Dr. Rub\u00e9n Fern\u00e1ndez de Villar\u00e1n San Juan<\/p>\n<p>14:00h: Clausura y entrega de certificados<\/p>\n<p><a href=\"https:\/\/www.uhu.es\/etsi\/descargas\/2016\/Cartel_Programa.pdf\" target=\"_blank\" rel=\"attachment wp-att-11244\"><img decoding=\"async\" loading=\"lazy\" class=\"wp-image-11244 aligncenter\" src=\"https:\/\/www.uhu.es\/etsi\/wp-content\/uploads\/2016\/03\/Cartel-Programa_001.jpg\" alt=\"Cartel Programa_001\" width=\"248\" height=\"351\" \/><\/a><\/p>\n","protected":false},"excerpt":{"rendered":"<p>El 1 de abril de 2016\u00a0en la\u00a0ESCUELA T\u00c9CNICA SUPERIOR DE INGENIER\u00cdA. Inscripci\u00f3n: Gratuita E-mail: juanc@uhu.es Aforo limitado Organiza: Grupo de &#8230; <\/p>\n<div><a href=\"https:\/\/www.uhu.es\/etsi\/i-jornada-analisis-planificacion-medio-natural\/\" class=\"more-link\">Read More<\/a><\/div>\n","protected":false},"author":7,"featured_media":0,"comment_status":"closed","ping_status":"closed","sticky":false,"template":"","format":"standard","meta":[],"categories":[103,104,99,100],"tags":[],"yoast_head":"<!-- This site is optimized with the Yoast SEO plugin v20.2.1 - https:\/\/yoast.com\/wordpress\/plugins\/seo\/ -->\n<title>I Jornada de An\u00e1lisis y Planificaci\u00f3n de Medio Natural - ETSI, UHU<\/title>\n<meta name=\"robots\" content=\"index, follow, max-snippet:-1, max-image-preview:large, max-video-preview:-1\" \/>\n<link rel=\"canonical\" href=\"https:\/\/www.uhu.es\/etsi\/i-jornada-analisis-planificacion-medio-natural\/\" \/>\n<meta property=\"og:locale\" content=\"es_ES\" \/>\n<meta property=\"og:type\" content=\"article\" \/>\n<meta property=\"og:title\" content=\"I Jornada de An\u00e1lisis y Planificaci\u00f3n de Medio Natural - ETSI, UHU\" \/>\n<meta property=\"og:description\" content=\"El 1 de abril de 2016\u00a0en la\u00a0ESCUELA T\u00c9CNICA SUPERIOR DE INGENIER\u00cdA. Inscripci\u00f3n: Gratuita E-mail: juanc@uhu.es Aforo limitado Organiza: Grupo de ... Read More\" \/>\n<meta property=\"og:url\" content=\"https:\/\/www.uhu.es\/etsi\/i-jornada-analisis-planificacion-medio-natural\/\" \/>\n<meta property=\"og:site_name\" content=\"ETSI, UHU\" \/>\n<meta property=\"article:published_time\" content=\"2016-03-29T09:28:00+00:00\" \/>\n<meta property=\"og:image\" content=\"http:\/\/www.uhu.es\/etsi\/wp-content\/uploads\/2016\/03\/Cartel-Programa_001.jpg\" \/>\n<meta name=\"author\" content=\"Webmaster ETSI UHU\" \/>\n<meta name=\"twitter:label1\" content=\"Written by\" \/>\n\t<meta name=\"twitter:data1\" content=\"Webmaster ETSI UHU\" \/>\n\t<meta name=\"twitter:label2\" content=\"Est. reading time\" \/>\n\t<meta name=\"twitter:data2\" content=\"1 minute\" \/>\n<script type=\"application\/ld+json\" class=\"yoast-schema-graph\">{\"@context\":\"https:\/\/schema.org\",\"@graph\":[{\"@type\":\"Article\",\"@id\":\"https:\/\/www.uhu.es\/etsi\/i-jornada-analisis-planificacion-medio-natural\/#article\",\"isPartOf\":{\"@id\":\"https:\/\/www.uhu.es\/etsi\/i-jornada-analisis-planificacion-medio-natural\/\"},\"author\":{\"name\":\"Webmaster ETSI UHU\",\"@id\":\"https:\/\/www.uhu.es\/etsi\/#\/schema\/person\/0be60ebb90d6eb6178b4e7931aab375b\"},\"headline\":\"I Jornada de An\u00e1lisis y Planificaci\u00f3n de Medio Natural\",\"datePublished\":\"2016-03-29T09:28:00+00:00\",\"dateModified\":\"2016-03-29T09:28:00+00:00\",\"mainEntityOfPage\":{\"@id\":\"https:\/\/www.uhu.es\/etsi\/i-jornada-analisis-planificacion-medio-natural\/\"},\"wordCount\":282,\"publisher\":{\"@id\":\"https:\/\/www.uhu.es\/etsi\/#organization\"},\"articleSection\":[\"Actividades\",\"Cursos\",\"Estudiantes\",\"Profesores\"],\"inLanguage\":\"es-ES\"},{\"@type\":\"WebPage\",\"@id\":\"https:\/\/www.uhu.es\/etsi\/i-jornada-analisis-planificacion-medio-natural\/\",\"url\":\"https:\/\/www.uhu.es\/etsi\/i-jornada-analisis-planificacion-medio-natural\/\",\"name\":\"I Jornada de An\u00e1lisis y Planificaci\u00f3n de Medio Natural - ETSI, UHU\",\"isPartOf\":{\"@id\":\"https:\/\/www.uhu.es\/etsi\/#website\"},\"datePublished\":\"2016-03-29T09:28:00+00:00\",\"dateModified\":\"2016-03-29T09:28:00+00:00\",\"breadcrumb\":{\"@id\":\"https:\/\/www.uhu.es\/etsi\/i-jornada-analisis-planificacion-medio-natural\/#breadcrumb\"},\"inLanguage\":\"es-ES\",\"potentialAction\":[{\"@type\":\"ReadAction\",\"target\":[\"https:\/\/www.uhu.es\/etsi\/i-jornada-analisis-planificacion-medio-natural\/\"]}]},{\"@type\":\"BreadcrumbList\",\"@id\":\"https:\/\/www.uhu.es\/etsi\/i-jornada-analisis-planificacion-medio-natural\/#breadcrumb\",\"itemListElement\":[{\"@type\":\"ListItem\",\"position\":1,\"name\":\"Portada\",\"item\":\"https:\/\/www.uhu.es\/etsi\/\"},{\"@type\":\"ListItem\",\"position\":2,\"name\":\"I Jornada de An\u00e1lisis y Planificaci\u00f3n de Medio Natural\"}]},{\"@type\":\"WebSite\",\"@id\":\"https:\/\/www.uhu.es\/etsi\/#website\",\"url\":\"https:\/\/www.uhu.es\/etsi\/\",\"name\":\"ETSI, UHU\",\"description\":\"Escuela T\u00e9cnica Superior de  Ingenier\u00eda de la Universidad de Huelva\",\"publisher\":{\"@id\":\"https:\/\/www.uhu.es\/etsi\/#organization\"},\"potentialAction\":[{\"@type\":\"SearchAction\",\"target\":{\"@type\":\"EntryPoint\",\"urlTemplate\":\"https:\/\/www.uhu.es\/etsi\/?s={search_term_string}\"},\"query-input\":\"required name=search_term_string\"}],\"inLanguage\":\"es-ES\"},{\"@type\":\"Organization\",\"@id\":\"https:\/\/www.uhu.es\/etsi\/#organization\",\"name\":\"UHU ETSI\",\"url\":\"https:\/\/www.uhu.es\/etsi\/\",\"logo\":{\"@type\":\"ImageObject\",\"inLanguage\":\"es-ES\",\"@id\":\"https:\/\/www.uhu.es\/etsi\/#\/schema\/logo\/image\/\",\"url\":\"http:\/\/www.uhu.es\/etsi\/wp-content\/uploads\/2016\/02\/membrete_ETSI.jpg\",\"contentUrl\":\"http:\/\/www.uhu.es\/etsi\/wp-content\/uploads\/2016\/02\/membrete_ETSI.jpg\",\"width\":423,\"height\":81,\"caption\":\"UHU ETSI\"},\"image\":{\"@id\":\"https:\/\/www.uhu.es\/etsi\/#\/schema\/logo\/image\/\"}},{\"@type\":\"Person\",\"@id\":\"https:\/\/www.uhu.es\/etsi\/#\/schema\/person\/0be60ebb90d6eb6178b4e7931aab375b\",\"name\":\"Webmaster ETSI UHU\",\"image\":{\"@type\":\"ImageObject\",\"inLanguage\":\"es-ES\",\"@id\":\"https:\/\/www.uhu.es\/etsi\/#\/schema\/person\/image\/\",\"url\":\"https:\/\/secure.gravatar.com\/avatar\/f9197cc9116f1efc0d73935d997efa0a?s=96&d=mm&r=g\",\"contentUrl\":\"https:\/\/secure.gravatar.com\/avatar\/f9197cc9116f1efc0d73935d997efa0a?s=96&d=mm&r=g\",\"caption\":\"Webmaster ETSI UHU\"},\"sameAs\":[\"http:\/\/www.uhu.es\/etsi\"],\"url\":\"https:\/\/www.uhu.es\/etsi\/author\/webmaster\/\"}]}<\/script>\n<!-- \/ Yoast SEO plugin. -->","yoast_head_json":{"title":"I Jornada de An\u00e1lisis y Planificaci\u00f3n de Medio Natural - ETSI, UHU","robots":{"index":"index","follow":"follow","max-snippet":"max-snippet:-1","max-image-preview":"max-image-preview:large","max-video-preview":"max-video-preview:-1"},"canonical":"https:\/\/www.uhu.es\/etsi\/i-jornada-analisis-planificacion-medio-natural\/","og_locale":"es_ES","og_type":"article","og_title":"I Jornada de An\u00e1lisis y Planificaci\u00f3n de Medio Natural - ETSI, UHU","og_description":"El 1 de abril de 2016\u00a0en la\u00a0ESCUELA T\u00c9CNICA SUPERIOR DE INGENIER\u00cdA. Inscripci\u00f3n: Gratuita E-mail: juanc@uhu.es Aforo limitado Organiza: Grupo de ... Read More","og_url":"https:\/\/www.uhu.es\/etsi\/i-jornada-analisis-planificacion-medio-natural\/","og_site_name":"ETSI, UHU","article_published_time":"2016-03-29T09:28:00+00:00","og_image":[{"url":"http:\/\/www.uhu.es\/etsi\/wp-content\/uploads\/2016\/03\/Cartel-Programa_001.jpg"}],"author":"Webmaster ETSI UHU","twitter_misc":{"Written by":"Webmaster ETSI UHU","Est. reading time":"1 minute"},"schema":{"@context":"https:\/\/schema.org","@graph":[{"@type":"Article","@id":"https:\/\/www.uhu.es\/etsi\/i-jornada-analisis-planificacion-medio-natural\/#article","isPartOf":{"@id":"https:\/\/www.uhu.es\/etsi\/i-jornada-analisis-planificacion-medio-natural\/"},"author":{"name":"Webmaster ETSI UHU","@id":"https:\/\/www.uhu.es\/etsi\/#\/schema\/person\/0be60ebb90d6eb6178b4e7931aab375b"},"headline":"I Jornada de An\u00e1lisis y Planificaci\u00f3n de Medio Natural","datePublished":"2016-03-29T09:28:00+00:00","dateModified":"2016-03-29T09:28:00+00:00","mainEntityOfPage":{"@id":"https:\/\/www.uhu.es\/etsi\/i-jornada-analisis-planificacion-medio-natural\/"},"wordCount":282,"publisher":{"@id":"https:\/\/www.uhu.es\/etsi\/#organization"},"articleSection":["Actividades","Cursos","Estudiantes","Profesores"],"inLanguage":"es-ES"},{"@type":"WebPage","@id":"https:\/\/www.uhu.es\/etsi\/i-jornada-analisis-planificacion-medio-natural\/","url":"https:\/\/www.uhu.es\/etsi\/i-jornada-analisis-planificacion-medio-natural\/","name":"I Jornada de An\u00e1lisis y Planificaci\u00f3n de Medio Natural - ETSI, UHU","isPartOf":{"@id":"https:\/\/www.uhu.es\/etsi\/#website"},"datePublished":"2016-03-29T09:28:00+00:00","dateModified":"2016-03-29T09:28:00+00:00","breadcrumb":{"@id":"https:\/\/www.uhu.es\/etsi\/i-jornada-analisis-planificacion-medio-natural\/#breadcrumb"},"inLanguage":"es-ES","potentialAction":[{"@type":"ReadAction","target":["https:\/\/www.uhu.es\/etsi\/i-jornada-analisis-planificacion-medio-natural\/"]}]},{"@type":"BreadcrumbList","@id":"https:\/\/www.uhu.es\/etsi\/i-jornada-analisis-planificacion-medio-natural\/#breadcrumb","itemListElement":[{"@type":"ListItem","position":1,"name":"Portada","item":"https:\/\/www.uhu.es\/etsi\/"},{"@type":"ListItem","position":2,"name":"I Jornada de An\u00e1lisis y Planificaci\u00f3n de Medio Natural"}]},{"@type":"WebSite","@id":"https:\/\/www.uhu.es\/etsi\/#website","url":"https:\/\/www.uhu.es\/etsi\/","name":"ETSI, UHU","description":"Escuela T\u00e9cnica Superior de  Ingenier\u00eda de la Universidad de Huelva","publisher":{"@id":"https:\/\/www.uhu.es\/etsi\/#organization"},"potentialAction":[{"@type":"SearchAction","target":{"@type":"EntryPoint","urlTemplate":"https:\/\/www.uhu.es\/etsi\/?s={search_term_string}"},"query-input":"required name=search_term_string"}],"inLanguage":"es-ES"},{"@type":"Organization","@id":"https:\/\/www.uhu.es\/etsi\/#organization","name":"UHU ETSI","url":"https:\/\/www.uhu.es\/etsi\/","logo":{"@type":"ImageObject","inLanguage":"es-ES","@id":"https:\/\/www.uhu.es\/etsi\/#\/schema\/logo\/image\/","url":"http:\/\/www.uhu.es\/etsi\/wp-content\/uploads\/2016\/02\/membrete_ETSI.jpg","contentUrl":"http:\/\/www.uhu.es\/etsi\/wp-content\/uploads\/2016\/02\/membrete_ETSI.jpg","width":423,"height":81,"caption":"UHU ETSI"},"image":{"@id":"https:\/\/www.uhu.es\/etsi\/#\/schema\/logo\/image\/"}},{"@type":"Person","@id":"https:\/\/www.uhu.es\/etsi\/#\/schema\/person\/0be60ebb90d6eb6178b4e7931aab375b","name":"Webmaster ETSI UHU","image":{"@type":"ImageObject","inLanguage":"es-ES","@id":"https:\/\/www.uhu.es\/etsi\/#\/schema\/person\/image\/","url":"https:\/\/secure.gravatar.com\/avatar\/f9197cc9116f1efc0d73935d997efa0a?s=96&d=mm&r=g","contentUrl":"https:\/\/secure.gravatar.com\/avatar\/f9197cc9116f1efc0d73935d997efa0a?s=96&d=mm&r=g","caption":"Webmaster ETSI UHU"},"sameAs":["http:\/\/www.uhu.es\/etsi"],"url":"https:\/\/www.uhu.es\/etsi\/author\/webmaster\/"}]}},"_links":{"self":[{"href":"https:\/\/www.uhu.es\/etsi\/wp-json\/wp\/v2\/posts\/11242"}],"collection":[{"href":"https:\/\/www.uhu.es\/etsi\/wp-json\/wp\/v2\/posts"}],"about":[{"href":"https:\/\/www.uhu.es\/etsi\/wp-json\/wp\/v2\/types\/post"}],"author":[{"embeddable":true,"href":"https:\/\/www.uhu.es\/etsi\/wp-json\/wp\/v2\/users\/7"}],"replies":[{"embeddable":true,"href":"https:\/\/www.uhu.es\/etsi\/wp-json\/wp\/v2\/comments?post=11242"}],"version-history":[{"count":8,"href":"https:\/\/www.uhu.es\/etsi\/wp-json\/wp\/v2\/posts\/11242\/revisions"}],"predecessor-version":[{"id":11252,"href":"https:\/\/www.uhu.es\/etsi\/wp-json\/wp\/v2\/posts\/11242\/revisions\/11252"}],"wp:attachment":[{"href":"https:\/\/www.uhu.es\/etsi\/wp-json\/wp\/v2\/media?parent=11242"}],"wp:term":[{"taxonomy":"category","embeddable":true,"href":"https:\/\/www.uhu.es\/etsi\/wp-json\/wp\/v2\/categories?post=11242"},{"taxonomy":"post_tag","embeddable":true,"href":"https:\/\/www.uhu.es\/etsi\/wp-json\/wp\/v2\/tags?post=11242"}],"curies":[{"name":"wp","href":"https:\/\/api.w.org\/{rel}","templated":true}]}}