{"id":11266,"date":"2016-03-31T11:03:51","date_gmt":"2016-03-31T11:03:51","guid":{"rendered":"http:\/\/www.uhu.es\/etsi\/?p=11266"},"modified":"2016-03-31T12:09:46","modified_gmt":"2016-03-31T12:09:46","slug":"campana-ayuda-los-campamentos-refugiados","status":"publish","type":"post","link":"https:\/\/www.uhu.es\/etsi\/campana-ayuda-los-campamentos-refugiados\/","title":{"rendered":"Campa\u00f1a de ayuda a los campamentos de refugiados"},"content":{"rendered":"<p>Os informamos de que en el Pabell\u00f3n Alonso Barba, hemos establecido un punto de recogida de material para ayudar a los campamentos de refugiados sirios a su llegada a las fronteras de Europa. Todo lo que se recoja ir\u00e1 a la Asociaci\u00f3n de Ayuda a los Refugiados Ayre y ellos se encargar\u00e1n de hacerlo llegar a los campamentos de refugidados con los que trabajan.<\/p>\n<p>Si quieres colaborar, puedes traer alimentos no perecederos (no derivados del cerdo), material sanitario, material escolar e infantil (leche en polvo, biberones y pa\u00f1ales).<\/p>\n<p>Tu ayuda es muy importante para estas personas, dada la situaci\u00f3n que est\u00e1n viviendo.<\/p>\n<p>&nbsp;<\/p>\n<p><a href=\"https:\/\/www.uhu.es\/etsi\/wp-content\/uploads\/2016\/03\/refugiados2.jpg\" rel=\"attachment wp-att-11270\"><img decoding=\"async\" loading=\"lazy\" class=\"wp-image-11270 alignleft\" src=\"https:\/\/www.uhu.es\/etsi\/wp-content\/uploads\/2016\/03\/refugiados2.jpg\" alt=\"refugiados2\" width=\"313\" height=\"375\" \/><\/a><a href=\"https:\/\/www.uhu.es\/etsi\/wp-content\/uploads\/2016\/03\/refugiados-cartel.jpg\" rel=\"attachment wp-att-11273\"><img decoding=\"async\" loading=\"lazy\" class=\"wp-image-11273 alignright\" src=\"https:\/\/www.uhu.es\/etsi\/wp-content\/uploads\/2016\/03\/refugiados-cartel.jpg\" alt=\"refugiados cartel\" width=\"270\" height=\"383\" \/><\/a><\/p>\n","protected":false},"excerpt":{"rendered":"<p>Os informamos de que en el Pabell\u00f3n Alonso Barba, hemos establecido un punto de recogida de material para ayudar a &#8230; <\/p>\n<div><a href=\"https:\/\/www.uhu.es\/etsi\/campana-ayuda-los-campamentos-refugiados\/\" class=\"more-link\">Read More<\/a><\/div>\n","protected":false},"author":7,"featured_media":0,"comment_status":"closed","ping_status":"closed","sticky":false,"template":"","format":"standard","meta":[],"categories":[103,99,102,100],"tags":[],"yoast_head":"<!-- This site is optimized with the Yoast SEO plugin v20.2.1 - https:\/\/yoast.com\/wordpress\/plugins\/seo\/ -->\n<title>Campa\u00f1a de ayuda a los campamentos de refugiados - ETSI, UHU<\/title>\n<meta name=\"robots\" content=\"index, follow, max-snippet:-1, max-image-preview:large, max-video-preview:-1\" \/>\n<link rel=\"canonical\" href=\"https:\/\/www.uhu.es\/etsi\/campana-ayuda-los-campamentos-refugiados\/\" \/>\n<meta property=\"og:locale\" content=\"es_ES\" \/>\n<meta property=\"og:type\" content=\"article\" \/>\n<meta property=\"og:title\" content=\"Campa\u00f1a de ayuda a los campamentos de refugiados - ETSI, UHU\" \/>\n<meta property=\"og:description\" content=\"Os informamos de que en el Pabell\u00f3n Alonso Barba, hemos establecido un punto de recogida de material para ayudar a ... Read More\" \/>\n<meta property=\"og:url\" content=\"https:\/\/www.uhu.es\/etsi\/campana-ayuda-los-campamentos-refugiados\/\" \/>\n<meta property=\"og:site_name\" content=\"ETSI, UHU\" \/>\n<meta property=\"article:published_time\" content=\"2016-03-31T11:03:51+00:00\" \/>\n<meta property=\"article:modified_time\" content=\"2016-03-31T12:09:46+00:00\" \/>\n<meta property=\"og:image\" content=\"http:\/\/www.uhu.es\/etsi\/wp-content\/uploads\/2016\/03\/refugiados2.jpg\" \/>\n<meta name=\"author\" content=\"Webmaster ETSI UHU\" \/>\n<meta name=\"twitter:label1\" content=\"Written by\" \/>\n\t<meta name=\"twitter:data1\" content=\"Webmaster ETSI UHU\" \/>\n\t<meta name=\"twitter:label2\" content=\"Est. reading time\" \/>\n\t<meta name=\"twitter:data2\" content=\"1 minute\" \/>\n<script type=\"application\/ld+json\" class=\"yoast-schema-graph\">{\"@context\":\"https:\/\/schema.org\",\"@graph\":[{\"@type\":\"Article\",\"@id\":\"https:\/\/www.uhu.es\/etsi\/campana-ayuda-los-campamentos-refugiados\/#article\",\"isPartOf\":{\"@id\":\"https:\/\/www.uhu.es\/etsi\/campana-ayuda-los-campamentos-refugiados\/\"},\"author\":{\"name\":\"Webmaster ETSI UHU\",\"@id\":\"https:\/\/www.uhu.es\/etsi\/#\/schema\/person\/0be60ebb90d6eb6178b4e7931aab375b\"},\"headline\":\"Campa\u00f1a de ayuda a los campamentos de refugiados\",\"datePublished\":\"2016-03-31T11:03:51+00:00\",\"dateModified\":\"2016-03-31T12:09:46+00:00\",\"mainEntityOfPage\":{\"@id\":\"https:\/\/www.uhu.es\/etsi\/campana-ayuda-los-campamentos-refugiados\/\"},\"wordCount\":118,\"publisher\":{\"@id\":\"https:\/\/www.uhu.es\/etsi\/#organization\"},\"articleSection\":[\"Actividades\",\"Estudiantes\",\"Prensa\",\"Profesores\"],\"inLanguage\":\"es-ES\"},{\"@type\":\"WebPage\",\"@id\":\"https:\/\/www.uhu.es\/etsi\/campana-ayuda-los-campamentos-refugiados\/\",\"url\":\"https:\/\/www.uhu.es\/etsi\/campana-ayuda-los-campamentos-refugiados\/\",\"name\":\"Campa\u00f1a de ayuda a los campamentos de refugiados - ETSI, UHU\",\"isPartOf\":{\"@id\":\"https:\/\/www.uhu.es\/etsi\/#website\"},\"datePublished\":\"2016-03-31T11:03:51+00:00\",\"dateModified\":\"2016-03-31T12:09:46+00:00\",\"breadcrumb\":{\"@id\":\"https:\/\/www.uhu.es\/etsi\/campana-ayuda-los-campamentos-refugiados\/#breadcrumb\"},\"inLanguage\":\"es-ES\",\"potentialAction\":[{\"@type\":\"ReadAction\",\"target\":[\"https:\/\/www.uhu.es\/etsi\/campana-ayuda-los-campamentos-refugiados\/\"]}]},{\"@type\":\"BreadcrumbList\",\"@id\":\"https:\/\/www.uhu.es\/etsi\/campana-ayuda-los-campamentos-refugiados\/#breadcrumb\",\"itemListElement\":[{\"@type\":\"ListItem\",\"position\":1,\"name\":\"Portada\",\"item\":\"https:\/\/www.uhu.es\/etsi\/\"},{\"@type\":\"ListItem\",\"position\":2,\"name\":\"Campa\u00f1a de ayuda a los campamentos de refugiados\"}]},{\"@type\":\"WebSite\",\"@id\":\"https:\/\/www.uhu.es\/etsi\/#website\",\"url\":\"https:\/\/www.uhu.es\/etsi\/\",\"name\":\"ETSI, UHU\",\"description\":\"Escuela T\u00e9cnica Superior de  Ingenier\u00eda de la Universidad de Huelva\",\"publisher\":{\"@id\":\"https:\/\/www.uhu.es\/etsi\/#organization\"},\"potentialAction\":[{\"@type\":\"SearchAction\",\"target\":{\"@type\":\"EntryPoint\",\"urlTemplate\":\"https:\/\/www.uhu.es\/etsi\/?s={search_term_string}\"},\"query-input\":\"required name=search_term_string\"}],\"inLanguage\":\"es-ES\"},{\"@type\":\"Organization\",\"@id\":\"https:\/\/www.uhu.es\/etsi\/#organization\",\"name\":\"UHU ETSI\",\"url\":\"https:\/\/www.uhu.es\/etsi\/\",\"logo\":{\"@type\":\"ImageObject\",\"inLanguage\":\"es-ES\",\"@id\":\"https:\/\/www.uhu.es\/etsi\/#\/schema\/logo\/image\/\",\"url\":\"http:\/\/www.uhu.es\/etsi\/wp-content\/uploads\/2016\/02\/membrete_ETSI.jpg\",\"contentUrl\":\"http:\/\/www.uhu.es\/etsi\/wp-content\/uploads\/2016\/02\/membrete_ETSI.jpg\",\"width\":423,\"height\":81,\"caption\":\"UHU ETSI\"},\"image\":{\"@id\":\"https:\/\/www.uhu.es\/etsi\/#\/schema\/logo\/image\/\"}},{\"@type\":\"Person\",\"@id\":\"https:\/\/www.uhu.es\/etsi\/#\/schema\/person\/0be60ebb90d6eb6178b4e7931aab375b\",\"name\":\"Webmaster ETSI UHU\",\"image\":{\"@type\":\"ImageObject\",\"inLanguage\":\"es-ES\",\"@id\":\"https:\/\/www.uhu.es\/etsi\/#\/schema\/person\/image\/\",\"url\":\"https:\/\/secure.gravatar.com\/avatar\/f9197cc9116f1efc0d73935d997efa0a?s=96&d=mm&r=g\",\"contentUrl\":\"https:\/\/secure.gravatar.com\/avatar\/f9197cc9116f1efc0d73935d997efa0a?s=96&d=mm&r=g\",\"caption\":\"Webmaster ETSI UHU\"},\"sameAs\":[\"http:\/\/www.uhu.es\/etsi\"],\"url\":\"https:\/\/www.uhu.es\/etsi\/author\/webmaster\/\"}]}<\/script>\n<!-- \/ Yoast SEO plugin. -->","yoast_head_json":{"title":"Campa\u00f1a de ayuda a los campamentos de refugiados - ETSI, UHU","robots":{"index":"index","follow":"follow","max-snippet":"max-snippet:-1","max-image-preview":"max-image-preview:large","max-video-preview":"max-video-preview:-1"},"canonical":"https:\/\/www.uhu.es\/etsi\/campana-ayuda-los-campamentos-refugiados\/","og_locale":"es_ES","og_type":"article","og_title":"Campa\u00f1a de ayuda a los campamentos de refugiados - ETSI, UHU","og_description":"Os informamos de que en el Pabell\u00f3n Alonso Barba, hemos establecido un punto de recogida de material para ayudar a ... Read More","og_url":"https:\/\/www.uhu.es\/etsi\/campana-ayuda-los-campamentos-refugiados\/","og_site_name":"ETSI, UHU","article_published_time":"2016-03-31T11:03:51+00:00","article_modified_time":"2016-03-31T12:09:46+00:00","og_image":[{"url":"http:\/\/www.uhu.es\/etsi\/wp-content\/uploads\/2016\/03\/refugiados2.jpg"}],"author":"Webmaster ETSI UHU","twitter_misc":{"Written by":"Webmaster ETSI UHU","Est. reading time":"1 minute"},"schema":{"@context":"https:\/\/schema.org","@graph":[{"@type":"Article","@id":"https:\/\/www.uhu.es\/etsi\/campana-ayuda-los-campamentos-refugiados\/#article","isPartOf":{"@id":"https:\/\/www.uhu.es\/etsi\/campana-ayuda-los-campamentos-refugiados\/"},"author":{"name":"Webmaster ETSI UHU","@id":"https:\/\/www.uhu.es\/etsi\/#\/schema\/person\/0be60ebb90d6eb6178b4e7931aab375b"},"headline":"Campa\u00f1a de ayuda a los campamentos de refugiados","datePublished":"2016-03-31T11:03:51+00:00","dateModified":"2016-03-31T12:09:46+00:00","mainEntityOfPage":{"@id":"https:\/\/www.uhu.es\/etsi\/campana-ayuda-los-campamentos-refugiados\/"},"wordCount":118,"publisher":{"@id":"https:\/\/www.uhu.es\/etsi\/#organization"},"articleSection":["Actividades","Estudiantes","Prensa","Profesores"],"inLanguage":"es-ES"},{"@type":"WebPage","@id":"https:\/\/www.uhu.es\/etsi\/campana-ayuda-los-campamentos-refugiados\/","url":"https:\/\/www.uhu.es\/etsi\/campana-ayuda-los-campamentos-refugiados\/","name":"Campa\u00f1a de ayuda a los campamentos de refugiados - ETSI, UHU","isPartOf":{"@id":"https:\/\/www.uhu.es\/etsi\/#website"},"datePublished":"2016-03-31T11:03:51+00:00","dateModified":"2016-03-31T12:09:46+00:00","breadcrumb":{"@id":"https:\/\/www.uhu.es\/etsi\/campana-ayuda-los-campamentos-refugiados\/#breadcrumb"},"inLanguage":"es-ES","potentialAction":[{"@type":"ReadAction","target":["https:\/\/www.uhu.es\/etsi\/campana-ayuda-los-campamentos-refugiados\/"]}]},{"@type":"BreadcrumbList","@id":"https:\/\/www.uhu.es\/etsi\/campana-ayuda-los-campamentos-refugiados\/#breadcrumb","itemListElement":[{"@type":"ListItem","position":1,"name":"Portada","item":"https:\/\/www.uhu.es\/etsi\/"},{"@type":"ListItem","position":2,"name":"Campa\u00f1a de ayuda a los campamentos de refugiados"}]},{"@type":"WebSite","@id":"https:\/\/www.uhu.es\/etsi\/#website","url":"https:\/\/www.uhu.es\/etsi\/","name":"ETSI, UHU","description":"Escuela T\u00e9cnica Superior de  Ingenier\u00eda de la Universidad de Huelva","publisher":{"@id":"https:\/\/www.uhu.es\/etsi\/#organization"},"potentialAction":[{"@type":"SearchAction","target":{"@type":"EntryPoint","urlTemplate":"https:\/\/www.uhu.es\/etsi\/?s={search_term_string}"},"query-input":"required name=search_term_string"}],"inLanguage":"es-ES"},{"@type":"Organization","@id":"https:\/\/www.uhu.es\/etsi\/#organization","name":"UHU ETSI","url":"https:\/\/www.uhu.es\/etsi\/","logo":{"@type":"ImageObject","inLanguage":"es-ES","@id":"https:\/\/www.uhu.es\/etsi\/#\/schema\/logo\/image\/","url":"http:\/\/www.uhu.es\/etsi\/wp-content\/uploads\/2016\/02\/membrete_ETSI.jpg","contentUrl":"http:\/\/www.uhu.es\/etsi\/wp-content\/uploads\/2016\/02\/membrete_ETSI.jpg","width":423,"height":81,"caption":"UHU ETSI"},"image":{"@id":"https:\/\/www.uhu.es\/etsi\/#\/schema\/logo\/image\/"}},{"@type":"Person","@id":"https:\/\/www.uhu.es\/etsi\/#\/schema\/person\/0be60ebb90d6eb6178b4e7931aab375b","name":"Webmaster ETSI UHU","image":{"@type":"ImageObject","inLanguage":"es-ES","@id":"https:\/\/www.uhu.es\/etsi\/#\/schema\/person\/image\/","url":"https:\/\/secure.gravatar.com\/avatar\/f9197cc9116f1efc0d73935d997efa0a?s=96&d=mm&r=g","contentUrl":"https:\/\/secure.gravatar.com\/avatar\/f9197cc9116f1efc0d73935d997efa0a?s=96&d=mm&r=g","caption":"Webmaster ETSI UHU"},"sameAs":["http:\/\/www.uhu.es\/etsi"],"url":"https:\/\/www.uhu.es\/etsi\/author\/webmaster\/"}]}},"_links":{"self":[{"href":"https:\/\/www.uhu.es\/etsi\/wp-json\/wp\/v2\/posts\/11266"}],"collection":[{"href":"https:\/\/www.uhu.es\/etsi\/wp-json\/wp\/v2\/posts"}],"about":[{"href":"https:\/\/www.uhu.es\/etsi\/wp-json\/wp\/v2\/types\/post"}],"author":[{"embeddable":true,"href":"https:\/\/www.uhu.es\/etsi\/wp-json\/wp\/v2\/users\/7"}],"replies":[{"embeddable":true,"href":"https:\/\/www.uhu.es\/etsi\/wp-json\/wp\/v2\/comments?post=11266"}],"version-history":[{"count":3,"href":"https:\/\/www.uhu.es\/etsi\/wp-json\/wp\/v2\/posts\/11266\/revisions"}],"predecessor-version":[{"id":11275,"href":"https:\/\/www.uhu.es\/etsi\/wp-json\/wp\/v2\/posts\/11266\/revisions\/11275"}],"wp:attachment":[{"href":"https:\/\/www.uhu.es\/etsi\/wp-json\/wp\/v2\/media?parent=11266"}],"wp:term":[{"taxonomy":"category","embeddable":true,"href":"https:\/\/www.uhu.es\/etsi\/wp-json\/wp\/v2\/categories?post=11266"},{"taxonomy":"post_tag","embeddable":true,"href":"https:\/\/www.uhu.es\/etsi\/wp-json\/wp\/v2\/tags?post=11266"}],"curies":[{"name":"wp","href":"https:\/\/api.w.org\/{rel}","templated":true}]}}