{"id":11571,"date":"2016-06-14T08:33:23","date_gmt":"2016-06-14T08:33:23","guid":{"rendered":"http:\/\/www.uhu.es\/etsi\/?p=11571"},"modified":"2017-06-14T10:12:14","modified_gmt":"2017-06-14T09:12:14","slug":"abierto-plazo-inscripcion-del-curso-nivelacion","status":"publish","type":"post","link":"https:\/\/www.uhu.es\/etsi\/abierto-plazo-inscripcion-del-curso-nivelacion\/","title":{"rendered":"Abierto el plazo de inscripci\u00f3n del Curso de Nivelaci\u00f3n"},"content":{"rendered":"<p>Se ha abierto el plazo de inscripci\u00f3n para alumnos de nuevo ingreso en el curso de nivelaci\u00f3n 2016\/17.<\/p>\n<p>El curso de nivelaci\u00f3n nace con el fin de proporcionar a los estudiantes de nuevo ingreso los conocimientos, y destrezas b\u00e1sicas necesarias, para cursar despu\u00e9s con mayor facilidad las distintas materias que conforman el plan de estudios. A su vez pretende tambi\u00e9n poner a disposici\u00f3n de los alumnos ya matriculados en cursos anteriores, las herramientas b\u00e1sicas para el aprendizaje de los conocimientos m\u00ednimos que deben adquirir, para afrontar con \u00e9xito las asignaturas no superadas, por falta de una base s\u00f3lida.<\/p>\n<p>Para m\u00e1s informaci\u00f3n visite la web <strong><a href=\"https:\/\/www.uhu.es\/etsi\/curso_cero\/\">Curso de Nivelaci\u00f3n<\/a>.<\/strong><\/p>\n<p><a href=\"https:\/\/www.uhu.es\/etsi\/wp-content\/uploads\/2016\/06\/cartel_001.jpg\"><img decoding=\"async\" loading=\"lazy\" class=\" wp-image-11572 aligncenter\" src=\"https:\/\/www.uhu.es\/etsi\/wp-content\/uploads\/2016\/06\/cartel_001-212x300.jpg\" alt=\"cartel_001\" width=\"327\" height=\"463\" srcset=\"https:\/\/www.uhu.es\/etsi\/wp-content\/uploads\/2016\/06\/cartel_001-212x300.jpg 212w, https:\/\/www.uhu.es\/etsi\/wp-content\/uploads\/2016\/06\/cartel_001-768x1086.jpg 768w, https:\/\/www.uhu.es\/etsi\/wp-content\/uploads\/2016\/06\/cartel_001-724x1024.jpg 724w, https:\/\/www.uhu.es\/etsi\/wp-content\/uploads\/2016\/06\/cartel_001-100x141.jpg 100w, https:\/\/www.uhu.es\/etsi\/wp-content\/uploads\/2016\/06\/cartel_001.jpg 842w\" sizes=\"(max-width: 327px) 100vw, 327px\" \/><\/a><\/p>\n","protected":false},"excerpt":{"rendered":"<p>Se ha abierto el plazo de inscripci\u00f3n para alumnos de nuevo ingreso en el curso de nivelaci\u00f3n 2016\/17. El curso &#8230; <\/p>\n<div><a href=\"https:\/\/www.uhu.es\/etsi\/abierto-plazo-inscripcion-del-curso-nivelacion\/\" class=\"more-link\">Read More<\/a><\/div>\n","protected":false},"author":7,"featured_media":0,"comment_status":"closed","ping_status":"closed","sticky":false,"template":"","format":"standard","meta":[],"categories":[104,99],"tags":[],"yoast_head":"<!-- This site is optimized with the Yoast SEO plugin v20.2.1 - https:\/\/yoast.com\/wordpress\/plugins\/seo\/ -->\n<title>Abierto el plazo de inscripci\u00f3n del Curso de Nivelaci\u00f3n - ETSI, UHU<\/title>\n<meta name=\"robots\" content=\"index, follow, max-snippet:-1, max-image-preview:large, max-video-preview:-1\" \/>\n<link rel=\"canonical\" href=\"https:\/\/www.uhu.es\/etsi\/abierto-plazo-inscripcion-del-curso-nivelacion\/\" \/>\n<meta property=\"og:locale\" content=\"es_ES\" \/>\n<meta property=\"og:type\" content=\"article\" \/>\n<meta property=\"og:title\" content=\"Abierto el plazo de inscripci\u00f3n del Curso de Nivelaci\u00f3n - ETSI, UHU\" \/>\n<meta property=\"og:description\" content=\"Se ha abierto el plazo de inscripci\u00f3n para alumnos de nuevo ingreso en el curso de nivelaci\u00f3n 2016\/17. El curso ... Read More\" \/>\n<meta property=\"og:url\" content=\"https:\/\/www.uhu.es\/etsi\/abierto-plazo-inscripcion-del-curso-nivelacion\/\" \/>\n<meta property=\"og:site_name\" content=\"ETSI, UHU\" \/>\n<meta property=\"article:published_time\" content=\"2016-06-14T08:33:23+00:00\" \/>\n<meta property=\"article:modified_time\" content=\"2017-06-14T09:12:14+00:00\" \/>\n<meta property=\"og:image\" content=\"http:\/\/www.uhu.es\/etsi\/wp-content\/uploads\/2016\/06\/cartel_001-212x300.jpg\" \/>\n<meta name=\"author\" content=\"Webmaster ETSI UHU\" \/>\n<meta name=\"twitter:label1\" content=\"Written by\" \/>\n\t<meta name=\"twitter:data1\" content=\"Webmaster ETSI UHU\" \/>\n\t<meta name=\"twitter:label2\" content=\"Est. reading time\" \/>\n\t<meta name=\"twitter:data2\" content=\"1 minute\" \/>\n<script type=\"application\/ld+json\" class=\"yoast-schema-graph\">{\"@context\":\"https:\/\/schema.org\",\"@graph\":[{\"@type\":\"Article\",\"@id\":\"https:\/\/www.uhu.es\/etsi\/abierto-plazo-inscripcion-del-curso-nivelacion\/#article\",\"isPartOf\":{\"@id\":\"https:\/\/www.uhu.es\/etsi\/abierto-plazo-inscripcion-del-curso-nivelacion\/\"},\"author\":{\"name\":\"Webmaster ETSI UHU\",\"@id\":\"https:\/\/www.uhu.es\/etsi\/#\/schema\/person\/0be60ebb90d6eb6178b4e7931aab375b\"},\"headline\":\"Abierto el plazo de inscripci\u00f3n del Curso de Nivelaci\u00f3n\",\"datePublished\":\"2016-06-14T08:33:23+00:00\",\"dateModified\":\"2017-06-14T09:12:14+00:00\",\"mainEntityOfPage\":{\"@id\":\"https:\/\/www.uhu.es\/etsi\/abierto-plazo-inscripcion-del-curso-nivelacion\/\"},\"wordCount\":130,\"publisher\":{\"@id\":\"https:\/\/www.uhu.es\/etsi\/#organization\"},\"articleSection\":[\"Cursos\",\"Estudiantes\"],\"inLanguage\":\"es-ES\"},{\"@type\":\"WebPage\",\"@id\":\"https:\/\/www.uhu.es\/etsi\/abierto-plazo-inscripcion-del-curso-nivelacion\/\",\"url\":\"https:\/\/www.uhu.es\/etsi\/abierto-plazo-inscripcion-del-curso-nivelacion\/\",\"name\":\"Abierto el plazo de inscripci\u00f3n del Curso de Nivelaci\u00f3n - ETSI, UHU\",\"isPartOf\":{\"@id\":\"https:\/\/www.uhu.es\/etsi\/#website\"},\"datePublished\":\"2016-06-14T08:33:23+00:00\",\"dateModified\":\"2017-06-14T09:12:14+00:00\",\"breadcrumb\":{\"@id\":\"https:\/\/www.uhu.es\/etsi\/abierto-plazo-inscripcion-del-curso-nivelacion\/#breadcrumb\"},\"inLanguage\":\"es-ES\",\"potentialAction\":[{\"@type\":\"ReadAction\",\"target\":[\"https:\/\/www.uhu.es\/etsi\/abierto-plazo-inscripcion-del-curso-nivelacion\/\"]}]},{\"@type\":\"BreadcrumbList\",\"@id\":\"https:\/\/www.uhu.es\/etsi\/abierto-plazo-inscripcion-del-curso-nivelacion\/#breadcrumb\",\"itemListElement\":[{\"@type\":\"ListItem\",\"position\":1,\"name\":\"Portada\",\"item\":\"https:\/\/www.uhu.es\/etsi\/\"},{\"@type\":\"ListItem\",\"position\":2,\"name\":\"Abierto el plazo de inscripci\u00f3n del Curso de Nivelaci\u00f3n\"}]},{\"@type\":\"WebSite\",\"@id\":\"https:\/\/www.uhu.es\/etsi\/#website\",\"url\":\"https:\/\/www.uhu.es\/etsi\/\",\"name\":\"ETSI, UHU\",\"description\":\"Escuela T\u00e9cnica Superior de  Ingenier\u00eda de la Universidad de Huelva\",\"publisher\":{\"@id\":\"https:\/\/www.uhu.es\/etsi\/#organization\"},\"potentialAction\":[{\"@type\":\"SearchAction\",\"target\":{\"@type\":\"EntryPoint\",\"urlTemplate\":\"https:\/\/www.uhu.es\/etsi\/?s={search_term_string}\"},\"query-input\":\"required name=search_term_string\"}],\"inLanguage\":\"es-ES\"},{\"@type\":\"Organization\",\"@id\":\"https:\/\/www.uhu.es\/etsi\/#organization\",\"name\":\"UHU ETSI\",\"url\":\"https:\/\/www.uhu.es\/etsi\/\",\"logo\":{\"@type\":\"ImageObject\",\"inLanguage\":\"es-ES\",\"@id\":\"https:\/\/www.uhu.es\/etsi\/#\/schema\/logo\/image\/\",\"url\":\"http:\/\/www.uhu.es\/etsi\/wp-content\/uploads\/2016\/02\/membrete_ETSI.jpg\",\"contentUrl\":\"http:\/\/www.uhu.es\/etsi\/wp-content\/uploads\/2016\/02\/membrete_ETSI.jpg\",\"width\":423,\"height\":81,\"caption\":\"UHU ETSI\"},\"image\":{\"@id\":\"https:\/\/www.uhu.es\/etsi\/#\/schema\/logo\/image\/\"}},{\"@type\":\"Person\",\"@id\":\"https:\/\/www.uhu.es\/etsi\/#\/schema\/person\/0be60ebb90d6eb6178b4e7931aab375b\",\"name\":\"Webmaster ETSI UHU\",\"image\":{\"@type\":\"ImageObject\",\"inLanguage\":\"es-ES\",\"@id\":\"https:\/\/www.uhu.es\/etsi\/#\/schema\/person\/image\/\",\"url\":\"https:\/\/secure.gravatar.com\/avatar\/f9197cc9116f1efc0d73935d997efa0a?s=96&d=mm&r=g\",\"contentUrl\":\"https:\/\/secure.gravatar.com\/avatar\/f9197cc9116f1efc0d73935d997efa0a?s=96&d=mm&r=g\",\"caption\":\"Webmaster ETSI UHU\"},\"sameAs\":[\"http:\/\/www.uhu.es\/etsi\"],\"url\":\"https:\/\/www.uhu.es\/etsi\/author\/webmaster\/\"}]}<\/script>\n<!-- \/ Yoast SEO plugin. -->","yoast_head_json":{"title":"Abierto el plazo de inscripci\u00f3n del Curso de Nivelaci\u00f3n - ETSI, UHU","robots":{"index":"index","follow":"follow","max-snippet":"max-snippet:-1","max-image-preview":"max-image-preview:large","max-video-preview":"max-video-preview:-1"},"canonical":"https:\/\/www.uhu.es\/etsi\/abierto-plazo-inscripcion-del-curso-nivelacion\/","og_locale":"es_ES","og_type":"article","og_title":"Abierto el plazo de inscripci\u00f3n del Curso de Nivelaci\u00f3n - ETSI, UHU","og_description":"Se ha abierto el plazo de inscripci\u00f3n para alumnos de nuevo ingreso en el curso de nivelaci\u00f3n 2016\/17. El curso ... Read More","og_url":"https:\/\/www.uhu.es\/etsi\/abierto-plazo-inscripcion-del-curso-nivelacion\/","og_site_name":"ETSI, UHU","article_published_time":"2016-06-14T08:33:23+00:00","article_modified_time":"2017-06-14T09:12:14+00:00","og_image":[{"url":"http:\/\/www.uhu.es\/etsi\/wp-content\/uploads\/2016\/06\/cartel_001-212x300.jpg"}],"author":"Webmaster ETSI UHU","twitter_misc":{"Written by":"Webmaster ETSI UHU","Est. reading time":"1 minute"},"schema":{"@context":"https:\/\/schema.org","@graph":[{"@type":"Article","@id":"https:\/\/www.uhu.es\/etsi\/abierto-plazo-inscripcion-del-curso-nivelacion\/#article","isPartOf":{"@id":"https:\/\/www.uhu.es\/etsi\/abierto-plazo-inscripcion-del-curso-nivelacion\/"},"author":{"name":"Webmaster ETSI UHU","@id":"https:\/\/www.uhu.es\/etsi\/#\/schema\/person\/0be60ebb90d6eb6178b4e7931aab375b"},"headline":"Abierto el plazo de inscripci\u00f3n del Curso de Nivelaci\u00f3n","datePublished":"2016-06-14T08:33:23+00:00","dateModified":"2017-06-14T09:12:14+00:00","mainEntityOfPage":{"@id":"https:\/\/www.uhu.es\/etsi\/abierto-plazo-inscripcion-del-curso-nivelacion\/"},"wordCount":130,"publisher":{"@id":"https:\/\/www.uhu.es\/etsi\/#organization"},"articleSection":["Cursos","Estudiantes"],"inLanguage":"es-ES"},{"@type":"WebPage","@id":"https:\/\/www.uhu.es\/etsi\/abierto-plazo-inscripcion-del-curso-nivelacion\/","url":"https:\/\/www.uhu.es\/etsi\/abierto-plazo-inscripcion-del-curso-nivelacion\/","name":"Abierto el plazo de inscripci\u00f3n del Curso de Nivelaci\u00f3n - ETSI, UHU","isPartOf":{"@id":"https:\/\/www.uhu.es\/etsi\/#website"},"datePublished":"2016-06-14T08:33:23+00:00","dateModified":"2017-06-14T09:12:14+00:00","breadcrumb":{"@id":"https:\/\/www.uhu.es\/etsi\/abierto-plazo-inscripcion-del-curso-nivelacion\/#breadcrumb"},"inLanguage":"es-ES","potentialAction":[{"@type":"ReadAction","target":["https:\/\/www.uhu.es\/etsi\/abierto-plazo-inscripcion-del-curso-nivelacion\/"]}]},{"@type":"BreadcrumbList","@id":"https:\/\/www.uhu.es\/etsi\/abierto-plazo-inscripcion-del-curso-nivelacion\/#breadcrumb","itemListElement":[{"@type":"ListItem","position":1,"name":"Portada","item":"https:\/\/www.uhu.es\/etsi\/"},{"@type":"ListItem","position":2,"name":"Abierto el plazo de inscripci\u00f3n del Curso de Nivelaci\u00f3n"}]},{"@type":"WebSite","@id":"https:\/\/www.uhu.es\/etsi\/#website","url":"https:\/\/www.uhu.es\/etsi\/","name":"ETSI, UHU","description":"Escuela T\u00e9cnica Superior de  Ingenier\u00eda de la Universidad de Huelva","publisher":{"@id":"https:\/\/www.uhu.es\/etsi\/#organization"},"potentialAction":[{"@type":"SearchAction","target":{"@type":"EntryPoint","urlTemplate":"https:\/\/www.uhu.es\/etsi\/?s={search_term_string}"},"query-input":"required name=search_term_string"}],"inLanguage":"es-ES"},{"@type":"Organization","@id":"https:\/\/www.uhu.es\/etsi\/#organization","name":"UHU ETSI","url":"https:\/\/www.uhu.es\/etsi\/","logo":{"@type":"ImageObject","inLanguage":"es-ES","@id":"https:\/\/www.uhu.es\/etsi\/#\/schema\/logo\/image\/","url":"http:\/\/www.uhu.es\/etsi\/wp-content\/uploads\/2016\/02\/membrete_ETSI.jpg","contentUrl":"http:\/\/www.uhu.es\/etsi\/wp-content\/uploads\/2016\/02\/membrete_ETSI.jpg","width":423,"height":81,"caption":"UHU ETSI"},"image":{"@id":"https:\/\/www.uhu.es\/etsi\/#\/schema\/logo\/image\/"}},{"@type":"Person","@id":"https:\/\/www.uhu.es\/etsi\/#\/schema\/person\/0be60ebb90d6eb6178b4e7931aab375b","name":"Webmaster ETSI UHU","image":{"@type":"ImageObject","inLanguage":"es-ES","@id":"https:\/\/www.uhu.es\/etsi\/#\/schema\/person\/image\/","url":"https:\/\/secure.gravatar.com\/avatar\/f9197cc9116f1efc0d73935d997efa0a?s=96&d=mm&r=g","contentUrl":"https:\/\/secure.gravatar.com\/avatar\/f9197cc9116f1efc0d73935d997efa0a?s=96&d=mm&r=g","caption":"Webmaster ETSI UHU"},"sameAs":["http:\/\/www.uhu.es\/etsi"],"url":"https:\/\/www.uhu.es\/etsi\/author\/webmaster\/"}]}},"_links":{"self":[{"href":"https:\/\/www.uhu.es\/etsi\/wp-json\/wp\/v2\/posts\/11571"}],"collection":[{"href":"https:\/\/www.uhu.es\/etsi\/wp-json\/wp\/v2\/posts"}],"about":[{"href":"https:\/\/www.uhu.es\/etsi\/wp-json\/wp\/v2\/types\/post"}],"author":[{"embeddable":true,"href":"https:\/\/www.uhu.es\/etsi\/wp-json\/wp\/v2\/users\/7"}],"replies":[{"embeddable":true,"href":"https:\/\/www.uhu.es\/etsi\/wp-json\/wp\/v2\/comments?post=11571"}],"version-history":[{"count":1,"href":"https:\/\/www.uhu.es\/etsi\/wp-json\/wp\/v2\/posts\/11571\/revisions"}],"predecessor-version":[{"id":11573,"href":"https:\/\/www.uhu.es\/etsi\/wp-json\/wp\/v2\/posts\/11571\/revisions\/11573"}],"wp:attachment":[{"href":"https:\/\/www.uhu.es\/etsi\/wp-json\/wp\/v2\/media?parent=11571"}],"wp:term":[{"taxonomy":"category","embeddable":true,"href":"https:\/\/www.uhu.es\/etsi\/wp-json\/wp\/v2\/categories?post=11571"},{"taxonomy":"post_tag","embeddable":true,"href":"https:\/\/www.uhu.es\/etsi\/wp-json\/wp\/v2\/tags?post=11571"}],"curies":[{"name":"wp","href":"https:\/\/api.w.org\/{rel}","templated":true}]}}