{"id":12304,"date":"2016-09-27T11:24:25","date_gmt":"2016-09-27T11:24:25","guid":{"rendered":"http:\/\/www.uhu.es\/etsi\/?p=12304"},"modified":"2016-09-28T07:24:03","modified_gmt":"2016-09-28T07:24:03","slug":"inauguracion-del-curso-academico-20162017-dia-no-lectivo","status":"publish","type":"post","link":"https:\/\/www.uhu.es\/etsi\/inauguracion-del-curso-academico-20162017-dia-no-lectivo\/","title":{"rendered":"Inauguraci\u00f3n del curso acad\u00e9mico 2016\/2017 &#8211; D\u00eda 29 de septiembre no lectivo"},"content":{"rendered":"<p>El pr\u00f3ximo jueves d\u00eda 29 de septiembre es la inauguraci\u00f3n del curso acad\u00e9mico 2016\/2017 en la Universidad de Huelva.<\/p>\n<p>Dicho d\u00eda, seg\u00fan el calendario acad\u00e9mico, es NO LECTIVO, y por lo tanto no habr\u00e1 que acudir a clase.<\/p>\n<p>&nbsp;<\/p>\n<p>&nbsp;<\/p>\n","protected":false},"excerpt":{"rendered":"<p>El pr\u00f3ximo jueves d\u00eda 29 de septiembre es la inauguraci\u00f3n del curso acad\u00e9mico 2016\/2017 en la Universidad de Huelva. Dicho &#8230; <\/p>\n<div><a href=\"https:\/\/www.uhu.es\/etsi\/inauguracion-del-curso-academico-20162017-dia-no-lectivo\/\" class=\"more-link\">Read More<\/a><\/div>\n","protected":false},"author":7,"featured_media":0,"comment_status":"closed","ping_status":"closed","sticky":false,"template":"","format":"standard","meta":[],"categories":[1],"tags":[],"yoast_head":"<!-- This site is optimized with the Yoast SEO plugin v20.2.1 - https:\/\/yoast.com\/wordpress\/plugins\/seo\/ -->\n<title>Inauguraci\u00f3n del curso acad\u00e9mico 2016\/2017 - D\u00eda 29 de septiembre no lectivo - ETSI, UHU<\/title>\n<meta name=\"robots\" content=\"index, follow, max-snippet:-1, max-image-preview:large, max-video-preview:-1\" \/>\n<link rel=\"canonical\" href=\"https:\/\/www.uhu.es\/etsi\/inauguracion-del-curso-academico-20162017-dia-no-lectivo\/\" \/>\n<meta property=\"og:locale\" content=\"es_ES\" \/>\n<meta property=\"og:type\" content=\"article\" \/>\n<meta property=\"og:title\" content=\"Inauguraci\u00f3n del curso acad\u00e9mico 2016\/2017 - D\u00eda 29 de septiembre no lectivo - ETSI, UHU\" \/>\n<meta property=\"og:description\" content=\"El pr\u00f3ximo jueves d\u00eda 29 de septiembre es la inauguraci\u00f3n del curso acad\u00e9mico 2016\/2017 en la Universidad de Huelva. Dicho ... Read More\" \/>\n<meta property=\"og:url\" content=\"https:\/\/www.uhu.es\/etsi\/inauguracion-del-curso-academico-20162017-dia-no-lectivo\/\" \/>\n<meta property=\"og:site_name\" content=\"ETSI, UHU\" \/>\n<meta property=\"article:published_time\" content=\"2016-09-27T11:24:25+00:00\" \/>\n<meta property=\"article:modified_time\" content=\"2016-09-28T07:24:03+00:00\" \/>\n<meta name=\"author\" content=\"Webmaster ETSI UHU\" \/>\n<meta name=\"twitter:label1\" content=\"Written by\" \/>\n\t<meta name=\"twitter:data1\" content=\"Webmaster ETSI UHU\" \/>\n<script type=\"application\/ld+json\" class=\"yoast-schema-graph\">{\"@context\":\"https:\/\/schema.org\",\"@graph\":[{\"@type\":\"Article\",\"@id\":\"https:\/\/www.uhu.es\/etsi\/inauguracion-del-curso-academico-20162017-dia-no-lectivo\/#article\",\"isPartOf\":{\"@id\":\"https:\/\/www.uhu.es\/etsi\/inauguracion-del-curso-academico-20162017-dia-no-lectivo\/\"},\"author\":{\"name\":\"Webmaster ETSI UHU\",\"@id\":\"https:\/\/www.uhu.es\/etsi\/#\/schema\/person\/0be60ebb90d6eb6178b4e7931aab375b\"},\"headline\":\"Inauguraci\u00f3n del curso acad\u00e9mico 2016\/2017 &#8211; D\u00eda 29 de septiembre no lectivo\",\"datePublished\":\"2016-09-27T11:24:25+00:00\",\"dateModified\":\"2016-09-28T07:24:03+00:00\",\"mainEntityOfPage\":{\"@id\":\"https:\/\/www.uhu.es\/etsi\/inauguracion-del-curso-academico-20162017-dia-no-lectivo\/\"},\"wordCount\":58,\"publisher\":{\"@id\":\"https:\/\/www.uhu.es\/etsi\/#organization\"},\"inLanguage\":\"es-ES\"},{\"@type\":\"WebPage\",\"@id\":\"https:\/\/www.uhu.es\/etsi\/inauguracion-del-curso-academico-20162017-dia-no-lectivo\/\",\"url\":\"https:\/\/www.uhu.es\/etsi\/inauguracion-del-curso-academico-20162017-dia-no-lectivo\/\",\"name\":\"Inauguraci\u00f3n del curso acad\u00e9mico 2016\/2017 - D\u00eda 29 de septiembre no lectivo - ETSI, UHU\",\"isPartOf\":{\"@id\":\"https:\/\/www.uhu.es\/etsi\/#website\"},\"datePublished\":\"2016-09-27T11:24:25+00:00\",\"dateModified\":\"2016-09-28T07:24:03+00:00\",\"breadcrumb\":{\"@id\":\"https:\/\/www.uhu.es\/etsi\/inauguracion-del-curso-academico-20162017-dia-no-lectivo\/#breadcrumb\"},\"inLanguage\":\"es-ES\",\"potentialAction\":[{\"@type\":\"ReadAction\",\"target\":[\"https:\/\/www.uhu.es\/etsi\/inauguracion-del-curso-academico-20162017-dia-no-lectivo\/\"]}]},{\"@type\":\"BreadcrumbList\",\"@id\":\"https:\/\/www.uhu.es\/etsi\/inauguracion-del-curso-academico-20162017-dia-no-lectivo\/#breadcrumb\",\"itemListElement\":[{\"@type\":\"ListItem\",\"position\":1,\"name\":\"Portada\",\"item\":\"https:\/\/www.uhu.es\/etsi\/\"},{\"@type\":\"ListItem\",\"position\":2,\"name\":\"Inauguraci\u00f3n del curso acad\u00e9mico 2016\/2017 &#8211; D\u00eda 29 de septiembre no lectivo\"}]},{\"@type\":\"WebSite\",\"@id\":\"https:\/\/www.uhu.es\/etsi\/#website\",\"url\":\"https:\/\/www.uhu.es\/etsi\/\",\"name\":\"ETSI, UHU\",\"description\":\"Escuela T\u00e9cnica Superior de  Ingenier\u00eda de la Universidad de Huelva\",\"publisher\":{\"@id\":\"https:\/\/www.uhu.es\/etsi\/#organization\"},\"potentialAction\":[{\"@type\":\"SearchAction\",\"target\":{\"@type\":\"EntryPoint\",\"urlTemplate\":\"https:\/\/www.uhu.es\/etsi\/?s={search_term_string}\"},\"query-input\":\"required name=search_term_string\"}],\"inLanguage\":\"es-ES\"},{\"@type\":\"Organization\",\"@id\":\"https:\/\/www.uhu.es\/etsi\/#organization\",\"name\":\"UHU ETSI\",\"url\":\"https:\/\/www.uhu.es\/etsi\/\",\"logo\":{\"@type\":\"ImageObject\",\"inLanguage\":\"es-ES\",\"@id\":\"https:\/\/www.uhu.es\/etsi\/#\/schema\/logo\/image\/\",\"url\":\"http:\/\/www.uhu.es\/etsi\/wp-content\/uploads\/2016\/02\/membrete_ETSI.jpg\",\"contentUrl\":\"http:\/\/www.uhu.es\/etsi\/wp-content\/uploads\/2016\/02\/membrete_ETSI.jpg\",\"width\":423,\"height\":81,\"caption\":\"UHU ETSI\"},\"image\":{\"@id\":\"https:\/\/www.uhu.es\/etsi\/#\/schema\/logo\/image\/\"}},{\"@type\":\"Person\",\"@id\":\"https:\/\/www.uhu.es\/etsi\/#\/schema\/person\/0be60ebb90d6eb6178b4e7931aab375b\",\"name\":\"Webmaster ETSI UHU\",\"image\":{\"@type\":\"ImageObject\",\"inLanguage\":\"es-ES\",\"@id\":\"https:\/\/www.uhu.es\/etsi\/#\/schema\/person\/image\/\",\"url\":\"https:\/\/secure.gravatar.com\/avatar\/f9197cc9116f1efc0d73935d997efa0a?s=96&d=mm&r=g\",\"contentUrl\":\"https:\/\/secure.gravatar.com\/avatar\/f9197cc9116f1efc0d73935d997efa0a?s=96&d=mm&r=g\",\"caption\":\"Webmaster ETSI UHU\"},\"sameAs\":[\"http:\/\/www.uhu.es\/etsi\"],\"url\":\"https:\/\/www.uhu.es\/etsi\/author\/webmaster\/\"}]}<\/script>\n<!-- \/ Yoast SEO plugin. -->","yoast_head_json":{"title":"Inauguraci\u00f3n del curso acad\u00e9mico 2016\/2017 - D\u00eda 29 de septiembre no lectivo - ETSI, UHU","robots":{"index":"index","follow":"follow","max-snippet":"max-snippet:-1","max-image-preview":"max-image-preview:large","max-video-preview":"max-video-preview:-1"},"canonical":"https:\/\/www.uhu.es\/etsi\/inauguracion-del-curso-academico-20162017-dia-no-lectivo\/","og_locale":"es_ES","og_type":"article","og_title":"Inauguraci\u00f3n del curso acad\u00e9mico 2016\/2017 - D\u00eda 29 de septiembre no lectivo - ETSI, UHU","og_description":"El pr\u00f3ximo jueves d\u00eda 29 de septiembre es la inauguraci\u00f3n del curso acad\u00e9mico 2016\/2017 en la Universidad de Huelva. Dicho ... Read More","og_url":"https:\/\/www.uhu.es\/etsi\/inauguracion-del-curso-academico-20162017-dia-no-lectivo\/","og_site_name":"ETSI, UHU","article_published_time":"2016-09-27T11:24:25+00:00","article_modified_time":"2016-09-28T07:24:03+00:00","author":"Webmaster ETSI UHU","twitter_misc":{"Written by":"Webmaster ETSI UHU"},"schema":{"@context":"https:\/\/schema.org","@graph":[{"@type":"Article","@id":"https:\/\/www.uhu.es\/etsi\/inauguracion-del-curso-academico-20162017-dia-no-lectivo\/#article","isPartOf":{"@id":"https:\/\/www.uhu.es\/etsi\/inauguracion-del-curso-academico-20162017-dia-no-lectivo\/"},"author":{"name":"Webmaster ETSI UHU","@id":"https:\/\/www.uhu.es\/etsi\/#\/schema\/person\/0be60ebb90d6eb6178b4e7931aab375b"},"headline":"Inauguraci\u00f3n del curso acad\u00e9mico 2016\/2017 &#8211; D\u00eda 29 de septiembre no lectivo","datePublished":"2016-09-27T11:24:25+00:00","dateModified":"2016-09-28T07:24:03+00:00","mainEntityOfPage":{"@id":"https:\/\/www.uhu.es\/etsi\/inauguracion-del-curso-academico-20162017-dia-no-lectivo\/"},"wordCount":58,"publisher":{"@id":"https:\/\/www.uhu.es\/etsi\/#organization"},"inLanguage":"es-ES"},{"@type":"WebPage","@id":"https:\/\/www.uhu.es\/etsi\/inauguracion-del-curso-academico-20162017-dia-no-lectivo\/","url":"https:\/\/www.uhu.es\/etsi\/inauguracion-del-curso-academico-20162017-dia-no-lectivo\/","name":"Inauguraci\u00f3n del curso acad\u00e9mico 2016\/2017 - D\u00eda 29 de septiembre no lectivo - ETSI, UHU","isPartOf":{"@id":"https:\/\/www.uhu.es\/etsi\/#website"},"datePublished":"2016-09-27T11:24:25+00:00","dateModified":"2016-09-28T07:24:03+00:00","breadcrumb":{"@id":"https:\/\/www.uhu.es\/etsi\/inauguracion-del-curso-academico-20162017-dia-no-lectivo\/#breadcrumb"},"inLanguage":"es-ES","potentialAction":[{"@type":"ReadAction","target":["https:\/\/www.uhu.es\/etsi\/inauguracion-del-curso-academico-20162017-dia-no-lectivo\/"]}]},{"@type":"BreadcrumbList","@id":"https:\/\/www.uhu.es\/etsi\/inauguracion-del-curso-academico-20162017-dia-no-lectivo\/#breadcrumb","itemListElement":[{"@type":"ListItem","position":1,"name":"Portada","item":"https:\/\/www.uhu.es\/etsi\/"},{"@type":"ListItem","position":2,"name":"Inauguraci\u00f3n del curso acad\u00e9mico 2016\/2017 &#8211; D\u00eda 29 de septiembre no lectivo"}]},{"@type":"WebSite","@id":"https:\/\/www.uhu.es\/etsi\/#website","url":"https:\/\/www.uhu.es\/etsi\/","name":"ETSI, UHU","description":"Escuela T\u00e9cnica Superior de  Ingenier\u00eda de la Universidad de Huelva","publisher":{"@id":"https:\/\/www.uhu.es\/etsi\/#organization"},"potentialAction":[{"@type":"SearchAction","target":{"@type":"EntryPoint","urlTemplate":"https:\/\/www.uhu.es\/etsi\/?s={search_term_string}"},"query-input":"required name=search_term_string"}],"inLanguage":"es-ES"},{"@type":"Organization","@id":"https:\/\/www.uhu.es\/etsi\/#organization","name":"UHU ETSI","url":"https:\/\/www.uhu.es\/etsi\/","logo":{"@type":"ImageObject","inLanguage":"es-ES","@id":"https:\/\/www.uhu.es\/etsi\/#\/schema\/logo\/image\/","url":"http:\/\/www.uhu.es\/etsi\/wp-content\/uploads\/2016\/02\/membrete_ETSI.jpg","contentUrl":"http:\/\/www.uhu.es\/etsi\/wp-content\/uploads\/2016\/02\/membrete_ETSI.jpg","width":423,"height":81,"caption":"UHU ETSI"},"image":{"@id":"https:\/\/www.uhu.es\/etsi\/#\/schema\/logo\/image\/"}},{"@type":"Person","@id":"https:\/\/www.uhu.es\/etsi\/#\/schema\/person\/0be60ebb90d6eb6178b4e7931aab375b","name":"Webmaster ETSI UHU","image":{"@type":"ImageObject","inLanguage":"es-ES","@id":"https:\/\/www.uhu.es\/etsi\/#\/schema\/person\/image\/","url":"https:\/\/secure.gravatar.com\/avatar\/f9197cc9116f1efc0d73935d997efa0a?s=96&d=mm&r=g","contentUrl":"https:\/\/secure.gravatar.com\/avatar\/f9197cc9116f1efc0d73935d997efa0a?s=96&d=mm&r=g","caption":"Webmaster ETSI UHU"},"sameAs":["http:\/\/www.uhu.es\/etsi"],"url":"https:\/\/www.uhu.es\/etsi\/author\/webmaster\/"}]}},"_links":{"self":[{"href":"https:\/\/www.uhu.es\/etsi\/wp-json\/wp\/v2\/posts\/12304"}],"collection":[{"href":"https:\/\/www.uhu.es\/etsi\/wp-json\/wp\/v2\/posts"}],"about":[{"href":"https:\/\/www.uhu.es\/etsi\/wp-json\/wp\/v2\/types\/post"}],"author":[{"embeddable":true,"href":"https:\/\/www.uhu.es\/etsi\/wp-json\/wp\/v2\/users\/7"}],"replies":[{"embeddable":true,"href":"https:\/\/www.uhu.es\/etsi\/wp-json\/wp\/v2\/comments?post=12304"}],"version-history":[{"count":2,"href":"https:\/\/www.uhu.es\/etsi\/wp-json\/wp\/v2\/posts\/12304\/revisions"}],"predecessor-version":[{"id":12307,"href":"https:\/\/www.uhu.es\/etsi\/wp-json\/wp\/v2\/posts\/12304\/revisions\/12307"}],"wp:attachment":[{"href":"https:\/\/www.uhu.es\/etsi\/wp-json\/wp\/v2\/media?parent=12304"}],"wp:term":[{"taxonomy":"category","embeddable":true,"href":"https:\/\/www.uhu.es\/etsi\/wp-json\/wp\/v2\/categories?post=12304"},{"taxonomy":"post_tag","embeddable":true,"href":"https:\/\/www.uhu.es\/etsi\/wp-json\/wp\/v2\/tags?post=12304"}],"curies":[{"name":"wp","href":"https:\/\/api.w.org\/{rel}","templated":true}]}}