{"id":13387,"date":"2017-01-20T09:00:18","date_gmt":"2017-01-20T08:00:18","guid":{"rendered":"http:\/\/www.uhu.es\/etsi\/?p=13387"},"modified":"2017-02-09T10:24:57","modified_gmt":"2017-02-09T09:24:57","slug":"renovacion-acreditacion-energetica","status":"publish","type":"post","link":"https:\/\/www.uhu.es\/etsi\/renovacion-acreditacion-energetica\/","title":{"rendered":"Renovaci\u00f3n de la Acreditaci\u00f3n del T\u00edtulo de Grado en Ingenier\u00eda Energ\u00e9tica."},"content":{"rendered":"<h4 style=\"text-align: center;\">Visita al Centro de Evaluadores Externos<\/h4>\n<h4 style=\"text-align: center;\">8\u00a0de febrero de 2017<\/h4>\n<p>&nbsp;<\/p>\n<p>La titulacion de Grado de Ingenier\u00eda Energ\u00e9tica de la ETSI que se implant\u00f3 en el curso 2011\/12 est\u00e1 inmersa en el proceso de renovaci\u00f3n de su acreditaci\u00f3n. Dentro de este proceso de evaluaci\u00f3n, un grupo de evaluadores externos al t\u00edtulo (panel de expertos), visitar\u00e1 el Centro el d\u00eda 8 de febrero con el objetivo de contrastar que el t\u00edtulo se est\u00e1 desarrollando de forma adecuada seg\u00fan la informaci\u00f3n recogida en la Memoria de su Plan de Estudios.<\/p>\n<p>Adem\u00e1s de la visita a las instalaciones del Centro, en su <a style=\"color: #cc0000;\" href=\"https:\/\/www.uhu.es\/etsi\/descargas\/2017\/Calidad\/ProgramaVisita.pdf\"><strong>PROGRAMA DE VISITA<\/strong><\/a>, el panel de expertos tiene prevista la celebraci\u00f3n de una serie reuniones (audiencias privadas) con los distintos colectivos implicados en el t\u00edtulo (representantes institucionales, responsables del t\u00edtulo, profesores, estudiantes, personal de administraci\u00f3n y servicios, egresados y empleadores).<\/p>\n<p><a style=\"color: #cc0000;\" href=\"https:\/\/www.uhu.es\/etsi\/descargas\/2017\/Calidad\/ProgramaVisita.pdf\"><b>Descarga aqu\u00ed el Programa de la Visita<\/b><\/a><\/p>\n<p>Adem\u00e1s de estas audiencias, est\u00e1 prevista la celebraci\u00f3n de una <span style=\"color: #cc0000;\"><a style=\"color: #cc0000;\" href=\"https:\/\/www.uhu.es\/etsi\/descargas\/2017\/Calidad\/CartelAudienciaPublicaEnergetica.pdf\"><strong>AUDIENCIA P\u00daBLICA<\/strong><\/a><\/span>, a la que podr\u00e1n asistir aquellas personas que quieran entrevistarse con el panel de expertos. En esta audiencia, el papel del panel de expertos es escuchar a los asistentes, no tendr\u00e1 previstas cuestiones como en el resto de las audiencias.<\/p>\n<p><a style=\"color: #cc0000;\" href=\"https:\/\/www.uhu.es\/etsi\/descargas\/2017\/Calidad\/CartelAudienciaPublicaEnergetica.pdf\"><b>Descarga aqu\u00ed el cartel de convocatoria de esta audiencia<\/b><b> <\/b><b>p\u00fablica<\/b><\/a><\/p>\n<p>El alumnado y resto de los colectivos implicados en el t\u00edtulo, que as\u00ed lo deseen, podr\u00e1n participar en esta audiencia p\u00fablica; adem\u00e1s, pueden hacer constar todas las sugerencias que consideren oportunas a trav\u00e9s del <strong style=\"color: #cc0000;\">BUZ\u00d3N VIRTUAL<\/strong>, que se ha habilitado a tal fin y se encuentra disponible en el siguiente enlace:<\/p>\n<p><b>Accede al Buz\u00f3n de Sugerencias<\/b><\/p>\n<p>Para conocer la titulacion de la ETSI que se somete este curso acad\u00e9mico a la renovaci\u00f3n de la acreditaci\u00f3n y obtener informaci\u00f3n gen\u00e9rica de este proceso, haz click en el siguiente enlace:<\/p>\n<p><a style=\"color: #cc0000;\" href=\"https:\/\/www.uhu.es\/etsi\/descargas\/2017\/Calidad\/EnQueConsisteRenovacionAcreditacion.pdf\"><b>\u00bfEn qu\u00e9 consiste la renovaci\u00f3n de la acreditaci\u00f3n de los t\u00edtulos oficiales?<\/b><\/a><\/p>\n<p>&nbsp;<\/p>\n<p><a style=\"color: #cc0000;\" href=\"https:\/\/www.uhu.es\/etsi\/wp-content\/uploads\/2017\/01\/cartel_calidad14185_001-1.jpg\"><img decoding=\"async\" loading=\"lazy\" class=\"wp-image-13399 aligncenter\" src=\"https:\/\/www.uhu.es\/etsi\/wp-content\/uploads\/2017\/01\/cartel_calidad14185_001-1-213x300.jpg\" width=\"435\" height=\"613\" srcset=\"https:\/\/www.uhu.es\/etsi\/wp-content\/uploads\/2017\/01\/cartel_calidad14185_001-1-213x300.jpg 213w, https:\/\/www.uhu.es\/etsi\/wp-content\/uploads\/2017\/01\/cartel_calidad14185_001-1-768x1080.jpg 768w, https:\/\/www.uhu.es\/etsi\/wp-content\/uploads\/2017\/01\/cartel_calidad14185_001-1-728x1024.jpg 728w, https:\/\/www.uhu.es\/etsi\/wp-content\/uploads\/2017\/01\/cartel_calidad14185_001-1-100x141.jpg 100w, https:\/\/www.uhu.es\/etsi\/wp-content\/uploads\/2017\/01\/cartel_calidad14185_001-1-862x1212.jpg 862w, https:\/\/www.uhu.es\/etsi\/wp-content\/uploads\/2017\/01\/cartel_calidad14185_001-1-1200x1688.jpg 1200w, https:\/\/www.uhu.es\/etsi\/wp-content\/uploads\/2017\/01\/cartel_calidad14185_001-1-846x1190.jpg 846w, https:\/\/www.uhu.es\/etsi\/wp-content\/uploads\/2017\/01\/cartel_calidad14185_001-1-1184x1665.jpg 1184w, https:\/\/www.uhu.es\/etsi\/wp-content\/uploads\/2017\/01\/cartel_calidad14185_001-1.jpg 1395w\" sizes=\"(max-width: 435px) 100vw, 435px\" \/><\/a><\/p>\n<p>&nbsp;<\/p>\n<p>&nbsp;<\/p>\n","protected":false},"excerpt":{"rendered":"<p>Visita al Centro de Evaluadores Externos 8\u00a0de febrero de 2017 &nbsp; La titulacion de Grado de Ingenier\u00eda Energ\u00e9tica de la &#8230; <\/p>\n<div><a href=\"https:\/\/www.uhu.es\/etsi\/renovacion-acreditacion-energetica\/\" class=\"more-link\">Read More<\/a><\/div>\n","protected":false},"author":7,"featured_media":0,"comment_status":"closed","ping_status":"closed","sticky":false,"template":"","format":"standard","meta":[],"categories":[1],"tags":[],"yoast_head":"<!-- This site is optimized with the Yoast SEO plugin v20.2.1 - https:\/\/yoast.com\/wordpress\/plugins\/seo\/ -->\n<title>Renovaci\u00f3n de la Acreditaci\u00f3n del T\u00edtulo de Grado en Ingenier\u00eda Energ\u00e9tica. - ETSI, UHU<\/title>\n<meta name=\"robots\" content=\"index, follow, max-snippet:-1, max-image-preview:large, max-video-preview:-1\" \/>\n<link rel=\"canonical\" href=\"https:\/\/www.uhu.es\/etsi\/renovacion-acreditacion-energetica\/\" \/>\n<meta property=\"og:locale\" content=\"es_ES\" \/>\n<meta property=\"og:type\" content=\"article\" \/>\n<meta property=\"og:title\" content=\"Renovaci\u00f3n de la Acreditaci\u00f3n del T\u00edtulo de Grado en Ingenier\u00eda Energ\u00e9tica. - ETSI, UHU\" \/>\n<meta property=\"og:description\" content=\"Visita al Centro de Evaluadores Externos 8\u00a0de febrero de 2017 &nbsp; La titulacion de Grado de Ingenier\u00eda Energ\u00e9tica de la ... Read More\" \/>\n<meta property=\"og:url\" content=\"https:\/\/www.uhu.es\/etsi\/renovacion-acreditacion-energetica\/\" \/>\n<meta property=\"og:site_name\" content=\"ETSI, UHU\" \/>\n<meta property=\"article:published_time\" content=\"2017-01-20T08:00:18+00:00\" \/>\n<meta property=\"article:modified_time\" content=\"2017-02-09T09:24:57+00:00\" \/>\n<meta property=\"og:image\" content=\"http:\/\/www.uhu.es\/etsi\/wp-content\/uploads\/2017\/01\/cartel_calidad14185_001-1-213x300.jpg\" \/>\n<meta name=\"author\" content=\"Webmaster ETSI UHU\" \/>\n<meta name=\"twitter:label1\" content=\"Written by\" \/>\n\t<meta name=\"twitter:data1\" content=\"Webmaster ETSI UHU\" \/>\n\t<meta name=\"twitter:label2\" content=\"Est. reading time\" \/>\n\t<meta name=\"twitter:data2\" content=\"2 minutes\" \/>\n<script type=\"application\/ld+json\" class=\"yoast-schema-graph\">{\"@context\":\"https:\/\/schema.org\",\"@graph\":[{\"@type\":\"Article\",\"@id\":\"https:\/\/www.uhu.es\/etsi\/renovacion-acreditacion-energetica\/#article\",\"isPartOf\":{\"@id\":\"https:\/\/www.uhu.es\/etsi\/renovacion-acreditacion-energetica\/\"},\"author\":{\"name\":\"Webmaster ETSI UHU\",\"@id\":\"https:\/\/www.uhu.es\/etsi\/#\/schema\/person\/0be60ebb90d6eb6178b4e7931aab375b\"},\"headline\":\"Renovaci\u00f3n de la Acreditaci\u00f3n del T\u00edtulo de Grado en Ingenier\u00eda Energ\u00e9tica.\",\"datePublished\":\"2017-01-20T08:00:18+00:00\",\"dateModified\":\"2017-02-09T09:24:57+00:00\",\"mainEntityOfPage\":{\"@id\":\"https:\/\/www.uhu.es\/etsi\/renovacion-acreditacion-energetica\/\"},\"wordCount\":359,\"publisher\":{\"@id\":\"https:\/\/www.uhu.es\/etsi\/#organization\"},\"inLanguage\":\"es-ES\"},{\"@type\":\"WebPage\",\"@id\":\"https:\/\/www.uhu.es\/etsi\/renovacion-acreditacion-energetica\/\",\"url\":\"https:\/\/www.uhu.es\/etsi\/renovacion-acreditacion-energetica\/\",\"name\":\"Renovaci\u00f3n de la Acreditaci\u00f3n del T\u00edtulo de Grado en Ingenier\u00eda Energ\u00e9tica. - ETSI, UHU\",\"isPartOf\":{\"@id\":\"https:\/\/www.uhu.es\/etsi\/#website\"},\"datePublished\":\"2017-01-20T08:00:18+00:00\",\"dateModified\":\"2017-02-09T09:24:57+00:00\",\"breadcrumb\":{\"@id\":\"https:\/\/www.uhu.es\/etsi\/renovacion-acreditacion-energetica\/#breadcrumb\"},\"inLanguage\":\"es-ES\",\"potentialAction\":[{\"@type\":\"ReadAction\",\"target\":[\"https:\/\/www.uhu.es\/etsi\/renovacion-acreditacion-energetica\/\"]}]},{\"@type\":\"BreadcrumbList\",\"@id\":\"https:\/\/www.uhu.es\/etsi\/renovacion-acreditacion-energetica\/#breadcrumb\",\"itemListElement\":[{\"@type\":\"ListItem\",\"position\":1,\"name\":\"Portada\",\"item\":\"https:\/\/www.uhu.es\/etsi\/\"},{\"@type\":\"ListItem\",\"position\":2,\"name\":\"Renovaci\u00f3n de la Acreditaci\u00f3n del T\u00edtulo de Grado en Ingenier\u00eda Energ\u00e9tica.\"}]},{\"@type\":\"WebSite\",\"@id\":\"https:\/\/www.uhu.es\/etsi\/#website\",\"url\":\"https:\/\/www.uhu.es\/etsi\/\",\"name\":\"ETSI, UHU\",\"description\":\"Escuela T\u00e9cnica Superior de  Ingenier\u00eda de la Universidad de Huelva\",\"publisher\":{\"@id\":\"https:\/\/www.uhu.es\/etsi\/#organization\"},\"potentialAction\":[{\"@type\":\"SearchAction\",\"target\":{\"@type\":\"EntryPoint\",\"urlTemplate\":\"https:\/\/www.uhu.es\/etsi\/?s={search_term_string}\"},\"query-input\":\"required name=search_term_string\"}],\"inLanguage\":\"es-ES\"},{\"@type\":\"Organization\",\"@id\":\"https:\/\/www.uhu.es\/etsi\/#organization\",\"name\":\"UHU ETSI\",\"url\":\"https:\/\/www.uhu.es\/etsi\/\",\"logo\":{\"@type\":\"ImageObject\",\"inLanguage\":\"es-ES\",\"@id\":\"https:\/\/www.uhu.es\/etsi\/#\/schema\/logo\/image\/\",\"url\":\"http:\/\/www.uhu.es\/etsi\/wp-content\/uploads\/2016\/02\/membrete_ETSI.jpg\",\"contentUrl\":\"http:\/\/www.uhu.es\/etsi\/wp-content\/uploads\/2016\/02\/membrete_ETSI.jpg\",\"width\":423,\"height\":81,\"caption\":\"UHU ETSI\"},\"image\":{\"@id\":\"https:\/\/www.uhu.es\/etsi\/#\/schema\/logo\/image\/\"}},{\"@type\":\"Person\",\"@id\":\"https:\/\/www.uhu.es\/etsi\/#\/schema\/person\/0be60ebb90d6eb6178b4e7931aab375b\",\"name\":\"Webmaster ETSI UHU\",\"image\":{\"@type\":\"ImageObject\",\"inLanguage\":\"es-ES\",\"@id\":\"https:\/\/www.uhu.es\/etsi\/#\/schema\/person\/image\/\",\"url\":\"https:\/\/secure.gravatar.com\/avatar\/f9197cc9116f1efc0d73935d997efa0a?s=96&d=mm&r=g\",\"contentUrl\":\"https:\/\/secure.gravatar.com\/avatar\/f9197cc9116f1efc0d73935d997efa0a?s=96&d=mm&r=g\",\"caption\":\"Webmaster ETSI UHU\"},\"sameAs\":[\"http:\/\/www.uhu.es\/etsi\"],\"url\":\"https:\/\/www.uhu.es\/etsi\/author\/webmaster\/\"}]}<\/script>\n<!-- \/ Yoast SEO plugin. -->","yoast_head_json":{"title":"Renovaci\u00f3n de la Acreditaci\u00f3n del T\u00edtulo de Grado en Ingenier\u00eda Energ\u00e9tica. - ETSI, UHU","robots":{"index":"index","follow":"follow","max-snippet":"max-snippet:-1","max-image-preview":"max-image-preview:large","max-video-preview":"max-video-preview:-1"},"canonical":"https:\/\/www.uhu.es\/etsi\/renovacion-acreditacion-energetica\/","og_locale":"es_ES","og_type":"article","og_title":"Renovaci\u00f3n de la Acreditaci\u00f3n del T\u00edtulo de Grado en Ingenier\u00eda Energ\u00e9tica. - ETSI, UHU","og_description":"Visita al Centro de Evaluadores Externos 8\u00a0de febrero de 2017 &nbsp; La titulacion de Grado de Ingenier\u00eda Energ\u00e9tica de la ... Read More","og_url":"https:\/\/www.uhu.es\/etsi\/renovacion-acreditacion-energetica\/","og_site_name":"ETSI, UHU","article_published_time":"2017-01-20T08:00:18+00:00","article_modified_time":"2017-02-09T09:24:57+00:00","og_image":[{"url":"http:\/\/www.uhu.es\/etsi\/wp-content\/uploads\/2017\/01\/cartel_calidad14185_001-1-213x300.jpg"}],"author":"Webmaster ETSI UHU","twitter_misc":{"Written by":"Webmaster ETSI UHU","Est. reading time":"2 minutes"},"schema":{"@context":"https:\/\/schema.org","@graph":[{"@type":"Article","@id":"https:\/\/www.uhu.es\/etsi\/renovacion-acreditacion-energetica\/#article","isPartOf":{"@id":"https:\/\/www.uhu.es\/etsi\/renovacion-acreditacion-energetica\/"},"author":{"name":"Webmaster ETSI UHU","@id":"https:\/\/www.uhu.es\/etsi\/#\/schema\/person\/0be60ebb90d6eb6178b4e7931aab375b"},"headline":"Renovaci\u00f3n de la Acreditaci\u00f3n del T\u00edtulo de Grado en Ingenier\u00eda Energ\u00e9tica.","datePublished":"2017-01-20T08:00:18+00:00","dateModified":"2017-02-09T09:24:57+00:00","mainEntityOfPage":{"@id":"https:\/\/www.uhu.es\/etsi\/renovacion-acreditacion-energetica\/"},"wordCount":359,"publisher":{"@id":"https:\/\/www.uhu.es\/etsi\/#organization"},"inLanguage":"es-ES"},{"@type":"WebPage","@id":"https:\/\/www.uhu.es\/etsi\/renovacion-acreditacion-energetica\/","url":"https:\/\/www.uhu.es\/etsi\/renovacion-acreditacion-energetica\/","name":"Renovaci\u00f3n de la Acreditaci\u00f3n del T\u00edtulo de Grado en Ingenier\u00eda Energ\u00e9tica. - ETSI, UHU","isPartOf":{"@id":"https:\/\/www.uhu.es\/etsi\/#website"},"datePublished":"2017-01-20T08:00:18+00:00","dateModified":"2017-02-09T09:24:57+00:00","breadcrumb":{"@id":"https:\/\/www.uhu.es\/etsi\/renovacion-acreditacion-energetica\/#breadcrumb"},"inLanguage":"es-ES","potentialAction":[{"@type":"ReadAction","target":["https:\/\/www.uhu.es\/etsi\/renovacion-acreditacion-energetica\/"]}]},{"@type":"BreadcrumbList","@id":"https:\/\/www.uhu.es\/etsi\/renovacion-acreditacion-energetica\/#breadcrumb","itemListElement":[{"@type":"ListItem","position":1,"name":"Portada","item":"https:\/\/www.uhu.es\/etsi\/"},{"@type":"ListItem","position":2,"name":"Renovaci\u00f3n de la Acreditaci\u00f3n del T\u00edtulo de Grado en Ingenier\u00eda Energ\u00e9tica."}]},{"@type":"WebSite","@id":"https:\/\/www.uhu.es\/etsi\/#website","url":"https:\/\/www.uhu.es\/etsi\/","name":"ETSI, UHU","description":"Escuela T\u00e9cnica Superior de  Ingenier\u00eda de la Universidad de Huelva","publisher":{"@id":"https:\/\/www.uhu.es\/etsi\/#organization"},"potentialAction":[{"@type":"SearchAction","target":{"@type":"EntryPoint","urlTemplate":"https:\/\/www.uhu.es\/etsi\/?s={search_term_string}"},"query-input":"required name=search_term_string"}],"inLanguage":"es-ES"},{"@type":"Organization","@id":"https:\/\/www.uhu.es\/etsi\/#organization","name":"UHU ETSI","url":"https:\/\/www.uhu.es\/etsi\/","logo":{"@type":"ImageObject","inLanguage":"es-ES","@id":"https:\/\/www.uhu.es\/etsi\/#\/schema\/logo\/image\/","url":"http:\/\/www.uhu.es\/etsi\/wp-content\/uploads\/2016\/02\/membrete_ETSI.jpg","contentUrl":"http:\/\/www.uhu.es\/etsi\/wp-content\/uploads\/2016\/02\/membrete_ETSI.jpg","width":423,"height":81,"caption":"UHU ETSI"},"image":{"@id":"https:\/\/www.uhu.es\/etsi\/#\/schema\/logo\/image\/"}},{"@type":"Person","@id":"https:\/\/www.uhu.es\/etsi\/#\/schema\/person\/0be60ebb90d6eb6178b4e7931aab375b","name":"Webmaster ETSI UHU","image":{"@type":"ImageObject","inLanguage":"es-ES","@id":"https:\/\/www.uhu.es\/etsi\/#\/schema\/person\/image\/","url":"https:\/\/secure.gravatar.com\/avatar\/f9197cc9116f1efc0d73935d997efa0a?s=96&d=mm&r=g","contentUrl":"https:\/\/secure.gravatar.com\/avatar\/f9197cc9116f1efc0d73935d997efa0a?s=96&d=mm&r=g","caption":"Webmaster ETSI UHU"},"sameAs":["http:\/\/www.uhu.es\/etsi"],"url":"https:\/\/www.uhu.es\/etsi\/author\/webmaster\/"}]}},"_links":{"self":[{"href":"https:\/\/www.uhu.es\/etsi\/wp-json\/wp\/v2\/posts\/13387"}],"collection":[{"href":"https:\/\/www.uhu.es\/etsi\/wp-json\/wp\/v2\/posts"}],"about":[{"href":"https:\/\/www.uhu.es\/etsi\/wp-json\/wp\/v2\/types\/post"}],"author":[{"embeddable":true,"href":"https:\/\/www.uhu.es\/etsi\/wp-json\/wp\/v2\/users\/7"}],"replies":[{"embeddable":true,"href":"https:\/\/www.uhu.es\/etsi\/wp-json\/wp\/v2\/comments?post=13387"}],"version-history":[{"count":6,"href":"https:\/\/www.uhu.es\/etsi\/wp-json\/wp\/v2\/posts\/13387\/revisions"}],"predecessor-version":[{"id":13486,"href":"https:\/\/www.uhu.es\/etsi\/wp-json\/wp\/v2\/posts\/13387\/revisions\/13486"}],"wp:attachment":[{"href":"https:\/\/www.uhu.es\/etsi\/wp-json\/wp\/v2\/media?parent=13387"}],"wp:term":[{"taxonomy":"category","embeddable":true,"href":"https:\/\/www.uhu.es\/etsi\/wp-json\/wp\/v2\/categories?post=13387"},{"taxonomy":"post_tag","embeddable":true,"href":"https:\/\/www.uhu.es\/etsi\/wp-json\/wp\/v2\/tags?post=13387"}],"curies":[{"name":"wp","href":"https:\/\/api.w.org\/{rel}","templated":true}]}}