{"id":13536,"date":"2017-02-21T13:18:18","date_gmt":"2017-02-21T12:18:18","guid":{"rendered":"http:\/\/www.uhu.es\/etsi\/?p=13536"},"modified":"2017-03-02T12:56:31","modified_gmt":"2017-03-02T11:56:31","slug":"taller-la-etsi-definir-perfil-profesional-ingenieria","status":"publish","type":"post","link":"https:\/\/www.uhu.es\/etsi\/taller-la-etsi-definir-perfil-profesional-ingenieria\/","title":{"rendered":"Taller en la ETSI: &#8220;C\u00f3mo definir un perfil profesional en Ingenier\u00eda&#8221;"},"content":{"rendered":"<p>Estimados estudiantes,<\/p>\n<p>Me complace anunciaros que los pr\u00f3ximos 8 y 15 de marzo de 9:30 a 11:30 h se impartir\u00e1, en el aula I.M. B.7, el taller \u201cC\u00f3mo definir un perfil profesional en Ingenier\u00eda\u201d. Quiz\u00e1 ahora no se\u00e1is conscientes de la importancia que tiene el perfil profesional, pero si quer\u00e9is saber c\u00f3mo destacar aquellos elementos que te hacen id\u00f3neo para desempe\u00f1ar un cargo determinado, \u00a0cuales son las barreras que dificultan la inserci\u00f3n laboral y con qu\u00e9 recursos cuentas para mejorar tu empleabilidad, no lo dudes: ap\u00fantate.<\/p>\n<p>Este taller est\u00e1 dise\u00f1ado especialmente para vosotros: estudiantes de Ingenier\u00eda; es gratuito y pretende ofreceros algunas pautas de autoconocimiento personal y herramientas que os ayuden a mejorar vuestra empleabilidad. Pod\u00e9is encontrar m\u00e1s informaci\u00f3n en:<\/p>\n<p><a href=\"https:\/\/www.uhu.es\/etsi\/estudiantes-2\/programa-faro\/taller-definir-perfil-profesional-ingenieria-2o-edicion\/\">https:\/\/www.uhu.es\/etsi\/estudiantes-2\/programa-faro\/taller-definir-perfil-profesional-ingenieria-2o-edicion\/<\/a><\/p>\n<p>Dada la naturaleza pr\u00e1ctica del taller, la asistencia est\u00e1 limitada a 25 asistentes, que deber\u00e1n formalizar su solicitud rellenando el siguiente formulario:<\/p>\n<p><a href=\"https:\/\/www.uhu.es\/etsi\/estudiantes-2\/programa-faro\/taller-definir-perfil-profesional-ingenieria\/formulario-inscripcion-taller\/\">https:\/\/www.uhu.es\/etsi\/estudiantes-2\/programa-faro\/taller-definir-perfil-profesional-ingenieria\/formulario-inscripcion-taller\/<\/a><\/p>\n<p>Este curso est\u00e1 enmarcado dentro del programa Faro y dirigido a <strong>todos<\/strong> los estudiantes de la Escuela. Aprovecho la ocasi\u00f3n para recordar a los estudiantes de nuevo ingreso que tienen asignado un tutor al cual recurrir para solventar dudas o recibir orientaci\u00f3n. Pod\u00e9is consultar vuestro tutor en:<\/p>\n<p><a href=\"https:\/\/www.uhu.es\/etsi\/estudiantes-2\/programa-faro\/\">https:\/\/www.uhu.es\/etsi\/estudiantes-2\/programa-faro\/#<\/a><\/p>\n<p>Espero que esta informaci\u00f3n sea de vuestro inter\u00e9s.<\/p>\n<p>Un cordial saludo<\/p>\n<p>Victoria Pach\u00f3n<\/p>\n<p>Subdirecci\u00f3n de Estudiantes<\/p>\n","protected":false},"excerpt":{"rendered":"<p>Estimados estudiantes, Me complace anunciaros que los pr\u00f3ximos 8 y 15 de marzo de 9:30 a 11:30 h se impartir\u00e1, &#8230; <\/p>\n<div><a href=\"https:\/\/www.uhu.es\/etsi\/taller-la-etsi-definir-perfil-profesional-ingenieria\/\" class=\"more-link\">Read More<\/a><\/div>\n","protected":false},"author":7,"featured_media":0,"comment_status":"closed","ping_status":"closed","sticky":false,"template":"","format":"standard","meta":[],"categories":[1],"tags":[],"yoast_head":"<!-- This site is optimized with the Yoast SEO plugin v20.2.1 - https:\/\/yoast.com\/wordpress\/plugins\/seo\/ -->\n<title>Taller en la ETSI: &quot;C\u00f3mo definir un perfil profesional en Ingenier\u00eda&quot; - ETSI, UHU<\/title>\n<meta name=\"robots\" content=\"index, follow, max-snippet:-1, max-image-preview:large, max-video-preview:-1\" \/>\n<link rel=\"canonical\" href=\"https:\/\/www.uhu.es\/etsi\/taller-la-etsi-definir-perfil-profesional-ingenieria\/\" \/>\n<meta property=\"og:locale\" content=\"es_ES\" \/>\n<meta property=\"og:type\" content=\"article\" \/>\n<meta property=\"og:title\" content=\"Taller en la ETSI: &quot;C\u00f3mo definir un perfil profesional en Ingenier\u00eda&quot; - ETSI, UHU\" \/>\n<meta property=\"og:description\" content=\"Estimados estudiantes, Me complace anunciaros que los pr\u00f3ximos 8 y 15 de marzo de 9:30 a 11:30 h se impartir\u00e1, ... Read More\" \/>\n<meta property=\"og:url\" content=\"https:\/\/www.uhu.es\/etsi\/taller-la-etsi-definir-perfil-profesional-ingenieria\/\" \/>\n<meta property=\"og:site_name\" content=\"ETSI, UHU\" \/>\n<meta property=\"article:published_time\" content=\"2017-02-21T12:18:18+00:00\" \/>\n<meta property=\"article:modified_time\" content=\"2017-03-02T11:56:31+00:00\" \/>\n<meta name=\"author\" content=\"Webmaster ETSI UHU\" \/>\n<meta name=\"twitter:label1\" content=\"Written by\" \/>\n\t<meta name=\"twitter:data1\" content=\"Webmaster ETSI UHU\" \/>\n\t<meta name=\"twitter:label2\" content=\"Est. reading time\" \/>\n\t<meta name=\"twitter:data2\" content=\"1 minute\" \/>\n<script type=\"application\/ld+json\" class=\"yoast-schema-graph\">{\"@context\":\"https:\/\/schema.org\",\"@graph\":[{\"@type\":\"Article\",\"@id\":\"https:\/\/www.uhu.es\/etsi\/taller-la-etsi-definir-perfil-profesional-ingenieria\/#article\",\"isPartOf\":{\"@id\":\"https:\/\/www.uhu.es\/etsi\/taller-la-etsi-definir-perfil-profesional-ingenieria\/\"},\"author\":{\"name\":\"Webmaster ETSI UHU\",\"@id\":\"https:\/\/www.uhu.es\/etsi\/#\/schema\/person\/0be60ebb90d6eb6178b4e7931aab375b\"},\"headline\":\"Taller en la ETSI: &#8220;C\u00f3mo definir un perfil profesional en Ingenier\u00eda&#8221;\",\"datePublished\":\"2017-02-21T12:18:18+00:00\",\"dateModified\":\"2017-03-02T11:56:31+00:00\",\"mainEntityOfPage\":{\"@id\":\"https:\/\/www.uhu.es\/etsi\/taller-la-etsi-definir-perfil-profesional-ingenieria\/\"},\"wordCount\":263,\"publisher\":{\"@id\":\"https:\/\/www.uhu.es\/etsi\/#organization\"},\"inLanguage\":\"es-ES\"},{\"@type\":\"WebPage\",\"@id\":\"https:\/\/www.uhu.es\/etsi\/taller-la-etsi-definir-perfil-profesional-ingenieria\/\",\"url\":\"https:\/\/www.uhu.es\/etsi\/taller-la-etsi-definir-perfil-profesional-ingenieria\/\",\"name\":\"Taller en la ETSI: \\\"C\u00f3mo definir un perfil profesional en Ingenier\u00eda\\\" - ETSI, UHU\",\"isPartOf\":{\"@id\":\"https:\/\/www.uhu.es\/etsi\/#website\"},\"datePublished\":\"2017-02-21T12:18:18+00:00\",\"dateModified\":\"2017-03-02T11:56:31+00:00\",\"breadcrumb\":{\"@id\":\"https:\/\/www.uhu.es\/etsi\/taller-la-etsi-definir-perfil-profesional-ingenieria\/#breadcrumb\"},\"inLanguage\":\"es-ES\",\"potentialAction\":[{\"@type\":\"ReadAction\",\"target\":[\"https:\/\/www.uhu.es\/etsi\/taller-la-etsi-definir-perfil-profesional-ingenieria\/\"]}]},{\"@type\":\"BreadcrumbList\",\"@id\":\"https:\/\/www.uhu.es\/etsi\/taller-la-etsi-definir-perfil-profesional-ingenieria\/#breadcrumb\",\"itemListElement\":[{\"@type\":\"ListItem\",\"position\":1,\"name\":\"Portada\",\"item\":\"https:\/\/www.uhu.es\/etsi\/\"},{\"@type\":\"ListItem\",\"position\":2,\"name\":\"Taller en la ETSI: &#8220;C\u00f3mo definir un perfil profesional en Ingenier\u00eda&#8221;\"}]},{\"@type\":\"WebSite\",\"@id\":\"https:\/\/www.uhu.es\/etsi\/#website\",\"url\":\"https:\/\/www.uhu.es\/etsi\/\",\"name\":\"ETSI, UHU\",\"description\":\"Escuela T\u00e9cnica Superior de  Ingenier\u00eda de la Universidad de Huelva\",\"publisher\":{\"@id\":\"https:\/\/www.uhu.es\/etsi\/#organization\"},\"potentialAction\":[{\"@type\":\"SearchAction\",\"target\":{\"@type\":\"EntryPoint\",\"urlTemplate\":\"https:\/\/www.uhu.es\/etsi\/?s={search_term_string}\"},\"query-input\":\"required name=search_term_string\"}],\"inLanguage\":\"es-ES\"},{\"@type\":\"Organization\",\"@id\":\"https:\/\/www.uhu.es\/etsi\/#organization\",\"name\":\"UHU ETSI\",\"url\":\"https:\/\/www.uhu.es\/etsi\/\",\"logo\":{\"@type\":\"ImageObject\",\"inLanguage\":\"es-ES\",\"@id\":\"https:\/\/www.uhu.es\/etsi\/#\/schema\/logo\/image\/\",\"url\":\"http:\/\/www.uhu.es\/etsi\/wp-content\/uploads\/2016\/02\/membrete_ETSI.jpg\",\"contentUrl\":\"http:\/\/www.uhu.es\/etsi\/wp-content\/uploads\/2016\/02\/membrete_ETSI.jpg\",\"width\":423,\"height\":81,\"caption\":\"UHU ETSI\"},\"image\":{\"@id\":\"https:\/\/www.uhu.es\/etsi\/#\/schema\/logo\/image\/\"}},{\"@type\":\"Person\",\"@id\":\"https:\/\/www.uhu.es\/etsi\/#\/schema\/person\/0be60ebb90d6eb6178b4e7931aab375b\",\"name\":\"Webmaster ETSI UHU\",\"image\":{\"@type\":\"ImageObject\",\"inLanguage\":\"es-ES\",\"@id\":\"https:\/\/www.uhu.es\/etsi\/#\/schema\/person\/image\/\",\"url\":\"https:\/\/secure.gravatar.com\/avatar\/f9197cc9116f1efc0d73935d997efa0a?s=96&d=mm&r=g\",\"contentUrl\":\"https:\/\/secure.gravatar.com\/avatar\/f9197cc9116f1efc0d73935d997efa0a?s=96&d=mm&r=g\",\"caption\":\"Webmaster ETSI UHU\"},\"sameAs\":[\"http:\/\/www.uhu.es\/etsi\"],\"url\":\"https:\/\/www.uhu.es\/etsi\/author\/webmaster\/\"}]}<\/script>\n<!-- \/ Yoast SEO plugin. -->","yoast_head_json":{"title":"Taller en la ETSI: \"C\u00f3mo definir un perfil profesional en Ingenier\u00eda\" - ETSI, UHU","robots":{"index":"index","follow":"follow","max-snippet":"max-snippet:-1","max-image-preview":"max-image-preview:large","max-video-preview":"max-video-preview:-1"},"canonical":"https:\/\/www.uhu.es\/etsi\/taller-la-etsi-definir-perfil-profesional-ingenieria\/","og_locale":"es_ES","og_type":"article","og_title":"Taller en la ETSI: \"C\u00f3mo definir un perfil profesional en Ingenier\u00eda\" - ETSI, UHU","og_description":"Estimados estudiantes, Me complace anunciaros que los pr\u00f3ximos 8 y 15 de marzo de 9:30 a 11:30 h se impartir\u00e1, ... Read More","og_url":"https:\/\/www.uhu.es\/etsi\/taller-la-etsi-definir-perfil-profesional-ingenieria\/","og_site_name":"ETSI, UHU","article_published_time":"2017-02-21T12:18:18+00:00","article_modified_time":"2017-03-02T11:56:31+00:00","author":"Webmaster ETSI UHU","twitter_misc":{"Written by":"Webmaster ETSI UHU","Est. reading time":"1 minute"},"schema":{"@context":"https:\/\/schema.org","@graph":[{"@type":"Article","@id":"https:\/\/www.uhu.es\/etsi\/taller-la-etsi-definir-perfil-profesional-ingenieria\/#article","isPartOf":{"@id":"https:\/\/www.uhu.es\/etsi\/taller-la-etsi-definir-perfil-profesional-ingenieria\/"},"author":{"name":"Webmaster ETSI UHU","@id":"https:\/\/www.uhu.es\/etsi\/#\/schema\/person\/0be60ebb90d6eb6178b4e7931aab375b"},"headline":"Taller en la ETSI: &#8220;C\u00f3mo definir un perfil profesional en Ingenier\u00eda&#8221;","datePublished":"2017-02-21T12:18:18+00:00","dateModified":"2017-03-02T11:56:31+00:00","mainEntityOfPage":{"@id":"https:\/\/www.uhu.es\/etsi\/taller-la-etsi-definir-perfil-profesional-ingenieria\/"},"wordCount":263,"publisher":{"@id":"https:\/\/www.uhu.es\/etsi\/#organization"},"inLanguage":"es-ES"},{"@type":"WebPage","@id":"https:\/\/www.uhu.es\/etsi\/taller-la-etsi-definir-perfil-profesional-ingenieria\/","url":"https:\/\/www.uhu.es\/etsi\/taller-la-etsi-definir-perfil-profesional-ingenieria\/","name":"Taller en la ETSI: \"C\u00f3mo definir un perfil profesional en Ingenier\u00eda\" - ETSI, UHU","isPartOf":{"@id":"https:\/\/www.uhu.es\/etsi\/#website"},"datePublished":"2017-02-21T12:18:18+00:00","dateModified":"2017-03-02T11:56:31+00:00","breadcrumb":{"@id":"https:\/\/www.uhu.es\/etsi\/taller-la-etsi-definir-perfil-profesional-ingenieria\/#breadcrumb"},"inLanguage":"es-ES","potentialAction":[{"@type":"ReadAction","target":["https:\/\/www.uhu.es\/etsi\/taller-la-etsi-definir-perfil-profesional-ingenieria\/"]}]},{"@type":"BreadcrumbList","@id":"https:\/\/www.uhu.es\/etsi\/taller-la-etsi-definir-perfil-profesional-ingenieria\/#breadcrumb","itemListElement":[{"@type":"ListItem","position":1,"name":"Portada","item":"https:\/\/www.uhu.es\/etsi\/"},{"@type":"ListItem","position":2,"name":"Taller en la ETSI: &#8220;C\u00f3mo definir un perfil profesional en Ingenier\u00eda&#8221;"}]},{"@type":"WebSite","@id":"https:\/\/www.uhu.es\/etsi\/#website","url":"https:\/\/www.uhu.es\/etsi\/","name":"ETSI, UHU","description":"Escuela T\u00e9cnica Superior de  Ingenier\u00eda de la Universidad de Huelva","publisher":{"@id":"https:\/\/www.uhu.es\/etsi\/#organization"},"potentialAction":[{"@type":"SearchAction","target":{"@type":"EntryPoint","urlTemplate":"https:\/\/www.uhu.es\/etsi\/?s={search_term_string}"},"query-input":"required name=search_term_string"}],"inLanguage":"es-ES"},{"@type":"Organization","@id":"https:\/\/www.uhu.es\/etsi\/#organization","name":"UHU ETSI","url":"https:\/\/www.uhu.es\/etsi\/","logo":{"@type":"ImageObject","inLanguage":"es-ES","@id":"https:\/\/www.uhu.es\/etsi\/#\/schema\/logo\/image\/","url":"http:\/\/www.uhu.es\/etsi\/wp-content\/uploads\/2016\/02\/membrete_ETSI.jpg","contentUrl":"http:\/\/www.uhu.es\/etsi\/wp-content\/uploads\/2016\/02\/membrete_ETSI.jpg","width":423,"height":81,"caption":"UHU ETSI"},"image":{"@id":"https:\/\/www.uhu.es\/etsi\/#\/schema\/logo\/image\/"}},{"@type":"Person","@id":"https:\/\/www.uhu.es\/etsi\/#\/schema\/person\/0be60ebb90d6eb6178b4e7931aab375b","name":"Webmaster ETSI UHU","image":{"@type":"ImageObject","inLanguage":"es-ES","@id":"https:\/\/www.uhu.es\/etsi\/#\/schema\/person\/image\/","url":"https:\/\/secure.gravatar.com\/avatar\/f9197cc9116f1efc0d73935d997efa0a?s=96&d=mm&r=g","contentUrl":"https:\/\/secure.gravatar.com\/avatar\/f9197cc9116f1efc0d73935d997efa0a?s=96&d=mm&r=g","caption":"Webmaster ETSI UHU"},"sameAs":["http:\/\/www.uhu.es\/etsi"],"url":"https:\/\/www.uhu.es\/etsi\/author\/webmaster\/"}]}},"_links":{"self":[{"href":"https:\/\/www.uhu.es\/etsi\/wp-json\/wp\/v2\/posts\/13536"}],"collection":[{"href":"https:\/\/www.uhu.es\/etsi\/wp-json\/wp\/v2\/posts"}],"about":[{"href":"https:\/\/www.uhu.es\/etsi\/wp-json\/wp\/v2\/types\/post"}],"author":[{"embeddable":true,"href":"https:\/\/www.uhu.es\/etsi\/wp-json\/wp\/v2\/users\/7"}],"replies":[{"embeddable":true,"href":"https:\/\/www.uhu.es\/etsi\/wp-json\/wp\/v2\/comments?post=13536"}],"version-history":[{"count":5,"href":"https:\/\/www.uhu.es\/etsi\/wp-json\/wp\/v2\/posts\/13536\/revisions"}],"predecessor-version":[{"id":13559,"href":"https:\/\/www.uhu.es\/etsi\/wp-json\/wp\/v2\/posts\/13536\/revisions\/13559"}],"wp:attachment":[{"href":"https:\/\/www.uhu.es\/etsi\/wp-json\/wp\/v2\/media?parent=13536"}],"wp:term":[{"taxonomy":"category","embeddable":true,"href":"https:\/\/www.uhu.es\/etsi\/wp-json\/wp\/v2\/categories?post=13536"},{"taxonomy":"post_tag","embeddable":true,"href":"https:\/\/www.uhu.es\/etsi\/wp-json\/wp\/v2\/tags?post=13536"}],"curies":[{"name":"wp","href":"https:\/\/api.w.org\/{rel}","templated":true}]}}