{"id":14961,"date":"2017-11-15T11:00:10","date_gmt":"2017-11-15T10:00:10","guid":{"rendered":"http:\/\/www.uhu.es\/etsi\/?p=14961"},"modified":"2017-11-21T11:02:53","modified_gmt":"2017-11-21T10:02:53","slug":"primer-ciclo-talleres-la-asociacion-software-libre","status":"publish","type":"post","link":"https:\/\/www.uhu.es\/etsi\/primer-ciclo-talleres-la-asociacion-software-libre\/","title":{"rendered":"Primer Ciclo de Talleres de la Asociaci\u00f3n de Software Libre"},"content":{"rendered":"<p>Ya tenemos fechas para el primer ciclo de talleres de este a\u00f1o:<\/p>\n<p>Este <strong>jueves 16<\/strong>, a las <strong>10 de la ma\u00f1ana<\/strong>, empezamos con la conferencia <strong>Men and Machine<\/strong>, impartida por <strong>Elvis Leandro Jorge Becil<\/strong>, en el aula <strong>B.5<\/strong> del Ed. <strong>Isidoro Morales<\/strong><\/p>\n<p>Seg\u00fan su autor: &#8220;Este es un curso introductorio al campo de la IA, particularmente el Machine Learning, que tiene como prop\u00f3sito ilustrar los infinitos beneficios que presentan sus aplicaciones asi como las practicas mas apropiadas a tener en cuenta con su uso, intentando mostrar el tremendo impacto que tiene en nuestra sociedad, y la importancia de la aplicaci\u00f3n otras ramas con las que se puede enriquecer como la Estad\u00edstica, las redes neuronales y la Miner\u00eda de Datos, en este curso nos centraremos particularmente en las aplicaciones de la Inferencia estad\u00edstica al campo en cuesti\u00f3n.&#8221;<\/p>\n<p>Este taller tratar\u00e1 temas como:<\/p>\n<p>*IA , sus aplicaciones e implicaciones sociales.<\/p>\n<p>*Machines learning , como surge y en que consiste.<\/p>\n<p>*Inferencia Estadistica y sus aplicaciones al Machine Learning.<\/p>\n<p>Al d\u00eda siguiente, el <strong>viernes 17<\/strong> a las <strong>11 de la ma\u00f1ana<\/strong>, tenemos uno de los talleres mas importantes de este ciclo: <strong>Propiedad Intelectual y licencias libres<\/strong>, impartido por <strong>\u00c1ngel Pablo Hinojosa<\/strong>, exmiembro de la OSLUGR, que viene desde Granada con una larga experiencia de asesoramiento y formaci\u00f3n en temas de software libre.<\/p>\n<p>Este taller, con un cierto enfoque en la investigaci\u00f3n, tratar\u00e1 temas como propiedad intelectual, copyleft, licencias de Software, compatibilidad, y licencias cc para lo que no es software. Se realizar\u00e1 en el aula <strong>1.5<\/strong> del Ed. <strong>Galileo<\/strong><\/p>\n<p>Y, la semana siguiente, el<strong> jueves 23<\/strong> a las <strong>16:00<\/strong>, en el aula <strong>1.3<\/strong> del Ed. <strong>P\u00e9rez Quintero<\/strong>, tendremos un taller de <strong>Introducci\u00f3n a Git<\/strong>, por <strong>Jos\u00e9 Carpio<\/strong>.<\/p>\n<p>En este taller se explicaran temas como: creaci\u00f3n de cuentas, subir y a\u00f1adir ficheros, conflictos , etc..<\/p>\n<p>\u00a1\u00a1Animaos y venid a los talleres!!<\/p>\n","protected":false},"excerpt":{"rendered":"<p>Ya tenemos fechas para el primer ciclo de talleres de este a\u00f1o: Este jueves 16, a las 10 de la &#8230; <\/p>\n<div><a href=\"https:\/\/www.uhu.es\/etsi\/primer-ciclo-talleres-la-asociacion-software-libre\/\" class=\"more-link\">Read More<\/a><\/div>\n","protected":false},"author":7,"featured_media":0,"comment_status":"closed","ping_status":"closed","sticky":false,"template":"","format":"standard","meta":[],"categories":[103],"tags":[],"yoast_head":"<!-- This site is optimized with the Yoast SEO plugin v20.2.1 - https:\/\/yoast.com\/wordpress\/plugins\/seo\/ -->\n<title>Primer Ciclo de Talleres de la Asociaci\u00f3n de Software Libre - ETSI, UHU<\/title>\n<meta name=\"robots\" content=\"index, follow, max-snippet:-1, max-image-preview:large, max-video-preview:-1\" \/>\n<link rel=\"canonical\" href=\"https:\/\/www.uhu.es\/etsi\/primer-ciclo-talleres-la-asociacion-software-libre\/\" \/>\n<meta property=\"og:locale\" content=\"es_ES\" \/>\n<meta property=\"og:type\" content=\"article\" \/>\n<meta property=\"og:title\" content=\"Primer Ciclo de Talleres de la Asociaci\u00f3n de Software Libre - ETSI, UHU\" \/>\n<meta property=\"og:description\" content=\"Ya tenemos fechas para el primer ciclo de talleres de este a\u00f1o: Este jueves 16, a las 10 de la ... Read More\" \/>\n<meta property=\"og:url\" content=\"https:\/\/www.uhu.es\/etsi\/primer-ciclo-talleres-la-asociacion-software-libre\/\" \/>\n<meta property=\"og:site_name\" content=\"ETSI, UHU\" \/>\n<meta property=\"article:published_time\" content=\"2017-11-15T10:00:10+00:00\" \/>\n<meta property=\"article:modified_time\" content=\"2017-11-21T10:02:53+00:00\" \/>\n<meta name=\"author\" content=\"Webmaster ETSI UHU\" \/>\n<meta name=\"twitter:label1\" content=\"Written by\" \/>\n\t<meta name=\"twitter:data1\" content=\"Webmaster ETSI UHU\" \/>\n\t<meta name=\"twitter:label2\" content=\"Est. reading time\" \/>\n\t<meta name=\"twitter:data2\" content=\"2 minutes\" \/>\n<script type=\"application\/ld+json\" class=\"yoast-schema-graph\">{\"@context\":\"https:\/\/schema.org\",\"@graph\":[{\"@type\":\"Article\",\"@id\":\"https:\/\/www.uhu.es\/etsi\/primer-ciclo-talleres-la-asociacion-software-libre\/#article\",\"isPartOf\":{\"@id\":\"https:\/\/www.uhu.es\/etsi\/primer-ciclo-talleres-la-asociacion-software-libre\/\"},\"author\":{\"name\":\"Webmaster ETSI UHU\",\"@id\":\"https:\/\/www.uhu.es\/etsi\/#\/schema\/person\/0be60ebb90d6eb6178b4e7931aab375b\"},\"headline\":\"Primer Ciclo de Talleres de la Asociaci\u00f3n de Software Libre\",\"datePublished\":\"2017-11-15T10:00:10+00:00\",\"dateModified\":\"2017-11-21T10:02:53+00:00\",\"mainEntityOfPage\":{\"@id\":\"https:\/\/www.uhu.es\/etsi\/primer-ciclo-talleres-la-asociacion-software-libre\/\"},\"wordCount\":323,\"publisher\":{\"@id\":\"https:\/\/www.uhu.es\/etsi\/#organization\"},\"articleSection\":[\"Actividades\"],\"inLanguage\":\"es-ES\"},{\"@type\":\"WebPage\",\"@id\":\"https:\/\/www.uhu.es\/etsi\/primer-ciclo-talleres-la-asociacion-software-libre\/\",\"url\":\"https:\/\/www.uhu.es\/etsi\/primer-ciclo-talleres-la-asociacion-software-libre\/\",\"name\":\"Primer Ciclo de Talleres de la Asociaci\u00f3n de Software Libre - ETSI, UHU\",\"isPartOf\":{\"@id\":\"https:\/\/www.uhu.es\/etsi\/#website\"},\"datePublished\":\"2017-11-15T10:00:10+00:00\",\"dateModified\":\"2017-11-21T10:02:53+00:00\",\"breadcrumb\":{\"@id\":\"https:\/\/www.uhu.es\/etsi\/primer-ciclo-talleres-la-asociacion-software-libre\/#breadcrumb\"},\"inLanguage\":\"es-ES\",\"potentialAction\":[{\"@type\":\"ReadAction\",\"target\":[\"https:\/\/www.uhu.es\/etsi\/primer-ciclo-talleres-la-asociacion-software-libre\/\"]}]},{\"@type\":\"BreadcrumbList\",\"@id\":\"https:\/\/www.uhu.es\/etsi\/primer-ciclo-talleres-la-asociacion-software-libre\/#breadcrumb\",\"itemListElement\":[{\"@type\":\"ListItem\",\"position\":1,\"name\":\"Portada\",\"item\":\"https:\/\/www.uhu.es\/etsi\/\"},{\"@type\":\"ListItem\",\"position\":2,\"name\":\"Primer Ciclo de Talleres de la Asociaci\u00f3n de Software Libre\"}]},{\"@type\":\"WebSite\",\"@id\":\"https:\/\/www.uhu.es\/etsi\/#website\",\"url\":\"https:\/\/www.uhu.es\/etsi\/\",\"name\":\"ETSI, UHU\",\"description\":\"Escuela T\u00e9cnica Superior de  Ingenier\u00eda de la Universidad de Huelva\",\"publisher\":{\"@id\":\"https:\/\/www.uhu.es\/etsi\/#organization\"},\"potentialAction\":[{\"@type\":\"SearchAction\",\"target\":{\"@type\":\"EntryPoint\",\"urlTemplate\":\"https:\/\/www.uhu.es\/etsi\/?s={search_term_string}\"},\"query-input\":\"required name=search_term_string\"}],\"inLanguage\":\"es-ES\"},{\"@type\":\"Organization\",\"@id\":\"https:\/\/www.uhu.es\/etsi\/#organization\",\"name\":\"UHU ETSI\",\"url\":\"https:\/\/www.uhu.es\/etsi\/\",\"logo\":{\"@type\":\"ImageObject\",\"inLanguage\":\"es-ES\",\"@id\":\"https:\/\/www.uhu.es\/etsi\/#\/schema\/logo\/image\/\",\"url\":\"http:\/\/www.uhu.es\/etsi\/wp-content\/uploads\/2016\/02\/membrete_ETSI.jpg\",\"contentUrl\":\"http:\/\/www.uhu.es\/etsi\/wp-content\/uploads\/2016\/02\/membrete_ETSI.jpg\",\"width\":423,\"height\":81,\"caption\":\"UHU ETSI\"},\"image\":{\"@id\":\"https:\/\/www.uhu.es\/etsi\/#\/schema\/logo\/image\/\"}},{\"@type\":\"Person\",\"@id\":\"https:\/\/www.uhu.es\/etsi\/#\/schema\/person\/0be60ebb90d6eb6178b4e7931aab375b\",\"name\":\"Webmaster ETSI UHU\",\"image\":{\"@type\":\"ImageObject\",\"inLanguage\":\"es-ES\",\"@id\":\"https:\/\/www.uhu.es\/etsi\/#\/schema\/person\/image\/\",\"url\":\"https:\/\/secure.gravatar.com\/avatar\/f9197cc9116f1efc0d73935d997efa0a?s=96&d=mm&r=g\",\"contentUrl\":\"https:\/\/secure.gravatar.com\/avatar\/f9197cc9116f1efc0d73935d997efa0a?s=96&d=mm&r=g\",\"caption\":\"Webmaster ETSI UHU\"},\"sameAs\":[\"http:\/\/www.uhu.es\/etsi\"],\"url\":\"https:\/\/www.uhu.es\/etsi\/author\/webmaster\/\"}]}<\/script>\n<!-- \/ Yoast SEO plugin. -->","yoast_head_json":{"title":"Primer Ciclo de Talleres de la Asociaci\u00f3n de Software Libre - ETSI, UHU","robots":{"index":"index","follow":"follow","max-snippet":"max-snippet:-1","max-image-preview":"max-image-preview:large","max-video-preview":"max-video-preview:-1"},"canonical":"https:\/\/www.uhu.es\/etsi\/primer-ciclo-talleres-la-asociacion-software-libre\/","og_locale":"es_ES","og_type":"article","og_title":"Primer Ciclo de Talleres de la Asociaci\u00f3n de Software Libre - ETSI, UHU","og_description":"Ya tenemos fechas para el primer ciclo de talleres de este a\u00f1o: Este jueves 16, a las 10 de la ... Read More","og_url":"https:\/\/www.uhu.es\/etsi\/primer-ciclo-talleres-la-asociacion-software-libre\/","og_site_name":"ETSI, UHU","article_published_time":"2017-11-15T10:00:10+00:00","article_modified_time":"2017-11-21T10:02:53+00:00","author":"Webmaster ETSI UHU","twitter_misc":{"Written by":"Webmaster ETSI UHU","Est. reading time":"2 minutes"},"schema":{"@context":"https:\/\/schema.org","@graph":[{"@type":"Article","@id":"https:\/\/www.uhu.es\/etsi\/primer-ciclo-talleres-la-asociacion-software-libre\/#article","isPartOf":{"@id":"https:\/\/www.uhu.es\/etsi\/primer-ciclo-talleres-la-asociacion-software-libre\/"},"author":{"name":"Webmaster ETSI UHU","@id":"https:\/\/www.uhu.es\/etsi\/#\/schema\/person\/0be60ebb90d6eb6178b4e7931aab375b"},"headline":"Primer Ciclo de Talleres de la Asociaci\u00f3n de Software Libre","datePublished":"2017-11-15T10:00:10+00:00","dateModified":"2017-11-21T10:02:53+00:00","mainEntityOfPage":{"@id":"https:\/\/www.uhu.es\/etsi\/primer-ciclo-talleres-la-asociacion-software-libre\/"},"wordCount":323,"publisher":{"@id":"https:\/\/www.uhu.es\/etsi\/#organization"},"articleSection":["Actividades"],"inLanguage":"es-ES"},{"@type":"WebPage","@id":"https:\/\/www.uhu.es\/etsi\/primer-ciclo-talleres-la-asociacion-software-libre\/","url":"https:\/\/www.uhu.es\/etsi\/primer-ciclo-talleres-la-asociacion-software-libre\/","name":"Primer Ciclo de Talleres de la Asociaci\u00f3n de Software Libre - ETSI, UHU","isPartOf":{"@id":"https:\/\/www.uhu.es\/etsi\/#website"},"datePublished":"2017-11-15T10:00:10+00:00","dateModified":"2017-11-21T10:02:53+00:00","breadcrumb":{"@id":"https:\/\/www.uhu.es\/etsi\/primer-ciclo-talleres-la-asociacion-software-libre\/#breadcrumb"},"inLanguage":"es-ES","potentialAction":[{"@type":"ReadAction","target":["https:\/\/www.uhu.es\/etsi\/primer-ciclo-talleres-la-asociacion-software-libre\/"]}]},{"@type":"BreadcrumbList","@id":"https:\/\/www.uhu.es\/etsi\/primer-ciclo-talleres-la-asociacion-software-libre\/#breadcrumb","itemListElement":[{"@type":"ListItem","position":1,"name":"Portada","item":"https:\/\/www.uhu.es\/etsi\/"},{"@type":"ListItem","position":2,"name":"Primer Ciclo de Talleres de la Asociaci\u00f3n de Software Libre"}]},{"@type":"WebSite","@id":"https:\/\/www.uhu.es\/etsi\/#website","url":"https:\/\/www.uhu.es\/etsi\/","name":"ETSI, UHU","description":"Escuela T\u00e9cnica Superior de  Ingenier\u00eda de la Universidad de Huelva","publisher":{"@id":"https:\/\/www.uhu.es\/etsi\/#organization"},"potentialAction":[{"@type":"SearchAction","target":{"@type":"EntryPoint","urlTemplate":"https:\/\/www.uhu.es\/etsi\/?s={search_term_string}"},"query-input":"required name=search_term_string"}],"inLanguage":"es-ES"},{"@type":"Organization","@id":"https:\/\/www.uhu.es\/etsi\/#organization","name":"UHU ETSI","url":"https:\/\/www.uhu.es\/etsi\/","logo":{"@type":"ImageObject","inLanguage":"es-ES","@id":"https:\/\/www.uhu.es\/etsi\/#\/schema\/logo\/image\/","url":"http:\/\/www.uhu.es\/etsi\/wp-content\/uploads\/2016\/02\/membrete_ETSI.jpg","contentUrl":"http:\/\/www.uhu.es\/etsi\/wp-content\/uploads\/2016\/02\/membrete_ETSI.jpg","width":423,"height":81,"caption":"UHU ETSI"},"image":{"@id":"https:\/\/www.uhu.es\/etsi\/#\/schema\/logo\/image\/"}},{"@type":"Person","@id":"https:\/\/www.uhu.es\/etsi\/#\/schema\/person\/0be60ebb90d6eb6178b4e7931aab375b","name":"Webmaster ETSI UHU","image":{"@type":"ImageObject","inLanguage":"es-ES","@id":"https:\/\/www.uhu.es\/etsi\/#\/schema\/person\/image\/","url":"https:\/\/secure.gravatar.com\/avatar\/f9197cc9116f1efc0d73935d997efa0a?s=96&d=mm&r=g","contentUrl":"https:\/\/secure.gravatar.com\/avatar\/f9197cc9116f1efc0d73935d997efa0a?s=96&d=mm&r=g","caption":"Webmaster ETSI UHU"},"sameAs":["http:\/\/www.uhu.es\/etsi"],"url":"https:\/\/www.uhu.es\/etsi\/author\/webmaster\/"}]}},"_links":{"self":[{"href":"https:\/\/www.uhu.es\/etsi\/wp-json\/wp\/v2\/posts\/14961"}],"collection":[{"href":"https:\/\/www.uhu.es\/etsi\/wp-json\/wp\/v2\/posts"}],"about":[{"href":"https:\/\/www.uhu.es\/etsi\/wp-json\/wp\/v2\/types\/post"}],"author":[{"embeddable":true,"href":"https:\/\/www.uhu.es\/etsi\/wp-json\/wp\/v2\/users\/7"}],"replies":[{"embeddable":true,"href":"https:\/\/www.uhu.es\/etsi\/wp-json\/wp\/v2\/comments?post=14961"}],"version-history":[{"count":1,"href":"https:\/\/www.uhu.es\/etsi\/wp-json\/wp\/v2\/posts\/14961\/revisions"}],"predecessor-version":[{"id":14962,"href":"https:\/\/www.uhu.es\/etsi\/wp-json\/wp\/v2\/posts\/14961\/revisions\/14962"}],"wp:attachment":[{"href":"https:\/\/www.uhu.es\/etsi\/wp-json\/wp\/v2\/media?parent=14961"}],"wp:term":[{"taxonomy":"category","embeddable":true,"href":"https:\/\/www.uhu.es\/etsi\/wp-json\/wp\/v2\/categories?post=14961"},{"taxonomy":"post_tag","embeddable":true,"href":"https:\/\/www.uhu.es\/etsi\/wp-json\/wp\/v2\/tags?post=14961"}],"curies":[{"name":"wp","href":"https:\/\/api.w.org\/{rel}","templated":true}]}}