{"id":15042,"date":"2017-11-14T13:08:59","date_gmt":"2017-11-14T12:08:59","guid":{"rendered":"http:\/\/www.uhu.es\/etsi\/?p=15042"},"modified":"2017-11-22T10:27:28","modified_gmt":"2017-11-22T09:27:28","slug":"seminario-uso-eficiente-del-agua-la-energia","status":"publish","type":"post","link":"https:\/\/www.uhu.es\/etsi\/seminario-uso-eficiente-del-agua-la-energia\/","title":{"rendered":"Seminario: &#8220;Uso Eficiente del Agua y la Energ\u00eda&#8221;"},"content":{"rendered":"<p>El pr\u00f3ximo martes<strong> 21 de noviembre<\/strong> se impartir\u00e1 el seminario <strong>Uso Eficiente del Agua y la Energ\u00eda: Modelos de Dise\u00f1o y Gesti\u00f3n Conjunta de Sistema de Bombeo y Balsas en Equipos P\u00edvots\u00a0<\/strong>impartido por el Dr. Argenis Izquiel, profesor de Ingenier\u00eda del Riego de la Universidad Central de Venezuela en el aula <strong>B.2<\/strong> del Edificio <strong>Jos\u00e9 Isidoro Morales<\/strong> de <strong>10:00 a 11:00h<\/strong>.<\/p>\n","protected":false},"excerpt":{"rendered":"<p>El pr\u00f3ximo martes 21 de noviembre se impartir\u00e1 el seminario Uso Eficiente del Agua y la Energ\u00eda: Modelos de Dise\u00f1o &#8230; <\/p>\n<div><a href=\"https:\/\/www.uhu.es\/etsi\/seminario-uso-eficiente-del-agua-la-energia\/\" class=\"more-link\">Read More<\/a><\/div>\n","protected":false},"author":7,"featured_media":0,"comment_status":"closed","ping_status":"closed","sticky":false,"template":"","format":"standard","meta":[],"categories":[103],"tags":[],"yoast_head":"<!-- This site is optimized with the Yoast SEO plugin v20.2.1 - https:\/\/yoast.com\/wordpress\/plugins\/seo\/ -->\n<title>Seminario: &quot;Uso Eficiente del Agua y la Energ\u00eda&quot; - ETSI, UHU<\/title>\n<meta name=\"robots\" content=\"index, follow, max-snippet:-1, max-image-preview:large, max-video-preview:-1\" \/>\n<link rel=\"canonical\" href=\"https:\/\/www.uhu.es\/etsi\/seminario-uso-eficiente-del-agua-la-energia\/\" \/>\n<meta property=\"og:locale\" content=\"es_ES\" \/>\n<meta property=\"og:type\" content=\"article\" \/>\n<meta property=\"og:title\" content=\"Seminario: &quot;Uso Eficiente del Agua y la Energ\u00eda&quot; - ETSI, UHU\" \/>\n<meta property=\"og:description\" content=\"El pr\u00f3ximo martes 21 de noviembre se impartir\u00e1 el seminario Uso Eficiente del Agua y la Energ\u00eda: Modelos de Dise\u00f1o ... Read More\" \/>\n<meta property=\"og:url\" content=\"https:\/\/www.uhu.es\/etsi\/seminario-uso-eficiente-del-agua-la-energia\/\" \/>\n<meta property=\"og:site_name\" content=\"ETSI, UHU\" \/>\n<meta property=\"article:published_time\" content=\"2017-11-14T12:08:59+00:00\" \/>\n<meta property=\"article:modified_time\" content=\"2017-11-22T09:27:28+00:00\" \/>\n<meta name=\"author\" content=\"Webmaster ETSI UHU\" \/>\n<meta name=\"twitter:label1\" content=\"Written by\" \/>\n\t<meta name=\"twitter:data1\" content=\"Webmaster ETSI UHU\" \/>\n<script type=\"application\/ld+json\" class=\"yoast-schema-graph\">{\"@context\":\"https:\/\/schema.org\",\"@graph\":[{\"@type\":\"Article\",\"@id\":\"https:\/\/www.uhu.es\/etsi\/seminario-uso-eficiente-del-agua-la-energia\/#article\",\"isPartOf\":{\"@id\":\"https:\/\/www.uhu.es\/etsi\/seminario-uso-eficiente-del-agua-la-energia\/\"},\"author\":{\"name\":\"Webmaster ETSI UHU\",\"@id\":\"https:\/\/www.uhu.es\/etsi\/#\/schema\/person\/0be60ebb90d6eb6178b4e7931aab375b\"},\"headline\":\"Seminario: &#8220;Uso Eficiente del Agua y la Energ\u00eda&#8221;\",\"datePublished\":\"2017-11-14T12:08:59+00:00\",\"dateModified\":\"2017-11-22T09:27:28+00:00\",\"mainEntityOfPage\":{\"@id\":\"https:\/\/www.uhu.es\/etsi\/seminario-uso-eficiente-del-agua-la-energia\/\"},\"wordCount\":75,\"publisher\":{\"@id\":\"https:\/\/www.uhu.es\/etsi\/#organization\"},\"articleSection\":[\"Actividades\"],\"inLanguage\":\"es-ES\"},{\"@type\":\"WebPage\",\"@id\":\"https:\/\/www.uhu.es\/etsi\/seminario-uso-eficiente-del-agua-la-energia\/\",\"url\":\"https:\/\/www.uhu.es\/etsi\/seminario-uso-eficiente-del-agua-la-energia\/\",\"name\":\"Seminario: \\\"Uso Eficiente del Agua y la Energ\u00eda\\\" - ETSI, UHU\",\"isPartOf\":{\"@id\":\"https:\/\/www.uhu.es\/etsi\/#website\"},\"datePublished\":\"2017-11-14T12:08:59+00:00\",\"dateModified\":\"2017-11-22T09:27:28+00:00\",\"breadcrumb\":{\"@id\":\"https:\/\/www.uhu.es\/etsi\/seminario-uso-eficiente-del-agua-la-energia\/#breadcrumb\"},\"inLanguage\":\"es-ES\",\"potentialAction\":[{\"@type\":\"ReadAction\",\"target\":[\"https:\/\/www.uhu.es\/etsi\/seminario-uso-eficiente-del-agua-la-energia\/\"]}]},{\"@type\":\"BreadcrumbList\",\"@id\":\"https:\/\/www.uhu.es\/etsi\/seminario-uso-eficiente-del-agua-la-energia\/#breadcrumb\",\"itemListElement\":[{\"@type\":\"ListItem\",\"position\":1,\"name\":\"Portada\",\"item\":\"https:\/\/www.uhu.es\/etsi\/\"},{\"@type\":\"ListItem\",\"position\":2,\"name\":\"Seminario: &#8220;Uso Eficiente del Agua y la Energ\u00eda&#8221;\"}]},{\"@type\":\"WebSite\",\"@id\":\"https:\/\/www.uhu.es\/etsi\/#website\",\"url\":\"https:\/\/www.uhu.es\/etsi\/\",\"name\":\"ETSI, UHU\",\"description\":\"Escuela T\u00e9cnica Superior de  Ingenier\u00eda de la Universidad de Huelva\",\"publisher\":{\"@id\":\"https:\/\/www.uhu.es\/etsi\/#organization\"},\"potentialAction\":[{\"@type\":\"SearchAction\",\"target\":{\"@type\":\"EntryPoint\",\"urlTemplate\":\"https:\/\/www.uhu.es\/etsi\/?s={search_term_string}\"},\"query-input\":\"required name=search_term_string\"}],\"inLanguage\":\"es-ES\"},{\"@type\":\"Organization\",\"@id\":\"https:\/\/www.uhu.es\/etsi\/#organization\",\"name\":\"UHU ETSI\",\"url\":\"https:\/\/www.uhu.es\/etsi\/\",\"logo\":{\"@type\":\"ImageObject\",\"inLanguage\":\"es-ES\",\"@id\":\"https:\/\/www.uhu.es\/etsi\/#\/schema\/logo\/image\/\",\"url\":\"http:\/\/www.uhu.es\/etsi\/wp-content\/uploads\/2016\/02\/membrete_ETSI.jpg\",\"contentUrl\":\"http:\/\/www.uhu.es\/etsi\/wp-content\/uploads\/2016\/02\/membrete_ETSI.jpg\",\"width\":423,\"height\":81,\"caption\":\"UHU ETSI\"},\"image\":{\"@id\":\"https:\/\/www.uhu.es\/etsi\/#\/schema\/logo\/image\/\"}},{\"@type\":\"Person\",\"@id\":\"https:\/\/www.uhu.es\/etsi\/#\/schema\/person\/0be60ebb90d6eb6178b4e7931aab375b\",\"name\":\"Webmaster ETSI UHU\",\"image\":{\"@type\":\"ImageObject\",\"inLanguage\":\"es-ES\",\"@id\":\"https:\/\/www.uhu.es\/etsi\/#\/schema\/person\/image\/\",\"url\":\"https:\/\/secure.gravatar.com\/avatar\/f9197cc9116f1efc0d73935d997efa0a?s=96&d=mm&r=g\",\"contentUrl\":\"https:\/\/secure.gravatar.com\/avatar\/f9197cc9116f1efc0d73935d997efa0a?s=96&d=mm&r=g\",\"caption\":\"Webmaster ETSI UHU\"},\"sameAs\":[\"http:\/\/www.uhu.es\/etsi\"],\"url\":\"https:\/\/www.uhu.es\/etsi\/author\/webmaster\/\"}]}<\/script>\n<!-- \/ Yoast SEO plugin. -->","yoast_head_json":{"title":"Seminario: \"Uso Eficiente del Agua y la Energ\u00eda\" - ETSI, UHU","robots":{"index":"index","follow":"follow","max-snippet":"max-snippet:-1","max-image-preview":"max-image-preview:large","max-video-preview":"max-video-preview:-1"},"canonical":"https:\/\/www.uhu.es\/etsi\/seminario-uso-eficiente-del-agua-la-energia\/","og_locale":"es_ES","og_type":"article","og_title":"Seminario: \"Uso Eficiente del Agua y la Energ\u00eda\" - ETSI, UHU","og_description":"El pr\u00f3ximo martes 21 de noviembre se impartir\u00e1 el seminario Uso Eficiente del Agua y la Energ\u00eda: Modelos de Dise\u00f1o ... Read More","og_url":"https:\/\/www.uhu.es\/etsi\/seminario-uso-eficiente-del-agua-la-energia\/","og_site_name":"ETSI, UHU","article_published_time":"2017-11-14T12:08:59+00:00","article_modified_time":"2017-11-22T09:27:28+00:00","author":"Webmaster ETSI UHU","twitter_misc":{"Written by":"Webmaster ETSI UHU"},"schema":{"@context":"https:\/\/schema.org","@graph":[{"@type":"Article","@id":"https:\/\/www.uhu.es\/etsi\/seminario-uso-eficiente-del-agua-la-energia\/#article","isPartOf":{"@id":"https:\/\/www.uhu.es\/etsi\/seminario-uso-eficiente-del-agua-la-energia\/"},"author":{"name":"Webmaster ETSI UHU","@id":"https:\/\/www.uhu.es\/etsi\/#\/schema\/person\/0be60ebb90d6eb6178b4e7931aab375b"},"headline":"Seminario: &#8220;Uso Eficiente del Agua y la Energ\u00eda&#8221;","datePublished":"2017-11-14T12:08:59+00:00","dateModified":"2017-11-22T09:27:28+00:00","mainEntityOfPage":{"@id":"https:\/\/www.uhu.es\/etsi\/seminario-uso-eficiente-del-agua-la-energia\/"},"wordCount":75,"publisher":{"@id":"https:\/\/www.uhu.es\/etsi\/#organization"},"articleSection":["Actividades"],"inLanguage":"es-ES"},{"@type":"WebPage","@id":"https:\/\/www.uhu.es\/etsi\/seminario-uso-eficiente-del-agua-la-energia\/","url":"https:\/\/www.uhu.es\/etsi\/seminario-uso-eficiente-del-agua-la-energia\/","name":"Seminario: \"Uso Eficiente del Agua y la Energ\u00eda\" - ETSI, UHU","isPartOf":{"@id":"https:\/\/www.uhu.es\/etsi\/#website"},"datePublished":"2017-11-14T12:08:59+00:00","dateModified":"2017-11-22T09:27:28+00:00","breadcrumb":{"@id":"https:\/\/www.uhu.es\/etsi\/seminario-uso-eficiente-del-agua-la-energia\/#breadcrumb"},"inLanguage":"es-ES","potentialAction":[{"@type":"ReadAction","target":["https:\/\/www.uhu.es\/etsi\/seminario-uso-eficiente-del-agua-la-energia\/"]}]},{"@type":"BreadcrumbList","@id":"https:\/\/www.uhu.es\/etsi\/seminario-uso-eficiente-del-agua-la-energia\/#breadcrumb","itemListElement":[{"@type":"ListItem","position":1,"name":"Portada","item":"https:\/\/www.uhu.es\/etsi\/"},{"@type":"ListItem","position":2,"name":"Seminario: &#8220;Uso Eficiente del Agua y la Energ\u00eda&#8221;"}]},{"@type":"WebSite","@id":"https:\/\/www.uhu.es\/etsi\/#website","url":"https:\/\/www.uhu.es\/etsi\/","name":"ETSI, UHU","description":"Escuela T\u00e9cnica Superior de  Ingenier\u00eda de la Universidad de Huelva","publisher":{"@id":"https:\/\/www.uhu.es\/etsi\/#organization"},"potentialAction":[{"@type":"SearchAction","target":{"@type":"EntryPoint","urlTemplate":"https:\/\/www.uhu.es\/etsi\/?s={search_term_string}"},"query-input":"required name=search_term_string"}],"inLanguage":"es-ES"},{"@type":"Organization","@id":"https:\/\/www.uhu.es\/etsi\/#organization","name":"UHU ETSI","url":"https:\/\/www.uhu.es\/etsi\/","logo":{"@type":"ImageObject","inLanguage":"es-ES","@id":"https:\/\/www.uhu.es\/etsi\/#\/schema\/logo\/image\/","url":"http:\/\/www.uhu.es\/etsi\/wp-content\/uploads\/2016\/02\/membrete_ETSI.jpg","contentUrl":"http:\/\/www.uhu.es\/etsi\/wp-content\/uploads\/2016\/02\/membrete_ETSI.jpg","width":423,"height":81,"caption":"UHU ETSI"},"image":{"@id":"https:\/\/www.uhu.es\/etsi\/#\/schema\/logo\/image\/"}},{"@type":"Person","@id":"https:\/\/www.uhu.es\/etsi\/#\/schema\/person\/0be60ebb90d6eb6178b4e7931aab375b","name":"Webmaster ETSI UHU","image":{"@type":"ImageObject","inLanguage":"es-ES","@id":"https:\/\/www.uhu.es\/etsi\/#\/schema\/person\/image\/","url":"https:\/\/secure.gravatar.com\/avatar\/f9197cc9116f1efc0d73935d997efa0a?s=96&d=mm&r=g","contentUrl":"https:\/\/secure.gravatar.com\/avatar\/f9197cc9116f1efc0d73935d997efa0a?s=96&d=mm&r=g","caption":"Webmaster ETSI UHU"},"sameAs":["http:\/\/www.uhu.es\/etsi"],"url":"https:\/\/www.uhu.es\/etsi\/author\/webmaster\/"}]}},"_links":{"self":[{"href":"https:\/\/www.uhu.es\/etsi\/wp-json\/wp\/v2\/posts\/15042"}],"collection":[{"href":"https:\/\/www.uhu.es\/etsi\/wp-json\/wp\/v2\/posts"}],"about":[{"href":"https:\/\/www.uhu.es\/etsi\/wp-json\/wp\/v2\/types\/post"}],"author":[{"embeddable":true,"href":"https:\/\/www.uhu.es\/etsi\/wp-json\/wp\/v2\/users\/7"}],"replies":[{"embeddable":true,"href":"https:\/\/www.uhu.es\/etsi\/wp-json\/wp\/v2\/comments?post=15042"}],"version-history":[{"count":1,"href":"https:\/\/www.uhu.es\/etsi\/wp-json\/wp\/v2\/posts\/15042\/revisions"}],"predecessor-version":[{"id":15043,"href":"https:\/\/www.uhu.es\/etsi\/wp-json\/wp\/v2\/posts\/15042\/revisions\/15043"}],"wp:attachment":[{"href":"https:\/\/www.uhu.es\/etsi\/wp-json\/wp\/v2\/media?parent=15042"}],"wp:term":[{"taxonomy":"category","embeddable":true,"href":"https:\/\/www.uhu.es\/etsi\/wp-json\/wp\/v2\/categories?post=15042"},{"taxonomy":"post_tag","embeddable":true,"href":"https:\/\/www.uhu.es\/etsi\/wp-json\/wp\/v2\/tags?post=15042"}],"curies":[{"name":"wp","href":"https:\/\/api.w.org\/{rel}","templated":true}]}}