{"id":15186,"date":"2017-12-07T10:22:31","date_gmt":"2017-12-07T09:22:31","guid":{"rendered":"http:\/\/www.uhu.es\/etsi\/?p=15186"},"modified":"2017-12-07T10:22:31","modified_gmt":"2017-12-07T09:22:31","slug":"movilidad-internacional-practicas-alumnos-master-oficial","status":"publish","type":"post","link":"https:\/\/www.uhu.es\/etsi\/movilidad-internacional-practicas-alumnos-master-oficial\/","title":{"rendered":"Movilidad Internacional para Pr\u00e1cticas, para alumnos de M\u00e1ster Oficial"},"content":{"rendered":"<h2>Convocatoria DELTA de pr\u00e1cticas en empresas europeas para estudiantes de M\u00e1ster Oficial<u><\/u><u><\/u><\/h2>\n<p>La Fundaci\u00f3n de la Universidad de Almer\u00eda, con el apoyo de la Universidad de Almer\u00eda y la Universidad de Huelva, organiza una nueva iniciativa de pr\u00e1cticas en centros de acogida en el extranjero para estudiantes de M\u00e1ster oficial de las universidades de Almer\u00eda y Huelva, el proyecto DELTA II, en el marco del Programa Erasmus +. El objeto de la presente convocatoria ser\u00e1 la concesi\u00f3n de un m\u00e1ximo de\u00a0<strong><u>33 plazas<\/u><\/strong>\u00a0de una\u00a0<strong><u>duraci\u00f3n m\u00ednima de dos meses y m\u00e1xima de tres meses en pa\u00edses europeos<\/u><\/strong>. Las estancias podr\u00e1n comenzar desde la fecha de publicaci\u00f3n de la convocatoria y no podr\u00e1n finalizar m\u00e1s tarde del 30 de mayo de 2018.<u><\/u><u><\/u><\/p>\n<p>Plazo de presentaci\u00f3n de solicitudes: Hasta el\u00a0<strong>15 de febrero de 2018<\/strong>.<u><\/u><u><\/u><\/p>\n<p>M\u00e1s informaci\u00f3n:<u><\/u><u><\/u><\/p>\n<p><a href=\"http:\/\/www.fundacionmediterranea.ual.es\/empleo\/delta2\/CONVOCATORIA-DELTAII.pdf\" target=\"_blank\" rel=\"noopener\" data-saferedirecturl=\"https:\/\/www.google.com\/url?hl=es&amp;q=http:\/\/www.fundacionmediterranea.ual.es\/empleo\/delta2\/CONVOCATORIA-DELTAII.pdf&amp;source=gmail&amp;ust=1512724210243000&amp;usg=AFQjCNE_A0XMYreckeToAU_L-JIU5sHVNQ\">www.fundacionmediterranea.ual.<wbr \/>es\/empleo\/delta2\/CONVOCATORIA-<wbr \/>DELTAII.pdf<\/a>.<\/p>\n","protected":false},"excerpt":{"rendered":"<p>Convocatoria DELTA de pr\u00e1cticas en empresas europeas para estudiantes de M\u00e1ster Oficial La Fundaci\u00f3n de la Universidad de Almer\u00eda, con &#8230; <\/p>\n<div><a href=\"https:\/\/www.uhu.es\/etsi\/movilidad-internacional-practicas-alumnos-master-oficial\/\" class=\"more-link\">Read More<\/a><\/div>\n","protected":false},"author":7,"featured_media":0,"comment_status":"closed","ping_status":"closed","sticky":false,"template":"","format":"standard","meta":[],"categories":[103],"tags":[],"yoast_head":"<!-- This site is optimized with the Yoast SEO plugin v20.2.1 - https:\/\/yoast.com\/wordpress\/plugins\/seo\/ -->\n<title>Movilidad Internacional para Pr\u00e1cticas, para alumnos de M\u00e1ster Oficial - ETSI, UHU<\/title>\n<meta name=\"robots\" content=\"index, follow, max-snippet:-1, max-image-preview:large, max-video-preview:-1\" \/>\n<link rel=\"canonical\" href=\"https:\/\/www.uhu.es\/etsi\/movilidad-internacional-practicas-alumnos-master-oficial\/\" \/>\n<meta property=\"og:locale\" content=\"es_ES\" \/>\n<meta property=\"og:type\" content=\"article\" \/>\n<meta property=\"og:title\" content=\"Movilidad Internacional para Pr\u00e1cticas, para alumnos de M\u00e1ster Oficial - ETSI, UHU\" \/>\n<meta property=\"og:description\" content=\"Convocatoria DELTA de pr\u00e1cticas en empresas europeas para estudiantes de M\u00e1ster Oficial La Fundaci\u00f3n de la Universidad de Almer\u00eda, con ... Read More\" \/>\n<meta property=\"og:url\" content=\"https:\/\/www.uhu.es\/etsi\/movilidad-internacional-practicas-alumnos-master-oficial\/\" \/>\n<meta property=\"og:site_name\" content=\"ETSI, UHU\" \/>\n<meta property=\"article:published_time\" content=\"2017-12-07T09:22:31+00:00\" \/>\n<meta name=\"author\" content=\"Webmaster ETSI UHU\" \/>\n<meta name=\"twitter:label1\" content=\"Written by\" \/>\n\t<meta name=\"twitter:data1\" content=\"Webmaster ETSI UHU\" \/>\n\t<meta name=\"twitter:label2\" content=\"Est. reading time\" \/>\n\t<meta name=\"twitter:data2\" content=\"1 minute\" \/>\n<script type=\"application\/ld+json\" class=\"yoast-schema-graph\">{\"@context\":\"https:\/\/schema.org\",\"@graph\":[{\"@type\":\"Article\",\"@id\":\"https:\/\/www.uhu.es\/etsi\/movilidad-internacional-practicas-alumnos-master-oficial\/#article\",\"isPartOf\":{\"@id\":\"https:\/\/www.uhu.es\/etsi\/movilidad-internacional-practicas-alumnos-master-oficial\/\"},\"author\":{\"name\":\"Webmaster ETSI UHU\",\"@id\":\"https:\/\/www.uhu.es\/etsi\/#\/schema\/person\/0be60ebb90d6eb6178b4e7931aab375b\"},\"headline\":\"Movilidad Internacional para Pr\u00e1cticas, para alumnos de M\u00e1ster Oficial\",\"datePublished\":\"2017-12-07T09:22:31+00:00\",\"dateModified\":\"2017-12-07T09:22:31+00:00\",\"mainEntityOfPage\":{\"@id\":\"https:\/\/www.uhu.es\/etsi\/movilidad-internacional-practicas-alumnos-master-oficial\/\"},\"wordCount\":170,\"publisher\":{\"@id\":\"https:\/\/www.uhu.es\/etsi\/#organization\"},\"articleSection\":[\"Actividades\"],\"inLanguage\":\"es-ES\"},{\"@type\":\"WebPage\",\"@id\":\"https:\/\/www.uhu.es\/etsi\/movilidad-internacional-practicas-alumnos-master-oficial\/\",\"url\":\"https:\/\/www.uhu.es\/etsi\/movilidad-internacional-practicas-alumnos-master-oficial\/\",\"name\":\"Movilidad Internacional para Pr\u00e1cticas, para alumnos de M\u00e1ster Oficial - ETSI, UHU\",\"isPartOf\":{\"@id\":\"https:\/\/www.uhu.es\/etsi\/#website\"},\"datePublished\":\"2017-12-07T09:22:31+00:00\",\"dateModified\":\"2017-12-07T09:22:31+00:00\",\"breadcrumb\":{\"@id\":\"https:\/\/www.uhu.es\/etsi\/movilidad-internacional-practicas-alumnos-master-oficial\/#breadcrumb\"},\"inLanguage\":\"es-ES\",\"potentialAction\":[{\"@type\":\"ReadAction\",\"target\":[\"https:\/\/www.uhu.es\/etsi\/movilidad-internacional-practicas-alumnos-master-oficial\/\"]}]},{\"@type\":\"BreadcrumbList\",\"@id\":\"https:\/\/www.uhu.es\/etsi\/movilidad-internacional-practicas-alumnos-master-oficial\/#breadcrumb\",\"itemListElement\":[{\"@type\":\"ListItem\",\"position\":1,\"name\":\"Portada\",\"item\":\"https:\/\/www.uhu.es\/etsi\/\"},{\"@type\":\"ListItem\",\"position\":2,\"name\":\"Movilidad Internacional para Pr\u00e1cticas, para alumnos de M\u00e1ster Oficial\"}]},{\"@type\":\"WebSite\",\"@id\":\"https:\/\/www.uhu.es\/etsi\/#website\",\"url\":\"https:\/\/www.uhu.es\/etsi\/\",\"name\":\"ETSI, UHU\",\"description\":\"Escuela T\u00e9cnica Superior de  Ingenier\u00eda de la Universidad de Huelva\",\"publisher\":{\"@id\":\"https:\/\/www.uhu.es\/etsi\/#organization\"},\"potentialAction\":[{\"@type\":\"SearchAction\",\"target\":{\"@type\":\"EntryPoint\",\"urlTemplate\":\"https:\/\/www.uhu.es\/etsi\/?s={search_term_string}\"},\"query-input\":\"required name=search_term_string\"}],\"inLanguage\":\"es-ES\"},{\"@type\":\"Organization\",\"@id\":\"https:\/\/www.uhu.es\/etsi\/#organization\",\"name\":\"UHU ETSI\",\"url\":\"https:\/\/www.uhu.es\/etsi\/\",\"logo\":{\"@type\":\"ImageObject\",\"inLanguage\":\"es-ES\",\"@id\":\"https:\/\/www.uhu.es\/etsi\/#\/schema\/logo\/image\/\",\"url\":\"http:\/\/www.uhu.es\/etsi\/wp-content\/uploads\/2016\/02\/membrete_ETSI.jpg\",\"contentUrl\":\"http:\/\/www.uhu.es\/etsi\/wp-content\/uploads\/2016\/02\/membrete_ETSI.jpg\",\"width\":423,\"height\":81,\"caption\":\"UHU ETSI\"},\"image\":{\"@id\":\"https:\/\/www.uhu.es\/etsi\/#\/schema\/logo\/image\/\"}},{\"@type\":\"Person\",\"@id\":\"https:\/\/www.uhu.es\/etsi\/#\/schema\/person\/0be60ebb90d6eb6178b4e7931aab375b\",\"name\":\"Webmaster ETSI UHU\",\"image\":{\"@type\":\"ImageObject\",\"inLanguage\":\"es-ES\",\"@id\":\"https:\/\/www.uhu.es\/etsi\/#\/schema\/person\/image\/\",\"url\":\"https:\/\/secure.gravatar.com\/avatar\/f9197cc9116f1efc0d73935d997efa0a?s=96&d=mm&r=g\",\"contentUrl\":\"https:\/\/secure.gravatar.com\/avatar\/f9197cc9116f1efc0d73935d997efa0a?s=96&d=mm&r=g\",\"caption\":\"Webmaster ETSI UHU\"},\"sameAs\":[\"http:\/\/www.uhu.es\/etsi\"],\"url\":\"https:\/\/www.uhu.es\/etsi\/author\/webmaster\/\"}]}<\/script>\n<!-- \/ Yoast SEO plugin. -->","yoast_head_json":{"title":"Movilidad Internacional para Pr\u00e1cticas, para alumnos de M\u00e1ster Oficial - ETSI, UHU","robots":{"index":"index","follow":"follow","max-snippet":"max-snippet:-1","max-image-preview":"max-image-preview:large","max-video-preview":"max-video-preview:-1"},"canonical":"https:\/\/www.uhu.es\/etsi\/movilidad-internacional-practicas-alumnos-master-oficial\/","og_locale":"es_ES","og_type":"article","og_title":"Movilidad Internacional para Pr\u00e1cticas, para alumnos de M\u00e1ster Oficial - ETSI, UHU","og_description":"Convocatoria DELTA de pr\u00e1cticas en empresas europeas para estudiantes de M\u00e1ster Oficial La Fundaci\u00f3n de la Universidad de Almer\u00eda, con ... Read More","og_url":"https:\/\/www.uhu.es\/etsi\/movilidad-internacional-practicas-alumnos-master-oficial\/","og_site_name":"ETSI, UHU","article_published_time":"2017-12-07T09:22:31+00:00","author":"Webmaster ETSI UHU","twitter_misc":{"Written by":"Webmaster ETSI UHU","Est. reading time":"1 minute"},"schema":{"@context":"https:\/\/schema.org","@graph":[{"@type":"Article","@id":"https:\/\/www.uhu.es\/etsi\/movilidad-internacional-practicas-alumnos-master-oficial\/#article","isPartOf":{"@id":"https:\/\/www.uhu.es\/etsi\/movilidad-internacional-practicas-alumnos-master-oficial\/"},"author":{"name":"Webmaster ETSI UHU","@id":"https:\/\/www.uhu.es\/etsi\/#\/schema\/person\/0be60ebb90d6eb6178b4e7931aab375b"},"headline":"Movilidad Internacional para Pr\u00e1cticas, para alumnos de M\u00e1ster Oficial","datePublished":"2017-12-07T09:22:31+00:00","dateModified":"2017-12-07T09:22:31+00:00","mainEntityOfPage":{"@id":"https:\/\/www.uhu.es\/etsi\/movilidad-internacional-practicas-alumnos-master-oficial\/"},"wordCount":170,"publisher":{"@id":"https:\/\/www.uhu.es\/etsi\/#organization"},"articleSection":["Actividades"],"inLanguage":"es-ES"},{"@type":"WebPage","@id":"https:\/\/www.uhu.es\/etsi\/movilidad-internacional-practicas-alumnos-master-oficial\/","url":"https:\/\/www.uhu.es\/etsi\/movilidad-internacional-practicas-alumnos-master-oficial\/","name":"Movilidad Internacional para Pr\u00e1cticas, para alumnos de M\u00e1ster Oficial - ETSI, UHU","isPartOf":{"@id":"https:\/\/www.uhu.es\/etsi\/#website"},"datePublished":"2017-12-07T09:22:31+00:00","dateModified":"2017-12-07T09:22:31+00:00","breadcrumb":{"@id":"https:\/\/www.uhu.es\/etsi\/movilidad-internacional-practicas-alumnos-master-oficial\/#breadcrumb"},"inLanguage":"es-ES","potentialAction":[{"@type":"ReadAction","target":["https:\/\/www.uhu.es\/etsi\/movilidad-internacional-practicas-alumnos-master-oficial\/"]}]},{"@type":"BreadcrumbList","@id":"https:\/\/www.uhu.es\/etsi\/movilidad-internacional-practicas-alumnos-master-oficial\/#breadcrumb","itemListElement":[{"@type":"ListItem","position":1,"name":"Portada","item":"https:\/\/www.uhu.es\/etsi\/"},{"@type":"ListItem","position":2,"name":"Movilidad Internacional para Pr\u00e1cticas, para alumnos de M\u00e1ster Oficial"}]},{"@type":"WebSite","@id":"https:\/\/www.uhu.es\/etsi\/#website","url":"https:\/\/www.uhu.es\/etsi\/","name":"ETSI, UHU","description":"Escuela T\u00e9cnica Superior de  Ingenier\u00eda de la Universidad de Huelva","publisher":{"@id":"https:\/\/www.uhu.es\/etsi\/#organization"},"potentialAction":[{"@type":"SearchAction","target":{"@type":"EntryPoint","urlTemplate":"https:\/\/www.uhu.es\/etsi\/?s={search_term_string}"},"query-input":"required name=search_term_string"}],"inLanguage":"es-ES"},{"@type":"Organization","@id":"https:\/\/www.uhu.es\/etsi\/#organization","name":"UHU ETSI","url":"https:\/\/www.uhu.es\/etsi\/","logo":{"@type":"ImageObject","inLanguage":"es-ES","@id":"https:\/\/www.uhu.es\/etsi\/#\/schema\/logo\/image\/","url":"http:\/\/www.uhu.es\/etsi\/wp-content\/uploads\/2016\/02\/membrete_ETSI.jpg","contentUrl":"http:\/\/www.uhu.es\/etsi\/wp-content\/uploads\/2016\/02\/membrete_ETSI.jpg","width":423,"height":81,"caption":"UHU ETSI"},"image":{"@id":"https:\/\/www.uhu.es\/etsi\/#\/schema\/logo\/image\/"}},{"@type":"Person","@id":"https:\/\/www.uhu.es\/etsi\/#\/schema\/person\/0be60ebb90d6eb6178b4e7931aab375b","name":"Webmaster ETSI UHU","image":{"@type":"ImageObject","inLanguage":"es-ES","@id":"https:\/\/www.uhu.es\/etsi\/#\/schema\/person\/image\/","url":"https:\/\/secure.gravatar.com\/avatar\/f9197cc9116f1efc0d73935d997efa0a?s=96&d=mm&r=g","contentUrl":"https:\/\/secure.gravatar.com\/avatar\/f9197cc9116f1efc0d73935d997efa0a?s=96&d=mm&r=g","caption":"Webmaster ETSI UHU"},"sameAs":["http:\/\/www.uhu.es\/etsi"],"url":"https:\/\/www.uhu.es\/etsi\/author\/webmaster\/"}]}},"_links":{"self":[{"href":"https:\/\/www.uhu.es\/etsi\/wp-json\/wp\/v2\/posts\/15186"}],"collection":[{"href":"https:\/\/www.uhu.es\/etsi\/wp-json\/wp\/v2\/posts"}],"about":[{"href":"https:\/\/www.uhu.es\/etsi\/wp-json\/wp\/v2\/types\/post"}],"author":[{"embeddable":true,"href":"https:\/\/www.uhu.es\/etsi\/wp-json\/wp\/v2\/users\/7"}],"replies":[{"embeddable":true,"href":"https:\/\/www.uhu.es\/etsi\/wp-json\/wp\/v2\/comments?post=15186"}],"version-history":[{"count":1,"href":"https:\/\/www.uhu.es\/etsi\/wp-json\/wp\/v2\/posts\/15186\/revisions"}],"predecessor-version":[{"id":15188,"href":"https:\/\/www.uhu.es\/etsi\/wp-json\/wp\/v2\/posts\/15186\/revisions\/15188"}],"wp:attachment":[{"href":"https:\/\/www.uhu.es\/etsi\/wp-json\/wp\/v2\/media?parent=15186"}],"wp:term":[{"taxonomy":"category","embeddable":true,"href":"https:\/\/www.uhu.es\/etsi\/wp-json\/wp\/v2\/categories?post=15186"},{"taxonomy":"post_tag","embeddable":true,"href":"https:\/\/www.uhu.es\/etsi\/wp-json\/wp\/v2\/tags?post=15186"}],"curies":[{"name":"wp","href":"https:\/\/api.w.org\/{rel}","templated":true}]}}