{"id":16045,"date":"2018-05-25T10:23:16","date_gmt":"2018-05-25T09:23:16","guid":{"rendered":"http:\/\/www.uhu.es\/etsi\/?p=16045"},"modified":"2018-05-25T10:23:16","modified_gmt":"2018-05-25T09:23:16","slug":"jornada-valorizacion-de-subproductos-agroalimentarios","status":"publish","type":"post","link":"https:\/\/www.uhu.es\/etsi\/jornada-valorizacion-de-subproductos-agroalimentarios\/","title":{"rendered":"Jornada: Valorizaci\u00f3n de subproductos agroalimentarios"},"content":{"rendered":"<p>La Jornadas de Valorizaci\u00f3n de subproductos agroalimentarios, actividad inclu\u00edda dentro de la &#8220;III convocatoria de Ayudas para actividades Docentes&#8221;, estar\u00e1 compuesta de la siguientes ponencias:<\/p>\n<ul>\n<li><strong>Digesti\u00f3n de anaerobia de subproductos agroalimentarios. Oportunidades para su valorizaci\u00f3n.<\/strong>\n<ul>\n<li>Impartida por D. Fernando Gonz\u00e1lez Fermoso (Instituto de la Grasa, CSIC).<\/li>\n<\/ul>\n<\/li>\n<li><b>Extracci\u00f3n de compuestos de valor a\u00f1adido a partir de subproductos agroalimentarios.\u00a0<strong>Oportunidades para su valorizaci\u00f3n.<\/strong><\/b>\n<ul>\n<li>Impartida por D. Guillermo Rodr\u00edguez Guti\u00e9rrez\u00a0(Instituto de la Grasa, CSIC).<\/li>\n<\/ul>\n<\/li>\n<\/ul>\n<p><strong>Fecha<\/strong>: 15 de Junio<\/p>\n<p><strong>Hora<\/strong>: 11:30 horas<\/p>\n<p><strong>Lugar<\/strong>: Seminario Departamento de Qu\u00edmica (4\u00aa Planta) &#8211; Edificio de Ciencias Experimentales (Campus del Carmen).<\/p>\n<p>&nbsp;<\/p>\n<p><a href=\"https:\/\/www.uhu.es\/etsi\/wp-content\/uploads\/2018\/05\/seminario_scic.png\"><img decoding=\"async\" loading=\"lazy\" class=\"wp-image-16043 aligncenter\" src=\"https:\/\/www.uhu.es\/etsi\/wp-content\/uploads\/2018\/05\/seminario_scic.png\" alt=\"\" width=\"653\" height=\"397\" srcset=\"https:\/\/www.uhu.es\/etsi\/wp-content\/uploads\/2018\/05\/seminario_scic.png 960w, https:\/\/www.uhu.es\/etsi\/wp-content\/uploads\/2018\/05\/seminario_scic-300x183.png 300w, https:\/\/www.uhu.es\/etsi\/wp-content\/uploads\/2018\/05\/seminario_scic-768x467.png 768w, https:\/\/www.uhu.es\/etsi\/wp-content\/uploads\/2018\/05\/seminario_scic-100x61.png 100w, https:\/\/www.uhu.es\/etsi\/wp-content\/uploads\/2018\/05\/seminario_scic-862x524.png 862w, https:\/\/www.uhu.es\/etsi\/wp-content\/uploads\/2018\/05\/seminario_scic-846x515.png 846w\" sizes=\"(max-width: 653px) 100vw, 653px\" \/><\/a><\/p>\n<p>&nbsp;<\/p>\n<p>&nbsp;<\/p>\n<p>&nbsp;<\/p>\n","protected":false},"excerpt":{"rendered":"<p>La Jornadas de Valorizaci\u00f3n de subproductos agroalimentarios, actividad inclu\u00edda dentro de la &#8220;III convocatoria de Ayudas para actividades Docentes&#8221;, estar\u00e1 &#8230; <\/p>\n<div><a href=\"https:\/\/www.uhu.es\/etsi\/jornada-valorizacion-de-subproductos-agroalimentarios\/\" class=\"more-link\">Read More<\/a><\/div>\n","protected":false},"author":7,"featured_media":0,"comment_status":"closed","ping_status":"closed","sticky":false,"template":"","format":"standard","meta":[],"categories":[103],"tags":[],"yoast_head":"<!-- This site is optimized with the Yoast SEO plugin v20.2.1 - https:\/\/yoast.com\/wordpress\/plugins\/seo\/ -->\n<title>Jornada: Valorizaci\u00f3n de subproductos agroalimentarios - ETSI, UHU<\/title>\n<meta name=\"robots\" content=\"index, follow, max-snippet:-1, max-image-preview:large, max-video-preview:-1\" \/>\n<link rel=\"canonical\" href=\"https:\/\/www.uhu.es\/etsi\/jornada-valorizacion-de-subproductos-agroalimentarios\/\" \/>\n<meta property=\"og:locale\" content=\"es_ES\" \/>\n<meta property=\"og:type\" content=\"article\" \/>\n<meta property=\"og:title\" content=\"Jornada: Valorizaci\u00f3n de subproductos agroalimentarios - ETSI, UHU\" \/>\n<meta property=\"og:description\" content=\"La Jornadas de Valorizaci\u00f3n de subproductos agroalimentarios, actividad inclu\u00edda dentro de la &#8220;III convocatoria de Ayudas para actividades Docentes&#8221;, estar\u00e1 ... Read More\" \/>\n<meta property=\"og:url\" content=\"https:\/\/www.uhu.es\/etsi\/jornada-valorizacion-de-subproductos-agroalimentarios\/\" \/>\n<meta property=\"og:site_name\" content=\"ETSI, UHU\" \/>\n<meta property=\"article:published_time\" content=\"2018-05-25T09:23:16+00:00\" \/>\n<meta property=\"og:image\" content=\"http:\/\/www.uhu.es\/etsi\/wp-content\/uploads\/2018\/05\/seminario_scic.png\" \/>\n<meta name=\"author\" content=\"Webmaster ETSI UHU\" \/>\n<meta name=\"twitter:label1\" content=\"Written by\" \/>\n\t<meta name=\"twitter:data1\" content=\"Webmaster ETSI UHU\" \/>\n\t<meta name=\"twitter:label2\" content=\"Est. reading time\" \/>\n\t<meta name=\"twitter:data2\" content=\"1 minute\" \/>\n<script type=\"application\/ld+json\" class=\"yoast-schema-graph\">{\"@context\":\"https:\/\/schema.org\",\"@graph\":[{\"@type\":\"Article\",\"@id\":\"https:\/\/www.uhu.es\/etsi\/jornada-valorizacion-de-subproductos-agroalimentarios\/#article\",\"isPartOf\":{\"@id\":\"https:\/\/www.uhu.es\/etsi\/jornada-valorizacion-de-subproductos-agroalimentarios\/\"},\"author\":{\"name\":\"Webmaster ETSI UHU\",\"@id\":\"https:\/\/www.uhu.es\/etsi\/#\/schema\/person\/0be60ebb90d6eb6178b4e7931aab375b\"},\"headline\":\"Jornada: Valorizaci\u00f3n de subproductos agroalimentarios\",\"datePublished\":\"2018-05-25T09:23:16+00:00\",\"dateModified\":\"2018-05-25T09:23:16+00:00\",\"mainEntityOfPage\":{\"@id\":\"https:\/\/www.uhu.es\/etsi\/jornada-valorizacion-de-subproductos-agroalimentarios\/\"},\"wordCount\":112,\"publisher\":{\"@id\":\"https:\/\/www.uhu.es\/etsi\/#organization\"},\"articleSection\":[\"Actividades\"],\"inLanguage\":\"es-ES\"},{\"@type\":\"WebPage\",\"@id\":\"https:\/\/www.uhu.es\/etsi\/jornada-valorizacion-de-subproductos-agroalimentarios\/\",\"url\":\"https:\/\/www.uhu.es\/etsi\/jornada-valorizacion-de-subproductos-agroalimentarios\/\",\"name\":\"Jornada: Valorizaci\u00f3n de subproductos agroalimentarios - ETSI, UHU\",\"isPartOf\":{\"@id\":\"https:\/\/www.uhu.es\/etsi\/#website\"},\"datePublished\":\"2018-05-25T09:23:16+00:00\",\"dateModified\":\"2018-05-25T09:23:16+00:00\",\"breadcrumb\":{\"@id\":\"https:\/\/www.uhu.es\/etsi\/jornada-valorizacion-de-subproductos-agroalimentarios\/#breadcrumb\"},\"inLanguage\":\"es-ES\",\"potentialAction\":[{\"@type\":\"ReadAction\",\"target\":[\"https:\/\/www.uhu.es\/etsi\/jornada-valorizacion-de-subproductos-agroalimentarios\/\"]}]},{\"@type\":\"BreadcrumbList\",\"@id\":\"https:\/\/www.uhu.es\/etsi\/jornada-valorizacion-de-subproductos-agroalimentarios\/#breadcrumb\",\"itemListElement\":[{\"@type\":\"ListItem\",\"position\":1,\"name\":\"Portada\",\"item\":\"https:\/\/www.uhu.es\/etsi\/\"},{\"@type\":\"ListItem\",\"position\":2,\"name\":\"Jornada: Valorizaci\u00f3n de subproductos agroalimentarios\"}]},{\"@type\":\"WebSite\",\"@id\":\"https:\/\/www.uhu.es\/etsi\/#website\",\"url\":\"https:\/\/www.uhu.es\/etsi\/\",\"name\":\"ETSI, UHU\",\"description\":\"Escuela T\u00e9cnica Superior de  Ingenier\u00eda de la Universidad de Huelva\",\"publisher\":{\"@id\":\"https:\/\/www.uhu.es\/etsi\/#organization\"},\"potentialAction\":[{\"@type\":\"SearchAction\",\"target\":{\"@type\":\"EntryPoint\",\"urlTemplate\":\"https:\/\/www.uhu.es\/etsi\/?s={search_term_string}\"},\"query-input\":\"required name=search_term_string\"}],\"inLanguage\":\"es-ES\"},{\"@type\":\"Organization\",\"@id\":\"https:\/\/www.uhu.es\/etsi\/#organization\",\"name\":\"UHU ETSI\",\"url\":\"https:\/\/www.uhu.es\/etsi\/\",\"logo\":{\"@type\":\"ImageObject\",\"inLanguage\":\"es-ES\",\"@id\":\"https:\/\/www.uhu.es\/etsi\/#\/schema\/logo\/image\/\",\"url\":\"http:\/\/www.uhu.es\/etsi\/wp-content\/uploads\/2016\/02\/membrete_ETSI.jpg\",\"contentUrl\":\"http:\/\/www.uhu.es\/etsi\/wp-content\/uploads\/2016\/02\/membrete_ETSI.jpg\",\"width\":423,\"height\":81,\"caption\":\"UHU ETSI\"},\"image\":{\"@id\":\"https:\/\/www.uhu.es\/etsi\/#\/schema\/logo\/image\/\"}},{\"@type\":\"Person\",\"@id\":\"https:\/\/www.uhu.es\/etsi\/#\/schema\/person\/0be60ebb90d6eb6178b4e7931aab375b\",\"name\":\"Webmaster ETSI UHU\",\"image\":{\"@type\":\"ImageObject\",\"inLanguage\":\"es-ES\",\"@id\":\"https:\/\/www.uhu.es\/etsi\/#\/schema\/person\/image\/\",\"url\":\"https:\/\/secure.gravatar.com\/avatar\/f9197cc9116f1efc0d73935d997efa0a?s=96&d=mm&r=g\",\"contentUrl\":\"https:\/\/secure.gravatar.com\/avatar\/f9197cc9116f1efc0d73935d997efa0a?s=96&d=mm&r=g\",\"caption\":\"Webmaster ETSI UHU\"},\"sameAs\":[\"http:\/\/www.uhu.es\/etsi\"],\"url\":\"https:\/\/www.uhu.es\/etsi\/author\/webmaster\/\"}]}<\/script>\n<!-- \/ Yoast SEO plugin. -->","yoast_head_json":{"title":"Jornada: Valorizaci\u00f3n de subproductos agroalimentarios - ETSI, UHU","robots":{"index":"index","follow":"follow","max-snippet":"max-snippet:-1","max-image-preview":"max-image-preview:large","max-video-preview":"max-video-preview:-1"},"canonical":"https:\/\/www.uhu.es\/etsi\/jornada-valorizacion-de-subproductos-agroalimentarios\/","og_locale":"es_ES","og_type":"article","og_title":"Jornada: Valorizaci\u00f3n de subproductos agroalimentarios - ETSI, UHU","og_description":"La Jornadas de Valorizaci\u00f3n de subproductos agroalimentarios, actividad inclu\u00edda dentro de la &#8220;III convocatoria de Ayudas para actividades Docentes&#8221;, estar\u00e1 ... Read More","og_url":"https:\/\/www.uhu.es\/etsi\/jornada-valorizacion-de-subproductos-agroalimentarios\/","og_site_name":"ETSI, UHU","article_published_time":"2018-05-25T09:23:16+00:00","og_image":[{"url":"http:\/\/www.uhu.es\/etsi\/wp-content\/uploads\/2018\/05\/seminario_scic.png"}],"author":"Webmaster ETSI UHU","twitter_misc":{"Written by":"Webmaster ETSI UHU","Est. reading time":"1 minute"},"schema":{"@context":"https:\/\/schema.org","@graph":[{"@type":"Article","@id":"https:\/\/www.uhu.es\/etsi\/jornada-valorizacion-de-subproductos-agroalimentarios\/#article","isPartOf":{"@id":"https:\/\/www.uhu.es\/etsi\/jornada-valorizacion-de-subproductos-agroalimentarios\/"},"author":{"name":"Webmaster ETSI UHU","@id":"https:\/\/www.uhu.es\/etsi\/#\/schema\/person\/0be60ebb90d6eb6178b4e7931aab375b"},"headline":"Jornada: Valorizaci\u00f3n de subproductos agroalimentarios","datePublished":"2018-05-25T09:23:16+00:00","dateModified":"2018-05-25T09:23:16+00:00","mainEntityOfPage":{"@id":"https:\/\/www.uhu.es\/etsi\/jornada-valorizacion-de-subproductos-agroalimentarios\/"},"wordCount":112,"publisher":{"@id":"https:\/\/www.uhu.es\/etsi\/#organization"},"articleSection":["Actividades"],"inLanguage":"es-ES"},{"@type":"WebPage","@id":"https:\/\/www.uhu.es\/etsi\/jornada-valorizacion-de-subproductos-agroalimentarios\/","url":"https:\/\/www.uhu.es\/etsi\/jornada-valorizacion-de-subproductos-agroalimentarios\/","name":"Jornada: Valorizaci\u00f3n de subproductos agroalimentarios - ETSI, UHU","isPartOf":{"@id":"https:\/\/www.uhu.es\/etsi\/#website"},"datePublished":"2018-05-25T09:23:16+00:00","dateModified":"2018-05-25T09:23:16+00:00","breadcrumb":{"@id":"https:\/\/www.uhu.es\/etsi\/jornada-valorizacion-de-subproductos-agroalimentarios\/#breadcrumb"},"inLanguage":"es-ES","potentialAction":[{"@type":"ReadAction","target":["https:\/\/www.uhu.es\/etsi\/jornada-valorizacion-de-subproductos-agroalimentarios\/"]}]},{"@type":"BreadcrumbList","@id":"https:\/\/www.uhu.es\/etsi\/jornada-valorizacion-de-subproductos-agroalimentarios\/#breadcrumb","itemListElement":[{"@type":"ListItem","position":1,"name":"Portada","item":"https:\/\/www.uhu.es\/etsi\/"},{"@type":"ListItem","position":2,"name":"Jornada: Valorizaci\u00f3n de subproductos agroalimentarios"}]},{"@type":"WebSite","@id":"https:\/\/www.uhu.es\/etsi\/#website","url":"https:\/\/www.uhu.es\/etsi\/","name":"ETSI, UHU","description":"Escuela T\u00e9cnica Superior de  Ingenier\u00eda de la Universidad de Huelva","publisher":{"@id":"https:\/\/www.uhu.es\/etsi\/#organization"},"potentialAction":[{"@type":"SearchAction","target":{"@type":"EntryPoint","urlTemplate":"https:\/\/www.uhu.es\/etsi\/?s={search_term_string}"},"query-input":"required name=search_term_string"}],"inLanguage":"es-ES"},{"@type":"Organization","@id":"https:\/\/www.uhu.es\/etsi\/#organization","name":"UHU ETSI","url":"https:\/\/www.uhu.es\/etsi\/","logo":{"@type":"ImageObject","inLanguage":"es-ES","@id":"https:\/\/www.uhu.es\/etsi\/#\/schema\/logo\/image\/","url":"http:\/\/www.uhu.es\/etsi\/wp-content\/uploads\/2016\/02\/membrete_ETSI.jpg","contentUrl":"http:\/\/www.uhu.es\/etsi\/wp-content\/uploads\/2016\/02\/membrete_ETSI.jpg","width":423,"height":81,"caption":"UHU ETSI"},"image":{"@id":"https:\/\/www.uhu.es\/etsi\/#\/schema\/logo\/image\/"}},{"@type":"Person","@id":"https:\/\/www.uhu.es\/etsi\/#\/schema\/person\/0be60ebb90d6eb6178b4e7931aab375b","name":"Webmaster ETSI UHU","image":{"@type":"ImageObject","inLanguage":"es-ES","@id":"https:\/\/www.uhu.es\/etsi\/#\/schema\/person\/image\/","url":"https:\/\/secure.gravatar.com\/avatar\/f9197cc9116f1efc0d73935d997efa0a?s=96&d=mm&r=g","contentUrl":"https:\/\/secure.gravatar.com\/avatar\/f9197cc9116f1efc0d73935d997efa0a?s=96&d=mm&r=g","caption":"Webmaster ETSI UHU"},"sameAs":["http:\/\/www.uhu.es\/etsi"],"url":"https:\/\/www.uhu.es\/etsi\/author\/webmaster\/"}]}},"_links":{"self":[{"href":"https:\/\/www.uhu.es\/etsi\/wp-json\/wp\/v2\/posts\/16045"}],"collection":[{"href":"https:\/\/www.uhu.es\/etsi\/wp-json\/wp\/v2\/posts"}],"about":[{"href":"https:\/\/www.uhu.es\/etsi\/wp-json\/wp\/v2\/types\/post"}],"author":[{"embeddable":true,"href":"https:\/\/www.uhu.es\/etsi\/wp-json\/wp\/v2\/users\/7"}],"replies":[{"embeddable":true,"href":"https:\/\/www.uhu.es\/etsi\/wp-json\/wp\/v2\/comments?post=16045"}],"version-history":[{"count":1,"href":"https:\/\/www.uhu.es\/etsi\/wp-json\/wp\/v2\/posts\/16045\/revisions"}],"predecessor-version":[{"id":16046,"href":"https:\/\/www.uhu.es\/etsi\/wp-json\/wp\/v2\/posts\/16045\/revisions\/16046"}],"wp:attachment":[{"href":"https:\/\/www.uhu.es\/etsi\/wp-json\/wp\/v2\/media?parent=16045"}],"wp:term":[{"taxonomy":"category","embeddable":true,"href":"https:\/\/www.uhu.es\/etsi\/wp-json\/wp\/v2\/categories?post=16045"},{"taxonomy":"post_tag","embeddable":true,"href":"https:\/\/www.uhu.es\/etsi\/wp-json\/wp\/v2\/tags?post=16045"}],"curies":[{"name":"wp","href":"https:\/\/api.w.org\/{rel}","templated":true}]}}